{"id":142333,"date":"2026-01-14T19:13:07","date_gmt":"2026-01-14T19:13:07","guid":{"rendered":"https:\/\/www.europesays.com\/fi\/142333\/"},"modified":"2026-01-14T19:13:07","modified_gmt":"2026-01-14T19:13:07","slug":"yhdysvallat-keskeyttaa-maahanmuuttoviisumien-myontamisen-75-maan-kansalaisille-uutisia-lyhyesti","status":"publish","type":"post","link":"https:\/\/www.europesays.com\/fi\/142333\/","title":{"rendered":"Yhdysvallat keskeytt\u00e4\u00e4 maahanmuuttoviisumien my\u00f6nt\u00e4misen 75 maan kansalaisille | Uutisia lyhyesti"},"content":{"rendered":"<p class=\"aw-1gybjub aw-5vja16 kEtdKx kmuxyA yle__article__paragraph\">Trumpin hallinto haluaa suosia eurooppalaista alkuper\u00e4\u00e4 olevia maahanmuuttajia.<\/p>\n<p class=\"aw-1gybjub aw-1p7kakr kEtdKx cEmitX yle__article__paragraph\">Yhdysvaltain ulkoministeri\u00f6 ilmoittaa keskeytt\u00e4v\u00e4ns\u00e4 maahanmuuttoviisumien my\u00f6nt\u00e4misen 75 maan kansalaisille.<\/p>\n<p class=\"aw-1gybjub aw-1p7kakr kEtdKx cEmitX yle__article__paragraph\">Keskeytys alkaa 21. tammikuuta, kertoo uutistoimisto AFP:n nimett\u00f6m\u00e4n\u00e4 pysyttelev\u00e4 l\u00e4hde. H\u00e4n ei kertonut, kuinka kauan keskeytys kest\u00e4\u00e4.<\/p>\n<p class=\"aw-1gybjub aw-1p7kakr kEtdKx cEmitX yle__article__paragraph\">Yhdysvallat on jo jonkin aikaa est\u00e4nyt viisumin saannin ihmisilt\u00e4, jotka todenn\u00e4k\u00f6isesti anoisivat sosiaalietuja. Nyt viisumikielto laajenee kokonaisiin kansakuntiin.<\/p>\n<p class=\"aw-1gybjub aw-1p7kakr kEtdKx cEmitX yle__article__paragraph\">\u2013 [Presidentti Donald] Trumpin hallinto lopettaa Yhdysvaltain maahanmuuttoj\u00e4rjestelm\u00e4n hyv\u00e4ksik\u00e4yt\u00f6n niilt\u00e4, jotka lyps\u00e4v\u00e4t rikkauksia Yhdysvaltain kansalta, ulkoministeri\u00f6n tiedottaja sanoi.<\/p>\n<p class=\"aw-1gybjub aw-1p7kakr kEtdKx cEmitX yle__article__paragraph\">Ministeri\u00f6 ei ole julkaissut kattavaa listaa kiellon kohteeksi joutuvista maista. AFP:n tietojen mukaan maiden joukossa ovat ainakin Ven\u00e4j\u00e4, Iran, Somalia, Brasilia, Nigeria, Irak ja Jemen.<\/p>\n<p class=\"aw-1gybjub aw-1p7kakr kEtdKx cEmitX yle__article__paragraph\">Trump on kannustanut varsinkin skandinaaveja muuttamaan Yhdysvaltoihin, kun taas somaleita jh\u00e4n on kutsunut \u201dsaastaksi\u201d ja kehottanut \u201dpainumaan sinne mist\u00e4 ovat tulleetkin\u201d.<\/p>\n<p class=\"aw-1gybjub aw-1p7kakr kEtdKx cEmitX yle__article__paragraph\">Viisumeja my\u00f6nnet\u00e4\u00e4n edelleen esimerkiksi turisteille ja liikematkailijoille, sek\u00e4 esimerkiksi ensi kes\u00e4n jalkapallokisojen katsojille.<\/p>\n<p class=\"aw-1gybjub aw-1p7kakr kEtdKx cEmitX yle__article__paragraph\">L\u00e4hteet: AFP, AP<\/p>\n","protected":false},"excerpt":{"rendered":"Trumpin hallinto haluaa suosia eurooppalaista alkuper\u00e4\u00e4 olevia maahanmuuttajia. Yhdysvaltain ulkoministeri\u00f6 ilmoittaa keskeytt\u00e4v\u00e4ns\u00e4 maahanmuuttoviisumien my\u00f6nt\u00e4misen 75 maan kansalaisille. Keskeytys&hellip;\n","protected":false},"author":2,"featured_media":74,"comment_status":"","ping_status":"","sticky":false,"template":"","format":"standard","meta":{"footnotes":""},"categories":[14],"tags":[22,23,26,27,33,31,30,17,24,25,28,29,15,18,21,32,19,20,56,16,59,60,61],"class_list":{"0":"post-142333","1":"post","2":"type-post","3":"status-publish","4":"format-standard","5":"has-post-thumbnail","7":"category-ulkomaat","8":"tag-breaking-news","9":"tag-breakingnews","10":"tag-featured-news","11":"tag-featurednews","12":"tag-fi","13":"tag-finland","14":"tag-finnish","15":"tag-headlines","16":"tag-latest-news","17":"tag-latestnews","18":"tag-main-news","19":"tag-mainnews","20":"tag-news","21":"tag-otsikot","22":"tag-paauutiset","23":"tag-suomi","24":"tag-top-stories","25":"tag-topstories","26":"tag-ulkomaat","27":"tag-uutiset","28":"tag-world","29":"tag-world-news","30":"tag-worldnews"},"share_on_mastodon":{"url":"https:\/\/pubeurope.com\/@fi\/115895049002425606","error":""},"_links":{"self":[{"href":"https:\/\/www.europesays.com\/fi\/wp-json\/wp\/v2\/posts\/142333","targetHints":{"allow":["GET"]}}],"collection":[{"href":"https:\/\/www.europesays.com\/fi\/wp-json\/wp\/v2\/posts"}],"about":[{"href":"https:\/\/www.europesays.com\/fi\/wp-json\/wp\/v2\/types\/post"}],"author":[{"embeddable":true,"href":"https:\/\/www.europesays.com\/fi\/wp-json\/wp\/v2\/users\/2"}],"replies":[{"embeddable":true,"href":"https:\/\/www.europesays.com\/fi\/wp-json\/wp\/v2\/comments?post=142333"}],"version-history":[{"count":0,"href":"https:\/\/www.europesays.com\/fi\/wp-json\/wp\/v2\/posts\/142333\/revisions"}],"wp:featuredmedia":[{"embeddable":true,"href":"https:\/\/www.europesays.com\/fi\/wp-json\/wp\/v2\/media\/74"}],"wp:attachment":[{"href":"https:\/\/www.europesays.com\/fi\/wp-json\/wp\/v2\/media?parent=142333"}],"wp:term":[{"taxonomy":"category","embeddable":true,"href":"https:\/\/www.europesays.com\/fi\/wp-json\/wp\/v2\/categories?post=142333"},{"taxonomy":"post_tag","embeddable":true,"href":"https:\/\/www.europesays.com\/fi\/wp-json\/wp\/v2\/tags?post=142333"}],"curies":[{"name":"wp","href":"https:\/\/api.w.org\/{rel}","templated":true}]}}