{"id":142334,"date":"2026-01-14T19:14:10","date_gmt":"2026-01-14T19:14:10","guid":{"rendered":"https:\/\/www.europesays.com\/fi\/142334\/"},"modified":"2026-01-14T19:14:10","modified_gmt":"2026-01-14T19:14:10","slug":"elokapinan-oikeudenkaynti-alkoi-metsahallitus-vaatii-noin-23-000-euron-korvauksia","status":"publish","type":"post","link":"https:\/\/www.europesays.com\/fi\/142334\/","title":{"rendered":"Elokapinan oikeudenk\u00e4ynti alkoi \u2013 Mets\u00e4hallitus vaatii noin 23\u202f000 euron korvauksia"},"content":{"rendered":"<p>Elokapina oikeudessa|Kaksip\u00e4iv\u00e4inen Mets\u00e4liikkeen oikeudenk\u00e4ynti alkoi Rovaniemell\u00e4 t\u00e4n\u00e4\u00e4n. Mets\u00e4hallituksen mets\u00e4talousyhti\u00f6 esitti l\u00e4hes 23\u202f000 euron korvausvaatimuksen hakkuita est\u00e4neille aktivisteille.<\/p>\n<p>Lue tiivistelm\u00e4<\/p>\n<p class=\"article-body mb-nof-24 px-nof-16 sndp-summary-bullet-point-font\">Lapin k\u00e4r\u00e4j\u00e4oikeus alkoi k\u00e4sitell\u00e4 Mets\u00e4liikkeen ja Elokapinan aktivistien oikeudenk\u00e4ynti\u00e4 Rovaniemell\u00e4 t\u00e4n\u00e4\u00e4n.<\/p>\n<p class=\"article-body mb-nof-24 px-nof-16 sndp-summary-bullet-point-font\">Mets\u00e4hallitus Mets\u00e4talous vaatii kahdeksalta aktivistilta vahingonkorvauksia, koska heid\u00e4n leiriytymisens\u00e4 viiv\u00e4stytti Aalistunturin hakkuita tammikuussa 2023.<\/p>\n<p class=\"article-body mb-nof-24 px-nof-16 sndp-summary-bullet-point-font\">Aktivisteja syytet\u00e4\u00e4n hallinnan loukkauksesta ja niskoittelusta, koska he k\u00e4yttiv\u00e4t luvatta valtion omistamaa tiet\u00e4 ja estiv\u00e4t mets\u00e4koneiden kulkemisen hakkuuty\u00f6maalle.<\/p>\n<p class=\"article-body mb-nof-24 px-nof-16 sndp-summary-bullet-point-font\">Mets\u00e4hallitus Mets\u00e4talous oy:n entinen toimitusjohtaja Jussi Kumpula m\u00e4\u00e4r\u00e4ttiin ulos oikeussalista, ja h\u00e4nt\u00e4 kuullaan my\u00f6hemmin todistajana.<\/p>\n<p class=\"article-body mb-nof-24 px-nof-16\">\u201dEp\u00e4reilulta tuntuu\u201d, totesi mets\u00e4aktivisti <a class=\"font-bold underline-offset-[0.12em] [text-decoration:var(--person-link-text-decoration)] ![text-decoration-color:var(--person-link-text-decoration-color)]\" href=\"https:\/\/www.hs.fi\/haku\/?query=Olli%20Holmen\" rel=\"nofollow noopener\" target=\"_blank\">Olli Holmen<\/a>, 33, Lapin k\u00e4r\u00e4j\u00e4oikeuden odotussalissa Rovaniemell\u00e4 keskiviikkoaamuna.<\/p>\n<p class=\"article-body mb-nof-24 px-nof-16\">\u201dMets\u00e4hallitus tekee paljon voittoa ja hakkaa metsi\u00e4 tosi rajulla k\u00e4dell\u00e4. Kun kansalaiset yritt\u00e4v\u00e4t suojella metsi\u00e4, heid\u00e4t haastetaan oikeuteen ja vaaditaan isoja korvauksia\u201d, Holmen sanoi.<\/p>\n<p class=\"article-body mb-nof-24 px-nof-16\">\u201dAktivismia ei tarvittaisi, jos viranomaiset hoitaisivat suojelun, johon ne ovat sitoutuneet. Nyt pelotellaan ja halutaan hiljent\u00e4\u00e4 suora kansalaistoiminta.\u201d<\/p>\n<p><img decoding=\"async\" src=\"https:\/\/www.europesays.com\/fi\/wp-content\/uploads\/2026\/01\/1768418048_343_468.jpg\" alt=\"Olli Holm\u00e9n.\" class=\"_Img_1rerz_1\" style=\"aspect-ratio:0.6666666666666666\" loading=\"eager\"\/><\/p>\n<p class=\"article-picture-caption\">Olli Holm\u00e9n. Kuva:\u00a0Matti Pietola \/ HS<\/p>\n<p class=\"article-body mb-nof-24 px-nof-16\">Holmen tiivisti useiden odotussaliin kokoontuneiden mietteet, kun Lapin k\u00e4r\u00e4j\u00e4oikeudessa alettiin puida kahta laajaa ymp\u00e4rist\u00f6mielenosoitusten kokonaisuutta. Ne liittyv\u00e4t L\u00e4nsi-Lapin Kolarissa sijaitsevan Aalistunturin mets\u00e4nhakkuisiin ja Sodankyl\u00e4n Viiankiaavan kaivoshankkeeseen.<\/p>\n<p class=\"article-body mb-nof-24 px-nof-16\">Syytettyin\u00e4 on kaikkiaan kahdeksan ymp\u00e4rist\u00f6liike Elokapinan ja Mets\u00e4liikkeen aktivistia.<\/p>\n<p class=\"article-body mb-nof-24 px-nof-16\">Aktivisteja syytet\u00e4\u00e4n niskoittelusta poliisia vastaan ja hallinnan loukkauksesta. Sill\u00e4 tarkoitetaan toisen hallinnassa olevan omaisuuden, esimerkiksi maa-alueen, luvatonta haltuunottoa tai k\u00e4ytt\u00f6\u00e4.<\/p>\n<p class=\"article-body mb-nof-24 px-nof-16\">Syytteen mukaan aktivistit k\u00e4yttiv\u00e4t luvatta Suomen valtion omistamaa tiet\u00e4 leiriytymiseen ja autojen pys\u00e4k\u00f6imiseen.<\/p>\n<p><img decoding=\"async\" src=\"https:\/\/www.europesays.com\/fi\/wp-content\/uploads\/2026\/01\/1768418048_750_468.jpg\" alt=\"Vastaajia edustava juristi Tuuli Talvinko (takana keskell\u00e4) ja aktivistit odottamassa istunnon jatkumista.\" class=\"_Img_1rerz_1\" style=\"aspect-ratio:1.5011727912431587\" loading=\"eager\"\/><\/p>\n<p class=\"article-picture-caption\">Vastaajia edustava juristi Tuuli Talvinko (takana keskell\u00e4) ja aktivistit odottamassa istunnon jatkumista. Kuva:\u00a0Matti Pietola \/ HS<\/p>\n<p class=\"article-body mb-nof-24 px-nof-16\">Syytteisiin liittyy mittava vahingonkorvausvaatimus. Mets\u00e4hallituksen mets\u00e4talousyhti\u00f6 vaatii aktivisteilta yhteisesti 22\u202f870 euron korvauksia korkoineen hakkuiden keskeytyksest\u00e4 Aalistunturilla.<\/p>\n<p class=\"article-body mb-nof-24 px-nof-16\">Korvausvaatimus perustuu siihen, ett\u00e4 aktivistien leiriytyminen hakkuualueelle johtavalla talvitiell\u00e4 viiv\u00e4stytti hakkuiden toteuttamista.<\/p>\n<p class=\"article-body mb-nof-24 px-nof-16\">Mets\u00e4hallitus Mets\u00e4talous oy:n mukaan t\u00e4m\u00e4 aiheutti taloudellista vahinkoa hakkuuyritt\u00e4jille ja sit\u00e4 kautta Mets\u00e4hallitukselle.<\/p>\n<p class=\"article-body mb-nof-24 px-nof-16\">Aktivistit kiist\u00e4v\u00e4t korvausvaatimuksen.<\/p>\n<p class=\"article-body mb-nof-24 px-nof-16\">\u201dTarkoitus ei ollut aiheuttaa taloudellista vahinkoa Mets\u00e4hallitukselle, vaan tarkoitus oli suojella sit\u00e4 mets\u00e4\u00e4\u201d, kertoi Aalistunturilla aiemmin luontokartoituksia tehnyt <a class=\"font-bold underline-offset-[0.12em] [text-decoration:var(--person-link-text-decoration)] ![text-decoration-color:var(--person-link-text-decoration-color)]\" href=\"https:\/\/www.hs.fi\/haku\/?query=Ida%20Korhonen\" rel=\"nofollow noopener\" target=\"_blank\">Ida Korhonen<\/a>.<\/p>\n<p class=\"article-body mb-nof-24 px-nof-16\">Korhonen joutui hakkuumielenosoitusten yhteydess\u00e4 kahdesti poliisin kiinni ottamaksi.<\/p>\n<p><img decoding=\"async\" src=\"https:\/\/www.europesays.com\/fi\/wp-content\/uploads\/2026\/01\/1768418048_718_468.jpg\" alt=\"Aamulla ensimm\u00e4isest\u00e4 istunnosta poistettu Jussi Kumpula, Mets\u00e4hallituksen Mets\u00e4talous oy:n entinen toimitusjohtaja, oikealla. Vasemmalla Mets\u00e4thallituksen juristi Timo M\u00e4enp\u00e4\u00e4. Keskell\u00e4 takana Olli Holm\u00e9n, yksi vastaajista.\" class=\"_Img_1rerz_1\" style=\"aspect-ratio:1.5\" loading=\"eager\"\/><\/p>\n<p class=\"article-picture-caption\">Aamulla ensimm\u00e4isest\u00e4 istunnosta poistettu Jussi Kumpula, Mets\u00e4hallituksen Mets\u00e4talous oy:n entinen toimitusjohtaja, oikealla. Vasemmalla Mets\u00e4thallituksen juristi Timo M\u00e4enp\u00e4\u00e4. Keskell\u00e4 takana Olli Holm\u00e9n, yksi vastaajista. Kuva:\u00a0Matti Pietola \/ HS<\/p>\n<p class=\"article-body mb-nof-24 px-nof-16\">Syytteist\u00e4 huolimatta k\u00e4r\u00e4j\u00e4oikeuden odotussalissa oli keskiviikkona suorastaan leppoisa puheensorina.<\/p>\n<p class=\"article-body mb-nof-24 px-nof-16\">Syytetyt tunsivat toisensa ja olivat olleet Aalistunturilla tammikuussa 2023 tiiviiss\u00e4 yhteydess\u00e4 paitsi mielenosoituksessa my\u00f6s putkassa.<\/p>\n<p class=\"article-body mb-nof-24 px-nof-16\">\u201dSe oli l\u00e4hent\u00e4v\u00e4 kokemus\u201d, sanoi <a class=\"font-bold underline-offset-[0.12em] [text-decoration:var(--person-link-text-decoration)] ![text-decoration-color:var(--person-link-text-decoration-color)]\" href=\"https:\/\/www.hs.fi\/haku\/?query=Mette%20Hartonen\" rel=\"nofollow noopener\" target=\"_blank\">Mette Hartonen<\/a>.<\/p>\n<p class=\"article-body mb-nof-24 px-nof-16\">K\u00e4r\u00e4j\u00e4oikeuteen saapui my\u00f6s Mets\u00e4hallitus Mets\u00e4talous oy:n toimitusjohtajana tapahtuma-aikaan toiminut <a class=\"font-bold underline-offset-[0.12em] [text-decoration:var(--person-link-text-decoration)] ![text-decoration-color:var(--person-link-text-decoration-color)]\" href=\"https:\/\/www.hs.fi\/haku\/?query=Jussi%20Kumpula\" rel=\"nofollow noopener\" target=\"_blank\">Jussi Kumpula<\/a>. H\u00e4n j\u00e4i el\u00e4kkeelle vuoden vaihteessa.<\/p>\n<p class=\"article-body mb-nof-24 px-nof-16\">El\u00e4kkeelle siirtynyt Kumpula ei kuitenkaan voinut edustaa Mets\u00e4hallitusta oikeudessa, joten h\u00e4net passitettiin ulos salista. H\u00e4nt\u00e4 kuultiin my\u00f6hemmin todistajana.<\/p>\n<p><img decoding=\"async\" src=\"https:\/\/images.sanoma-sndp.fi\/12564f619ddfbc326587082d9468fcb4.svg\" alt=\"\" class=\"_Img_1rerz_1\" style=\"aspect-ratio:0.48\" loading=\"eager\"\/><img decoding=\"async\" src=\"https:\/\/www.europesays.com\/fi\/wp-content\/uploads\/2026\/01\/1768418049_725_468.jpg\" alt=\"Hakkuut Aalistunturin etel\u00e4puolella alkoivat tammikuussa 2023.\" class=\"_Img_1rerz_1\" style=\"aspect-ratio:1.3333333333333333\" loading=\"eager\"\/><\/p>\n<p class=\"article-picture-caption\">Hakkuut Aalistunturin etel\u00e4puolella alkoivat tammikuussa 2023. Kuva:\u00a0Elokapina<\/p>\n<p class=\"article-body mb-nof-24 px-nof-16\">Aalistunturin mets\u00e4kiista k\u00e4rjistyi kolme vuotta sitten tammikuussa 2023. Kyse oli hakkuista alueella, jonne on ehdotettu kansallispuistoa.<\/p>\n<p class=\"article-body mb-nof-24 px-nof-16\">Mets\u00e4hallitus Mets\u00e4talous aloitti Aalistunturin etel\u00e4puolella hakkuut, jotka k\u00e4sittiv\u00e4t noin 400 hehtaaria.<\/p>\n<p class=\"article-body mb-nof-24 px-nof-16\">Mets\u00e4liikkeen aktivistit leiriytyiv\u00e4t alueelle. He vaativat Mets\u00e4hallitusta luopumaan hakkuista, kunnes ymp\u00e4rist\u00f6ministeri\u00f6 on k\u00e4sitellyt kansallispuistoesityksen.<\/p>\n<p class=\"article-body mb-nof-24 px-nof-16\">Mets\u00e4hallituksen mukaan hakkuut perustuivat lailliseen hakkuusuunnitelmaan. Aalistunturissa, luontokohteilla tai luonnonmetsiss\u00e4 ei tehty hakkuita.<\/p>\n<p class=\"article-body mb-nof-24 px-nof-16\">Tammikuussa 2023 aktivistit pystyttiv\u00e4t Aalistunturin kupeessa olevalle talvitielle puolijoukkueteltan. Leiriytyminen esti mets\u00e4koneiden kulkemisen hakkuuty\u00f6maalle.<\/p>\n<p class=\"article-body mb-nof-24 px-nof-16\">Pohjois-Suomen aluesyytt\u00e4j\u00e4n <a class=\"font-bold underline-offset-[0.12em] [text-decoration:var(--person-link-text-decoration)] ![text-decoration-color:var(--person-link-text-decoration-color)]\" href=\"https:\/\/www.hs.fi\/haku\/?query=Kimmo%20Vakkalan\" rel=\"nofollow noopener\" target=\"_blank\">Kimmo Vakkalan<\/a> mukaan leiriytyminen oli hallinnan loukkaus, joka esti Mets\u00e4hallitusta toteuttamasta laillisia hakkuita.<\/p>\n<p class=\"article-body mb-nof-24 px-nof-16\">T\u00e4m\u00e4n vuoksi Mets\u00e4hallitus Mets\u00e4talous vaatii aktivisteilta vahingonkorvauksia. Mets\u00e4hallituksen mukaan \u201dmielenosoittajat k\u00e4yttiv\u00e4t luvattomasti Suomen valtion omistamaa ja Mets\u00e4hallituksen hallinnassa olevaa tiealuetta\u201d.<\/p>\n<p class=\"article-body mb-nof-24 px-nof-16\">\u201dSopimusehtojen mukaisesti Mets\u00e4hallitus Mets\u00e4talous maksoi koneyritt\u00e4j\u00e4lle korvauksia, jotka ovat nyt vahingonkorvausten perusteena\u201d, perusteli Mets\u00e4hallituksen juristi <a class=\"font-bold underline-offset-[0.12em] [text-decoration:var(--person-link-text-decoration)] ![text-decoration-color:var(--person-link-text-decoration-color)]\" href=\"https:\/\/www.hs.fi\/haku\/?query=Timo%20M%C3%A4enp%C3%A4%C3%A4\" rel=\"nofollow noopener\" target=\"_blank\">Timo M\u00e4enp\u00e4\u00e4<\/a>.<\/p>\n<p class=\"article-body mb-nof-24 px-nof-16\">Entinen toimitusjohtaja Jussi Kumpula kertoi todistajana, ett\u00e4 korvaukset urakoitsijalle maksettiin erikseen m\u00e4\u00e4ritellyn tuntikorvauksen mukaisesti. Kahden p\u00e4iv\u00e4n lasku oli 22\u202f870 euroa.<\/p>\n<p><img decoding=\"async\" src=\"https:\/\/www.europesays.com\/fi\/wp-content\/uploads\/2026\/01\/1768418049_322_468.jpg\" alt=\"Mielenosoittajat estiv\u00e4t mets\u00e4koneiden p\u00e4\u00e4syn hakkuualueelle leiriytym\u00e4ll\u00e4 talvitielle.\" class=\"_Img_1rerz_1\" style=\"aspect-ratio:0.75\" loading=\"eager\"\/><\/p>\n<p class=\"article-picture-caption\">Mielenosoittajat estiv\u00e4t mets\u00e4koneiden p\u00e4\u00e4syn hakkuualueelle leiriytym\u00e4ll\u00e4 talvitielle. Kuva:\u00a0Elokapina<\/p>\n<p><img decoding=\"async\" src=\"https:\/\/www.europesays.com\/fi\/wp-content\/uploads\/2026\/01\/1768418049_489_468.jpg\" alt=\"Aktivistit keskeyttiv\u00e4t hakkuut kahdeksi p\u00e4iv\u00e4ksi tammikuussa 2023.\" class=\"_Img_1rerz_1\" style=\"aspect-ratio:1.3333333333333333\" loading=\"eager\"\/><\/p>\n<p class=\"article-picture-caption\">Aktivistit keskeyttiv\u00e4t hakkuut kahdeksi p\u00e4iv\u00e4ksi tammikuussa 2023. Kuva:\u00a0Elokapina<\/p>\n<p class=\"article-body mb-nof-24 px-nof-16\">Aktivisteja oikeudessa edustava <a class=\"font-bold underline-offset-[0.12em] [text-decoration:var(--person-link-text-decoration)] ![text-decoration-color:var(--person-link-text-decoration-color)]\" href=\"https:\/\/www.hs.fi\/haku\/?query=Tuuli%20Talvinko\" rel=\"nofollow noopener\" target=\"_blank\">Tuuli Talvinko<\/a> Lakiasiaintoimisto Maailmasta ihmetteli tulkintaa valtion tiealueesta \u201dMets\u00e4hallituksen yksityistien\u00e4\u201d ja kertoi pit\u00e4v\u00e4ns\u00e4 korvausvaatimusta uskomattomana.<\/p>\n<p class=\"article-body mb-nof-24 px-nof-16\">Talvingon mukaan Mets\u00e4hallitus yll\u00e4pit\u00e4\u00e4 talvitieverkostoa osana julkista teht\u00e4v\u00e4\u00e4ns\u00e4.<\/p>\n<p class=\"article-body mb-nof-24 px-nof-16\">\u201dYleisell\u00e4 katualueella saa j\u00e4rjest\u00e4\u00e4 mielenosoituksen ilman omistajan tai haltijan lupaa. Kyse on kokoontumisvapaudesta\u201d, h\u00e4n sanoi.<\/p>\n<p class=\"article-body mb-nof-24 px-nof-16\">\u201dOn paradoksaalinen ajatus, ett\u00e4 Suomen valtion julkinen tie m\u00e4\u00e4ritelt\u00e4isiin yksityisomaisuudeksi.\u201d<\/p>\n<p class=\"article-body mb-nof-24 px-nof-16\">Vahingonkorvausvaatimus puolestaan on Talvingon mukaan h\u00e4mment\u00e4v\u00e4, sill\u00e4 hakkuihin liittynyt julkinen urakkasopimus ei sis\u00e4ll\u00e4 korvausvelvollisuutta.<\/p>\n<p class=\"article-body mb-nof-24 px-nof-16\">Talvinko painotti, ett\u00e4 urakkasopimuksessa on maininta siit\u00e4, ett\u00e4 sopijapuolet eiv\u00e4t vastaa toisilleen aiheutuneista v\u00e4lillisist\u00e4 vahingoista.<\/p>\n<p class=\"article-body mb-nof-24 px-nof-16\">\u201dSopimus nimenomaan poistaa korvausvelvollisuuden Mets\u00e4hallitukselta v\u00e4lillisten vahinkojen osalta\u201d, Talviko sanoi.<\/p>\n<p class=\"article-body mb-nof-24 px-nof-16\">Mets\u00e4hallituksen M\u00e4enp\u00e4\u00e4n mukaan tulkinta on v\u00e4\u00e4r\u00e4, sill\u00e4 sopimuksen liitteess\u00e4 on korvausehto. Kumpulan mukaan vahinko oli v\u00e4lit\u00f6n ja korvausvelvollisuus olemassa.<\/p>\n<p><img decoding=\"async\" src=\"https:\/\/www.europesays.com\/fi\/wp-content\/uploads\/2026\/01\/1768418050_15_468.jpg\" alt=\"Etualalla harvennettua mets\u00e4\u00e4 ja tie, joka kulkee hakkuualueen l\u00e4pi. Suojelualue ja Aalistunturi j\u00e4\u00e4v\u00e4t oikealle, mutta eiv\u00e4t n\u00e4y tammikuussa 2023 otetussa kuvassa.\" class=\"_Img_1rerz_1\" style=\"aspect-ratio:1.5118110236220472\" loading=\"eager\"\/><\/p>\n<p class=\"article-picture-caption\">Etualalla harvennettua mets\u00e4\u00e4 ja tie, joka kulkee hakkuualueen l\u00e4pi. Suojelualue ja Aalistunturi j\u00e4\u00e4v\u00e4t oikealle, mutta eiv\u00e4t n\u00e4y tammikuussa 2023 otetussa kuvassa. Kuva:\u00a0Mets\u00e4hallitus<\/p>\n<p>Poliisi sahasi aktivistien puujalat poikki<img decoding=\"async\" src=\"https:\/\/www.europesays.com\/fi\/wp-content\/uploads\/2026\/01\/1768418050_512_468.jpg\" alt=\"\" class=\"_Img_1rerz_1\" style=\"aspect-ratio:1.5011727912431587\" loading=\"eager\"\/><\/p>\n<ul class=\"mb-nof-16 px-nof-16 article-unordered-list unordered-list\">\n<li class=\"unordered-list-item\">\n<p class=\"article-body\">Aalistunturin mets\u00e4kiista k\u00e4rjistyi tammikuussa 2023, kun Mets\u00e4hallitus aloitti hakkuut L\u00e4nsi-Lapin Kolarissa.<\/p>\n<\/li>\n<li class=\"unordered-list-item\">\n<p class=\"article-body\">Hakkuut toteutettiin alueella, jota on ehdotettu kansallispuistoksi.<\/p>\n<\/li>\n<li class=\"unordered-list-item\">\n<p class=\"article-body\">Mets\u00e4liike leiriytyi alueelle ja keskeytti hakkuut.<\/p>\n<\/li>\n<li class=\"unordered-list-item\">\n<p class=\"article-body\">Luonnonsuojelijoiden mukaan hakkuut pirstoivat luontoaluetta ja murensivat kansallispuistoesityksen pohjaa.<\/p>\n<\/li>\n<li class=\"unordered-list-item\">\n<p class=\"article-body\">Mets\u00e4hallituksen mukaan hakkuut perustuivat lailliseen hakkuusuunnitelmaan. Arvokkaat luontokohteet j\u00e4tettiin hakkaamatta.<\/p>\n<\/li>\n<li class=\"unordered-list-item\">\n<p class=\"article-body\">Poliisi otti aktivisteja kiinni useita kertoja ja lopulta sahasi aktivistien kolmemetriset puujalat poikki.<\/p>\n<\/li>\n<\/ul>\n<p class=\"article-body mb-nof-24 px-nof-16\">Sodankyl\u00e4ss\u00e4 sijaitsevan aapasuon Viiankiaavan kohdalla syytteen niskoittelusta sai yksi Aalistunturin aktivisteista, Ida Korhonen. H\u00e4n oli pys\u00e4ytt\u00e4m\u00e4ss\u00e4 kaivosyhti\u00f6n syv\u00e4kairauskontin toimintaa helmikuussa 2024.<\/p>\n<p class=\"article-body mb-nof-24 px-nof-16\">Puolustuksen mukaan kyseess\u00e4 oli pakkotila, jossa Korhosella ei ollut muuta mahdollisuutta est\u00e4\u00e4 kairauksia suojellulla luontoalueella.<\/p>\n<p class=\"article-body mb-nof-24 px-nof-16\">\u201dViiankiaapa on kaksinkertaisesti suojeltu, ja kaivoshanke on laiton. Kaikki mahdollinen on jo tehty, sill\u00e4 vahvat suojelulait ovat jo voimassa\u201d, Talvinko totesi.<\/p>\n<p class=\"article-body mb-nof-24 px-nof-16\">\u201dPakkotilas\u00e4\u00e4nn\u00f6ksen mukaan tekij\u00e4 on rangaistusvastuusta vapaa, jos tekij\u00e4lt\u00e4 ei kohtuudella olisi voinut vaatia muunlaista suhtautumista, kun otetaan huomioon pelastettavan edun t\u00e4rkeys, tilanteen yll\u00e4tyksellisyys ja pakottavuus sek\u00e4 muut seikat.\u201d<\/p>\n<p class=\"article-body mb-nof-24 px-nof-16\">Talvinko painotti lis\u00e4ksi, ett\u00e4 ulkomaisen kaivosyhti\u00f6n julkilausuttuna tavoitteena on painostaa Suomi muuttamaan lakejaan.<\/p>\n","protected":false},"excerpt":{"rendered":"Elokapina oikeudessa|Kaksip\u00e4iv\u00e4inen Mets\u00e4liikkeen oikeudenk\u00e4ynti alkoi Rovaniemell\u00e4 t\u00e4n\u00e4\u00e4n. Mets\u00e4hallituksen mets\u00e4talousyhti\u00f6 esitti l\u00e4hes 23\u202f000 euron korvausvaatimuksen hakkuita est\u00e4neille aktivisteille. Lue&hellip;\n","protected":false},"author":2,"featured_media":142335,"comment_status":"","ping_status":"","sticky":false,"template":"","format":"standard","meta":{"footnotes":""},"categories":[12],"tags":[22,23,26,27,33,31,30,17,46,24,25,28,29,15,18,21,32,19,20,16],"class_list":{"0":"post-142334","1":"post","2":"type-post","3":"status-publish","4":"format-standard","5":"has-post-thumbnail","7":"category-suomi","8":"tag-breaking-news","9":"tag-breakingnews","10":"tag-featured-news","11":"tag-featurednews","12":"tag-fi","13":"tag-finland","14":"tag-finnish","15":"tag-headlines","16":"tag-helsingin-sanomat","17":"tag-latest-news","18":"tag-latestnews","19":"tag-main-news","20":"tag-mainnews","21":"tag-news","22":"tag-otsikot","23":"tag-paauutiset","24":"tag-suomi","25":"tag-top-stories","26":"tag-topstories","27":"tag-uutiset"},"share_on_mastodon":{"url":"https:\/\/pubeurope.com\/@fi\/115895052878255695","error":""},"_links":{"self":[{"href":"https:\/\/www.europesays.com\/fi\/wp-json\/wp\/v2\/posts\/142334","targetHints":{"allow":["GET"]}}],"collection":[{"href":"https:\/\/www.europesays.com\/fi\/wp-json\/wp\/v2\/posts"}],"about":[{"href":"https:\/\/www.europesays.com\/fi\/wp-json\/wp\/v2\/types\/post"}],"author":[{"embeddable":true,"href":"https:\/\/www.europesays.com\/fi\/wp-json\/wp\/v2\/users\/2"}],"replies":[{"embeddable":true,"href":"https:\/\/www.europesays.com\/fi\/wp-json\/wp\/v2\/comments?post=142334"}],"version-history":[{"count":0,"href":"https:\/\/www.europesays.com\/fi\/wp-json\/wp\/v2\/posts\/142334\/revisions"}],"wp:featuredmedia":[{"embeddable":true,"href":"https:\/\/www.europesays.com\/fi\/wp-json\/wp\/v2\/media\/142335"}],"wp:attachment":[{"href":"https:\/\/www.europesays.com\/fi\/wp-json\/wp\/v2\/media?parent=142334"}],"wp:term":[{"taxonomy":"category","embeddable":true,"href":"https:\/\/www.europesays.com\/fi\/wp-json\/wp\/v2\/categories?post=142334"},{"taxonomy":"post_tag","embeddable":true,"href":"https:\/\/www.europesays.com\/fi\/wp-json\/wp\/v2\/tags?post=142334"}],"curies":[{"name":"wp","href":"https:\/\/api.w.org\/{rel}","templated":true}]}}