{"id":142340,"date":"2026-01-14T19:27:09","date_gmt":"2026-01-14T19:27:09","guid":{"rendered":"https:\/\/www.europesays.com\/fi\/142340\/"},"modified":"2026-01-14T19:27:09","modified_gmt":"2026-01-14T19:27:09","slug":"jari-saarion-soutu-sai-maria-veitolan-avaamaan-suunsa-ikava-seuraus","status":"publish","type":"post","link":"https:\/\/www.europesays.com\/fi\/142340\/","title":{"rendered":"Jari Saarion soutu sai Maria Veitolan avaamaan suunsa \u2013 Ik\u00e4v\u00e4 seuraus"},"content":{"rendered":"<p>Maria Veitola kertoo Instagram-tarinoissa saaneensa solvaavia viestej\u00e4.<\/p>\n<p><img decoding=\"async\" class=\"image image-show image-preview\" src=\"https:\/\/www.europesays.com\/fi\/wp-content\/uploads\/2025\/10\/f1bfa64b51095ae0f02d2cc2a4d604b5dc6b52199dcf2310da8575fb7910c328.jpg\" alt=\"\"\/><img decoding=\"async\" class=\"image image-show\" src=\"https:\/\/www.europesays.com\/fi\/wp-content\/uploads\/2025\/10\/1759305791_540_f1bfa64b51095ae0f02d2cc2a4d604b5dc6b52199dcf2310da8575fb7910c328.jpg\" alt=\"\"\/><\/p>\n<p>Maria Veitola antoi kritiikki\u00e4 suomalaiselle medialle viikonloppuna. Roosa Br\u00f6ijer<\/p>\n<p class=\"paragraph\">Juontaja <a href=\"https:\/\/www.iltalehti.fi\/henkilot\/Maria Veitola\" class=\"article-link-person-page\" rel=\"nofollow noopener\" target=\"_blank\">Maria Veitola<\/a> kertoo Instagram-tarinoissaan saaneensa solvaavia viestej\u00e4 sen j\u00e4lkeen, kun h\u00e4n arvosteli suomalaista mediaa yksinsoutaja <a href=\"https:\/\/www.iltalehti.fi\/henkilot\/Jari Saario\" class=\"article-link-person-page\" rel=\"nofollow noopener\" target=\"_blank\">Jari Saariota<\/a> koskevasta uutisoinnista.<\/p>\n<p class=\"paragraph\">Veitola kritisoi lauantaina Instagram-tarinoissaan suomalaista mediaa siit\u00e4, miten \u201dkovalla intensiteetill\u00e4\u201d Saarion merimatkaa on seurattu. Saario joutui perjantaina merih\u00e4t\u00e4\u00e4n matkallaan Chilen Kap Hornista Etel\u00e4-Afrikan Kapkaupunkiin.<\/p>\n<p class=\"paragraph\">\u2013 Totta kai min\u00e4kin haluan, ett\u00e4 h\u00e4n selvi\u00e4\u00e4, mutta siis t\u00e4ss\u00e4 tulee niin n\u00e4kyv\u00e4ksi kaikki se eriarvoisuus: kenen h\u00e4t\u00e4 on t\u00e4rke\u00e4\u00e4, ket\u00e4 autetaan, ket\u00e4 yritet\u00e4\u00e4n pelastaa, kenen puolesta rukoillaan, Veitola kirjoitti muun muassa lauantaina.<\/p>\n<p class=\"paragraph\">Veitola kertoo tiistaina julkaistussa uudessa Instagram-tarinassaan arvostelleensa mediaa, eik\u00e4 Saariota.<\/p>\n<p class=\"paragraph\">\u2013 Etsin itse lauantaina uutisia Iranin tilanteesta niit\u00e4 l\u00f6yt\u00e4m\u00e4tt\u00e4 ja postaus syntyi siit\u00e4 turhautumisesta, Veitola kirjoittaa.<\/p>\n<p class=\"paragraph\">Veitola kertoo my\u00f6s joutuneensa sulkemaan yksityisviestins\u00e4.<\/p>\n<p class=\"paragraph\">\u2013 Piti laittaa dm kiinni, kun alkoi t\u00e4\u00e4 huorittelu, jota pursuaa nyt feedinkin puolelle.<\/p>\n<p class=\"paragraph\">Veitola kirjoittaa, ett\u00e4 demokratiassa on t\u00e4rke\u00e4\u00e4 sanan- ja ilmaisunvapaus.<\/p>\n<p class=\"paragraph\">\u2013 Pidet\u00e4\u00e4n siit\u00e4 kiinni. Koitetaan siet\u00e4\u00e4 sit\u00e4, ettei olla aina samaa mielt\u00e4 tai ett\u00e4 eri asioihin saattaa olla eri n\u00e4k\u00f6kulmia.<\/p>\n<p class=\"paragraph\">\u2013 Mutta t\u00e4llainen loanhetitto, vihapuhe, maalitus ja solvaava huutelu ei ole sananvapautta. Se on vihapuhetta, jonka ainoa tarkoitus on pelotella ja hiljent\u00e4\u00e4. Sori, ei toimi muhun, Veitola p\u00e4\u00e4tt\u00e4\u00e4.<\/p>\n<p class=\"paragraph\">Instagram-tarinat ovat katsottavissa 24 tuntia julkaisustaan.<\/p>\n","protected":false},"excerpt":{"rendered":"Maria Veitola kertoo Instagram-tarinoissa saaneensa solvaavia viestej\u00e4. Maria Veitola antoi kritiikki\u00e4 suomalaiselle medialle viikonloppuna. Roosa Br\u00f6ijer Juontaja Maria&hellip;\n","protected":false},"author":2,"featured_media":142341,"comment_status":"","ping_status":"","sticky":false,"template":"","format":"standard","meta":{"footnotes":""},"categories":[136],"tags":[35,407,137,33,31,30,3128,408,979,32,8490,140,139,109],"class_list":{"0":"post-142340","1":"post","2":"type-post","3":"status-publish","4":"format-standard","5":"has-post-thumbnail","7":"category-julkkikset","8":"tag-24h","9":"tag-celebrities","10":"tag-entertainment","11":"tag-fi","12":"tag-finland","13":"tag-finnish","14":"tag-journalismi","15":"tag-julkkikset","16":"tag-sahkoinen-media","17":"tag-suomi","18":"tag-toimittajakunta","19":"tag-tv-ja-elokuvat","20":"tag-tv-ohjelmat","21":"tag-viihde"},"share_on_mastodon":{"url":"https:\/\/pubeurope.com\/@fi\/115895104058561346","error":""},"_links":{"self":[{"href":"https:\/\/www.europesays.com\/fi\/wp-json\/wp\/v2\/posts\/142340","targetHints":{"allow":["GET"]}}],"collection":[{"href":"https:\/\/www.europesays.com\/fi\/wp-json\/wp\/v2\/posts"}],"about":[{"href":"https:\/\/www.europesays.com\/fi\/wp-json\/wp\/v2\/types\/post"}],"author":[{"embeddable":true,"href":"https:\/\/www.europesays.com\/fi\/wp-json\/wp\/v2\/users\/2"}],"replies":[{"embeddable":true,"href":"https:\/\/www.europesays.com\/fi\/wp-json\/wp\/v2\/comments?post=142340"}],"version-history":[{"count":0,"href":"https:\/\/www.europesays.com\/fi\/wp-json\/wp\/v2\/posts\/142340\/revisions"}],"wp:featuredmedia":[{"embeddable":true,"href":"https:\/\/www.europesays.com\/fi\/wp-json\/wp\/v2\/media\/142341"}],"wp:attachment":[{"href":"https:\/\/www.europesays.com\/fi\/wp-json\/wp\/v2\/media?parent=142340"}],"wp:term":[{"taxonomy":"category","embeddable":true,"href":"https:\/\/www.europesays.com\/fi\/wp-json\/wp\/v2\/categories?post=142340"},{"taxonomy":"post_tag","embeddable":true,"href":"https:\/\/www.europesays.com\/fi\/wp-json\/wp\/v2\/tags?post=142340"}],"curies":[{"name":"wp","href":"https:\/\/api.w.org\/{rel}","templated":true}]}}