{"id":142342,"date":"2026-01-14T19:28:10","date_gmt":"2026-01-14T19:28:10","guid":{"rendered":"https:\/\/www.europesays.com\/fi\/142342\/"},"modified":"2026-01-14T19:28:10","modified_gmt":"2026-01-14T19:28:10","slug":"play-ryhmanayttely-tuo-kansainvalisen-valokuvataiteen-pekuriin-ja-kutsuu-katsomaan-maailmaa-uteliaammin-ongelmiakin-voi-ratkaista-leikin-avulla","status":"publish","type":"post","link":"https:\/\/www.europesays.com\/fi\/142342\/","title":{"rendered":"Play-ryhm\u00e4n\u00e4yttely tuo kansainv\u00e4lisen valokuvataiteen Pekuriin ja kutsuu katsomaan maailmaa uteliaammin \u2013 \u201cOngelmiakin voi ratkaista leikin avulla\u201d"},"content":{"rendered":"<p>    <img decoding=\"async\" class=\"responsive-image article__image-image lozad\"   src=\"https:\/\/www.europesays.com\/fi\/wp-content\/uploads\/2026\/01\/V1g4dFEXl3xGr8z5Mw_XAqYZjd-Dy3bKCDgTzwjQ7rsQfUyyjWSe68u74NtJNvOMTA41SFnBb0YBvCyTN80X9_XyFBDhPzqLoe9E.jpeg\" alt=\"Tallinnan Fotografiska-taidekeskuksen br\u00e4ndijohtaja Jorven Viilik k\u00e4vi ensi kertaa Oulussa Play-ryhm\u00e4n\u00e4yttely\u00e4 ty\u00f6st\u00e4ess\u00e4\u00e4n. \u201dLeikki tarkoittaa minulle sit\u00e4, ett\u00e4 antaa itsens\u00e4 tutkia ja l\u00f6yt\u00e4\u00e4 asioita. Silloin huomaa, kuinka kaikki liittyy yhteen.\u201d\"\/><\/p>\n<p>\n                Tallinnan Fotografiska-taidekeskuksen br\u00e4ndijohtaja Jorven Viilik k\u00e4vi ensi kertaa Oulussa Play-ryhm\u00e4n\u00e4yttely\u00e4 ty\u00f6st\u00e4ess\u00e4\u00e4n. \u201dLeikki tarkoittaa minulle sit\u00e4, ett\u00e4 antaa itsens\u00e4 tutkia ja l\u00f6yt\u00e4\u00e4 asioita. Silloin huomaa, kuinka kaikki liittyy yhteen.\u201d\n              <\/p>\n<p>\n                Kuva: Linnea Laatikainen\n              <\/p>\n<p class=\"article__paragraph\">\n      \u201cJossain vaiheessa el\u00e4m\u00e4\u00e4 p\u00e4\u00e4t\u00e4mme, ett\u00e4 tied\u00e4mme jo tarpeeksi siit\u00e4, miten maailma toimii. Luomme mieleemme kaikenlaisia kuviteltuja rajoja, miten asiat pit\u00e4\u00e4 tehd\u00e4\u201d, sanoo kauppakortteli Pekuriin saapuvan Play-ryhm\u00e4n\u00e4yttelyn kuraattori Jorven Viilik.\n    <\/p>\n<p class=\"article__paragraph\">\n      N\u00e4yttelyn tuo Ouluun Fotografiska Tallinn, joka on nykytaiteen, valokuvataiteen ja kulttuurin keskus.\n    <\/p>\n<p class=\"article__paragraph\">\n      Viilik kuvailee, kuinka lapset etsiv\u00e4t leikin avulla suhdettaan ymp\u00e4rist\u00f6\u00f6ns\u00e4 ja muihin ihmisiin. Heill\u00e4 ei ole mit\u00e4\u00e4n ennakkok\u00e4sityksi\u00e4, vaan he oppivat leikkiess\u00e4\u00e4n. Jossain vaiheessa el\u00e4m\u00e4\u00e4 monet ihmiset lopettavat leikkimisen. Kun aikuisena avaamme mielemme uudestaan samanlaiselle uteliaisuudelle, saamme el\u00e4m\u00e4\u00e4mme lis\u00e4\u00e4 leikki\u00e4 ja voimme vapautua jumiutuneista tavoista ajatella.\n    <\/p>\n<p class=\"article__paragraph\">\n      \u201cT\u00e4rke\u00e4\u00e4 on opetella tunnistamaan hetket, joissa el\u00e4m\u00e4\u00e4ns\u00e4 voi suhtautua leikkisyydell\u00e4.\u201d\n    <\/p>\n<p class=\"article__paragraph\">\n      Esimerkiksi kun tulee jokin ongelmatilanne ja tuntee olevansa solmussa, voi tietoisesti p\u00e4\u00e4st\u00e4\u00e4 irti ja tarkkailla asiaa kokonaan avoimin mielin. Se on leikkisyytt\u00e4.\n    <\/p>\n<p>      Ajattelun vapaus<\/p>\n<p class=\"article__paragraph\">\n      Viilik kuvailee, ett\u00e4 h\u00e4nelle itselleen leikkis\u00e4t hetket ovat niit\u00e4, joissa h\u00e4n unohtaa itsens\u00e4 ja kaiken muun. Samalla se tarkoittaa uteliaisuutta ja vapautta p\u00e4\u00e4tt\u00e4\u00e4 itse oma n\u00e4k\u00f6kulmansa.\n    <\/p>\n<p class=\"article__paragraph\">\n      H\u00e4n vertaa vapautta siihen, mit\u00e4 monet meist\u00e4 muistavat omista leikkipuistoleikeist\u00e4\u00e4n lapsena.\n    <\/p>\n<p class=\"article__paragraph\">\n      \u201cLapset k\u00e4ytt\u00e4v\u00e4t leikkipuiston laitteita harvoin juuri niin, kuin mihin aikuiset ne tarkoittivat. He kiipe\u00e4v\u00e4tkin liukum\u00e4en yl\u00f6s, koska se on kiinnostavampaa. Hiljaiset nurkat muuttuvat uusiksi maailmoiksi\u201d, Viilik sanoo.\n    <\/p>\n<p class=\"article__paragraph\">\n      Samoin my\u00f6s Play-ryhm\u00e4n\u00e4yttelyn ytimess\u00e4 on sen huomaaminen, ett\u00e4 maailma on joustavampi kuin milt\u00e4 se ensin n\u00e4ytt\u00e4\u00e4. Itselleen voi antaa luvan kohdata maailma tuolla joustavuudella, miss\u00e4 tahansa i\u00e4ss\u00e4 ja my\u00f6s silloin, kun el\u00e4m\u00e4ss\u00e4 on raskaampia vaiheita.\n    <\/p>\n<p class=\"article__paragraph\">\n      Viilikin tavoitteena on, ett\u00e4 Play-ryhm\u00e4n\u00e4yttely j\u00e4\u00e4 l\u00e4mpim\u00e4sti kummittelemaan k\u00e4vij\u00e4\u00e4ns\u00e4.\n    <\/p>\n<p class=\"article__paragraph\">\n      \u201cHaluaisin, ett\u00e4 ihminen iltateet\u00e4\u00e4n nauttiessaan huomaa, ett\u00e4 jotain n\u00e4yttelyst\u00e4 on j\u00e4\u00e4nyt h\u00e4neen. Tai kun h\u00e4nelle tulee arjessa vastaan jokin tilanne, h\u00e4n muistaa samalla ajatuksen, jota h\u00e4n mietti n\u00e4yttelyss\u00e4 k\u00e4ydess\u00e4\u00e4n\u201d, Viilik sanoo.\n    <\/p>\n<p>    <img decoding=\"async\" class=\"responsive-image article__image-image lozad\"   src=\"https:\/\/www.europesays.com\/fi\/wp-content\/uploads\/2026\/01\/K4nZ6fU7h7Kq7aIaFUKG_ljh5cgyBrMasWUDJBLryZbSjwPvvLhv5zjfQ8trSei3kl5PnNbDP_6EMhdK8mpxJttGzPeDerZBqY4z.jpeg\" alt=\"Fotografiska Tallinnan n\u00e4yttelyp\u00e4\u00e4llikk\u00f6 Maarja Loorents, br\u00e4ndijohtaja Jorven Viilik ja johtaja Margit Aasm\u00e4e halusivat n\u00e4yttelyn liittyv\u00e4n siihen, miten ihmiset toimivat toistensa kanssa.\"\/><\/p>\n<p>\n                Fotografiska Tallinnan n\u00e4yttelyp\u00e4\u00e4llikk\u00f6 Maarja Loorents, br\u00e4ndijohtaja Jorven Viilik ja johtaja Margit Aasm\u00e4e halusivat n\u00e4yttelyn liittyv\u00e4n siihen, miten ihmiset toimivat toistensa kanssa.\n              <\/p>\n<p>\n                Kuva: Linnea Laatikainen\n              <\/p>\n<p>      17 taiteilijaa mukana<\/p>\n<p class=\"article__paragraph\">\n      Play-valokuvan\u00e4yttely on esill\u00e4 kauppakortteli Pekurin toisessa kerroksessa 14. tammikuuta alkaen vuoden loppuun. Ryhm\u00e4n\u00e4yttelyn on toteuttanut 17 eri kansainv\u00e4list\u00e4 taiteilijaa ja yksi s\u00e4velt\u00e4j\u00e4. Viilik on n\u00e4yttelyn kuraattori eli h\u00e4n on valinnut teokset ja huolehtii n\u00e4yttelyn sis\u00e4ll\u00f6llisest\u00e4 linjasta.\n    <\/p>\n<p class=\"article__paragraph\">\n      Ryhm\u00e4n\u00e4yttelyn kokonaisuutta suunnitellessaan Viilik halusi, ett\u00e4 sen taitelijat olisivat mahdollisimman erilaisia kesken\u00e4\u00e4n. Taiteilijaryhm\u00e4 ei koostu pelk\u00e4st\u00e4\u00e4n miehist\u00e4 tai pelk\u00e4st\u00e4\u00e4n naisista, ja taiteilijat ovat kesken\u00e4\u00e4n eri ik\u00e4isi\u00e4.\n    <\/p>\n<p class=\"article__paragraph\">\n      Kotoisin he ovat eri maista, muun muassa Suomesta, Virosta, USA:sta, Italiasta, Etel\u00e4-Afrikasta, Britanniasta ja Puolasta. Osa taiteilijoista on alansa suuria nimi\u00e4, siis heit\u00e4, jotka mainitaan taideoppikirjoissa, osa taas on vasta taiteilijanuransa varhaisessa vaiheessa.\n    <\/p>\n<p>\u201cEn halunnut, ett\u00e4 kaikki taiteilijat tulevat saman kuplan sis\u00e4lt\u00e4, vaan t\u00e4ht\u00e4sin n\u00e4k\u00f6kulmien ja ajatusten moninaisuuteen.\u201d<\/p>\n<p>\n                Jorven Viilik\n              <\/p>\n<p>\n                  Play-ryhm\u00e4n\u00e4yttelyn kuraattori\n                <\/p>\n<p class=\"article__paragraph\">\n      Monipuolinen n\u00e4yttely on valokuvan\u00e4yttely, mutta mukana on muutakin: my\u00f6s yll\u00e4tyksi\u00e4, ja k\u00e4vij\u00e4 p\u00e4\u00e4see kokemaan jotakin interaktiivista.\n    <\/p>\n<p class=\"article__paragraph\">\n      Fotografiska Tallinnan tiimi ty\u00f6skenteli ryhm\u00e4n\u00e4yttelyn parissa liki kahden vuoden ajan. Ajatus sai alkunsa, kun Oulu2026-tiimi n\u00e4ki Fotografiska Tallinnan installaation Stokmannin tavaratalossa Helsingiss\u00e4. N\u00e4yttely k\u00e4sitteli tuolloin ihmisten suhdetta heid\u00e4n rakkaisiin tavaroihinsa. Tiimi kysyi, voisiko Fotografiska Tallinn tehd\u00e4 jotakin my\u00f6s Oululle.\n    <\/p>\n<p class=\"article__paragraph\">\n      \u201cHalusimme n\u00e4yttelymme liittyv\u00e4n jotenkin siihen, miten ihmiset toimivat toistensa kanssa. Sen piti liitty\u00e4 my\u00f6s Oulu2026-teemaan, joka on kulttuuri-ilmastonmuutos. Ja niin meille tuli mieleen leikki.\u201d\n    <\/p>\n<p>    <img decoding=\"async\" class=\"responsive-image article__image-image lozad\"   src=\"https:\/\/www.europesays.com\/fi\/wp-content\/uploads\/2026\/01\/IccqVQlEHWyM4fKe93paUbpbdM5J4v_uDQssOr2l8-m_exr-OnikOLm1GEUKnMNKN4noA2fUnjZSTJlQ2AorwrnwpSSpOCfdv8JN.jpeg\" alt=\"Kauppakortteli Pekuriin saapuvan Play-ryhm\u00e4n\u00e4yttelyn kuraattori Jorven Viilik haluaa taiteen olevan kaikille helposti saatavilla ja koskettavan kaikkia.\"\/><\/p>\n<p>\n                Kauppakortteli Pekuriin saapuvan Play-ryhm\u00e4n\u00e4yttelyn kuraattori Jorven Viilik haluaa taiteen olevan kaikille helposti saatavilla ja koskettavan kaikkia.\n              <\/p>\n<p>\n                Kuva: Linnea Laatikainen\n              <\/p>\n<p>      Saavutettavaa taidetta<\/p>\n<p class=\"article__paragraph\">\n      Pekurin kauppakortteli valikoitui n\u00e4yttelypaikaksi, kun yl\u00e4kerta vapautui takaisin k\u00e4ytt\u00f6\u00f6n Oulun kaupunginkirjastolta.\n    <\/p>\n<p class=\"article__paragraph\">\n      \u201cKuulimme, ett\u00e4 Suomessa kauppakeskukset ovat kohtaamispaikkoja, kun Virossa niit\u00e4 on totuttu katsomaan vain k\u00e4yt\u00e4nn\u00f6llisest\u00e4 kulmasta. Fotografiskan n\u00e4yttely kauppakeskuksessa, miksi ei? On kiva tuoda n\u00e4yttely kohtaamispaikalle.\u201d\n    <\/p>\n<p class=\"article__paragraph\">\n      Sit\u00e4 paitsi Fotografiska Tallinn haluaa taiteen olevan kaikille helposti saatavilla ja koskettavan kaikkia. Taide ei kuulu vain hienommalle v\u00e4elle, eik\u00e4 taiteen katsomisen tarvitse olla spektaakkeli, johon menem\u00e4ll\u00e4 menn\u00e4\u00e4n. Kauppakortteli Pekuri sopii t\u00e4h\u00e4n tavoitteeseen hyvin.\n    <\/p>\n<p>    <img decoding=\"async\" class=\"responsive-image article__image-image lozad\"   src=\"https:\/\/www.europesays.com\/fi\/wp-content\/uploads\/2026\/01\/ya8wAK3nP9nf95cpQnahCvETQp66AWvHQXv1pkKu9vckDBLKF9sq5yZSAJDshrZtviMH4HmgogWDjYWHO7AkZmCOcw6-I4Ifx4IC.jpeg\" alt=\"N\u00e4yttelyn \u00e4\u00e4nisuunnittelusta vastaa muusikko Erki P\u00e4rnoja, joka on indiemusiikin yst\u00e4ville tuttu Ewert and the Two Dragons -yhtyeest\u00e4.\"\/><\/p>\n<p>\n                N\u00e4yttelyn \u00e4\u00e4nisuunnittelusta vastaa muusikko Erki P\u00e4rnoja, joka on indiemusiikin yst\u00e4ville tuttu Ewert and the Two Dragons -yhtyeest\u00e4.\n              <\/p>\n<p>\n                Kuva: Pia Kuha\n              <\/p>\n<p class=\"article__paragraph\">\n      Oulussa Viilik on k\u00e4ynyt ensimm\u00e4ist\u00e4 kertaa n\u00e4yttely\u00e4 ty\u00f6st\u00e4ess\u00e4\u00e4n. H\u00e4n pit\u00e4\u00e4 kaupungin tunnelmaa kiireett\u00f6m\u00e4n\u00e4 ja on ollut iloinen l\u00e4mm\u00f6st\u00e4, jolla h\u00e4net on otettu kaupungissa vastaan. Yhteisty\u00f6kumppanikin ovat tarjonneet l\u00e4mpim\u00e4sti apuaan.\n    <\/p>\n<p class=\"article__paragraph\">\n      Leikkis\u00e4n\u00e4 yksityiskohtana Viilikia vieh\u00e4tt\u00e4\u00e4 Oulussa Uusikatu 24:ss\u00e4 sijaitsevan \u201dpaska kaupunni\u201d -graffitin tarina. H\u00e4n pit\u00e4\u00e4 siit\u00e4, ett\u00e4 teksti on syntynyt suunnittelematta ja luonnollisesti. Ihmiset ovat vain tehneet sen, ja sitten siit\u00e4 on tullut yhteinen juttu.\n    <\/p>\n<p class=\"article__paragraph\">\n      \u201cTekstiss\u00e4 on paljon nurinkurista. V\u00e4\u00e4rin kirjoitettu kaupunki-sana, ruma sana\u2026 siin\u00e4 on niin paljon vinksallaan, ett\u00e4 se venytt\u00e4\u00e4 ajattelun rajoja. Ja juuri sit\u00e4 taiteen ja leikin pit\u00e4\u00e4kin tehd\u00e4.\u201d\n    <\/p>\n<p class=\"article__paragraph\">\n      Play-n\u00e4yttelyavajaisia vietet\u00e4\u00e4n keskiviikkona 14.1. klo 12\u201314 ja avajaisiin on vapaa p\u00e4\u00e4sy.\n    <\/p>\n<p class=\"article__paragraph\">\n      <a class=\"js-external-link\" href=\"https:\/\/oulu2026.eu\/tapahtuma\/?localhub_page_id=68b5351492869a2b11fc183e&amp;localhub_origin_widget_id=68b8173b293bba2705b9d6ac\" rel=\"sponsored nofollow noopener\" target=\"_blank\">Lue lis\u00e4\u00e4 tapahtumasta t\u00e4\u00e4lt\u00e4.<\/a>\n    <\/p>\n<p>Luitko jo?<\/p>\n<p>      Nappaa kiinnostavat t\u00e4rpit Oulu2026-mediasta<\/p>\n","protected":false},"excerpt":{"rendered":"Tallinnan Fotografiska-taidekeskuksen br\u00e4ndijohtaja Jorven Viilik k\u00e4vi ensi kertaa Oulussa Play-ryhm\u00e4n\u00e4yttely\u00e4 ty\u00f6st\u00e4ess\u00e4\u00e4n. \u201dLeikki tarkoittaa minulle sit\u00e4, ett\u00e4 antaa itsens\u00e4&hellip;\n","protected":false},"author":2,"featured_media":142343,"comment_status":"","ping_status":"","sticky":false,"template":"","format":"standard","meta":{"footnotes":""},"categories":[135],"tags":[389,387,388,390,137,33,31,30,32,394,393,391,392,109],"class_list":{"0":"post-142342","1":"post","2":"type-post","3":"status-publish","4":"format-standard","5":"has-post-thumbnail","7":"category-taiteet-ja-suunnittelu","8":"tag-arts","9":"tag-arts-and-design","10":"tag-artsanddesign","11":"tag-design","12":"tag-entertainment","13":"tag-fi","14":"tag-finland","15":"tag-finnish","16":"tag-suomi","17":"tag-suunnittelu","18":"tag-taiteet","19":"tag-taiteet-ja-suunnittelu","20":"tag-taiteetsuunnittelu","21":"tag-viihde"},"share_on_mastodon":{"url":"https:\/\/pubeurope.com\/@fi\/115895107822172015","error":""},"_links":{"self":[{"href":"https:\/\/www.europesays.com\/fi\/wp-json\/wp\/v2\/posts\/142342","targetHints":{"allow":["GET"]}}],"collection":[{"href":"https:\/\/www.europesays.com\/fi\/wp-json\/wp\/v2\/posts"}],"about":[{"href":"https:\/\/www.europesays.com\/fi\/wp-json\/wp\/v2\/types\/post"}],"author":[{"embeddable":true,"href":"https:\/\/www.europesays.com\/fi\/wp-json\/wp\/v2\/users\/2"}],"replies":[{"embeddable":true,"href":"https:\/\/www.europesays.com\/fi\/wp-json\/wp\/v2\/comments?post=142342"}],"version-history":[{"count":0,"href":"https:\/\/www.europesays.com\/fi\/wp-json\/wp\/v2\/posts\/142342\/revisions"}],"wp:featuredmedia":[{"embeddable":true,"href":"https:\/\/www.europesays.com\/fi\/wp-json\/wp\/v2\/media\/142343"}],"wp:attachment":[{"href":"https:\/\/www.europesays.com\/fi\/wp-json\/wp\/v2\/media?parent=142342"}],"wp:term":[{"taxonomy":"category","embeddable":true,"href":"https:\/\/www.europesays.com\/fi\/wp-json\/wp\/v2\/categories?post=142342"},{"taxonomy":"post_tag","embeddable":true,"href":"https:\/\/www.europesays.com\/fi\/wp-json\/wp\/v2\/tags?post=142342"}],"curies":[{"name":"wp","href":"https:\/\/api.w.org\/{rel}","templated":true}]}}