{"id":142346,"date":"2026-01-14T19:31:11","date_gmt":"2026-01-14T19:31:11","guid":{"rendered":"https:\/\/www.europesays.com\/fi\/142346\/"},"modified":"2026-01-14T19:31:11","modified_gmt":"2026-01-14T19:31:11","slug":"tassa-ovat-suomen-umk-artistit-2026","status":"publish","type":"post","link":"https:\/\/www.europesays.com\/fi\/142346\/","title":{"rendered":"T\u00e4ss\u00e4 ovat Suomen UMK-artistit 2026"},"content":{"rendered":"<p>UMK|Uuden Musiikin Kilpailun voittaja sitoutuu edustamaan Suomea Euroviisuissa. HS kysyi, haluavatko kilpailijat voittaa UMK:n.<\/p>\n<p>Lue tiivistelm\u00e4<\/p>\n<p class=\"article-body mb-nof-24 px-nof-16 sndp-summary-bullet-point-font\">Yle julkisti keskiviikkona t\u00e4m\u00e4n vuoden Uuden Musiikin Kilpailun seitsem\u00e4n kilpailijaa, joista voittaja edustaa Suomea Euroviisuissa.<\/p>\n<p class=\"article-body mb-nof-24 px-nof-16 sndp-summary-bullet-point-font\">Mukana ovat muun muassa r\u00e4pp\u00e4ri Etta, viulisti Linda Lampenius ja laulaja Pete Parkkonen sek\u00e4 iskelm\u00e4yhtye Komiat.<\/p>\n<p class=\"article-body mb-nof-24 px-nof-16 sndp-summary-bullet-point-font\">UMK:n viestinn\u00e4st\u00e4 vastaava Juhani Lassila pyysi lehdist\u00f6tilaisuudessa toimittajia j\u00e4tt\u00e4m\u00e4\u00e4n politiikan v\u00e4hemm\u00e4lle ja keskittym\u00e4\u00e4n musiikkiin.<\/p>\n<p class=\"article-body mb-nof-24 px-nof-16 sndp-summary-bullet-point-font\">Viisi maata on vet\u00e4ytynyt Euroviisuista boikotoidakseen Israelin osallistumista, ja osa artisteista ilmaisi ymm\u00e4rt\u00e4v\u00e4ns\u00e4 p\u00e4\u00e4t\u00f6st\u00e4.<\/p>\n<p class=\"article-body mb-nof-24 px-nof-16\">T\u00e4m\u00e4n vuoden Uuden Musiikin Kilpailijat (UMK) on julkistettu.<\/p>\n<p class=\"article-body mb-nof-24 px-nof-16\">Mukana ovat duona esiintyv\u00e4 viulisti <a class=\"font-bold underline-offset-[0.12em] [text-decoration:var(--person-link-text-decoration)] ![text-decoration-color:var(--person-link-text-decoration-color)]\" href=\"https:\/\/www.hs.fi\/haku\/?query=Linda%20Lampenius\" rel=\"nofollow noopener\" target=\"_blank\">Linda Lampenius<\/a> sek\u00e4 laulaja <a class=\"font-bold underline-offset-[0.12em] [text-decoration:var(--person-link-text-decoration)] ![text-decoration-color:var(--person-link-text-decoration-color)]\" href=\"https:\/\/www.hs.fi\/haku\/?query=Pete%20Parkkonen\" rel=\"nofollow noopener\" target=\"_blank\">Pete Parkkonen<\/a>, iskelm\u00e4yhtye Komiat, hanuritaiteilija <a class=\"font-bold underline-offset-[0.12em] [text-decoration:var(--person-link-text-decoration)] ![text-decoration-color:var(--person-link-text-decoration-color)]\" href=\"https:\/\/www.hs.fi\/haku\/?query=Antti%20Paalanen\" rel=\"nofollow noopener\" target=\"_blank\">Antti Paalanen<\/a>, tanssijana ja koreografina tunnettu <a class=\"font-bold underline-offset-[0.12em] [text-decoration:var(--person-link-text-decoration)] ![text-decoration-color:var(--person-link-text-decoration-color)]\" href=\"https:\/\/www.hs.fi\/haku\/?query=Chachi%20Hild%C3%A9n\" rel=\"nofollow noopener\" target=\"_blank\">Chachi Hild\u00e9n<\/a>, r\u00e4pp\u00e4ri <a class=\"font-bold underline-offset-[0.12em] [text-decoration:var(--person-link-text-decoration)] ![text-decoration-color:var(--person-link-text-decoration-color)]\" href=\"https:\/\/www.hs.fi\/haku\/?query=Etta\" rel=\"nofollow noopener\" target=\"_blank\">Etta<\/a>, popartisti <a class=\"font-bold underline-offset-[0.12em] [text-decoration:var(--person-link-text-decoration)] ![text-decoration-color:var(--person-link-text-decoration-color)]\" href=\"https:\/\/www.hs.fi\/haku\/?query=Kiki\" rel=\"nofollow noopener\" target=\"_blank\">Kiki<\/a> ja laulaja <a class=\"font-bold underline-offset-[0.12em] [text-decoration:var(--person-link-text-decoration)] ![text-decoration-color:var(--person-link-text-decoration-color)]\" href=\"https:\/\/www.hs.fi\/haku\/?query=Sinikka%20Monte\" rel=\"nofollow noopener\" target=\"_blank\">Sinikka Monte<\/a>.<\/p>\n<p class=\"article-body mb-nof-24 px-nof-16\">Yle julkisti artistit keskiviikkoiltana TV1:n suorassa l\u00e4hetyksess\u00e4, vaikka tieto ehti karata julkisuuteen jo p\u00e4iv\u00e4\u00e4 aiemmin.<\/p>\n<p class=\"article-body mb-nof-24 px-nof-16\">Sosiaalisessa mediassa kiersi tiistaina ruutukaappaus Etan Instagram-p\u00e4ivityksest\u00e4, jossa n\u00e4kyi UMK-artistien yhteiskuva.<\/p>\n<p class=\"article-body mb-nof-24 px-nof-16\">Etta, oikealta nimelt\u00e4\u00e4n <a class=\"font-bold underline-offset-[0.12em] [text-decoration:var(--person-link-text-decoration)] ![text-decoration-color:var(--person-link-text-decoration-color)]\" href=\"https:\/\/www.hs.fi\/haku\/?query=Emmalotta%20Kanth\" rel=\"nofollow noopener\" target=\"_blank\">Emmalotta Kanth<\/a>, kertoo HS:lle, ett\u00e4 kyseess\u00e4 oli inhimillinen virhe. H\u00e4n oli ajastanut julkaisun v\u00e4\u00e4r\u00e4lle p\u00e4iv\u00e4lle. Kanth on pyyt\u00e4nyt tapahtunutta anteeksi kilpailun j\u00e4rjest\u00e4jilt\u00e4 ja muilta osallistujilta.<\/p>\n<p class=\"article-body mb-nof-24 px-nof-16\">\u201dVuoden p\u00e4\u00e4st\u00e4, kun mut kysyt\u00e4\u00e4n, ett\u00e4 mik\u00e4 on sun el\u00e4m\u00e4n pahin moka, niin tied\u00e4n, mit\u00e4 vastata\u201d, Kanth totesi HS:lle UMK:n lehdist\u00f6tilaisuudessa.<\/p>\n<p class=\"article-body mb-nof-24 px-nof-16\">Ylen ja UMK:n edustajat painottivat keskiviikkona j\u00e4rjestetyss\u00e4 lehdist\u00f6tilaisuudessa, ett\u00e4 artistit ovat julkista tietoa vasta televisiol\u00e4hetyksen j\u00e4lkeen. UMK:n viestinn\u00e4st\u00e4 vastaava <a class=\"font-bold underline-offset-[0.12em] [text-decoration:var(--person-link-text-decoration)] ![text-decoration-color:var(--person-link-text-decoration-color)]\" href=\"https:\/\/www.hs.fi\/haku\/?query=Juhani%20Lassila\" rel=\"nofollow noopener\" target=\"_blank\">Juhani Lassila<\/a> toivoi my\u00f6s, ett\u00e4 Euroviisuihin osallistumisesta kysytt\u00e4isiin vasta, kun UMK:n tulos on selvill\u00e4.<\/p>\n<p class=\"article-body mb-nof-24 px-nof-16\">\u201dTied\u00e4n, ett\u00e4 Euroviisuista halutaan kysy\u00e4 ja puhua, mutta toivotaan, ett\u00e4 puhuttaisiin paljon musiikista, UMK:sta ja t\u00e4st\u00e4 koko hommasta. J\u00e4tet\u00e4\u00e4n se politiikka v\u00e4h\u00e4n v\u00e4hemm\u00e4lle, jos mahdollista\u201d, Lassila sanoi ennen lehdist\u00f6tilaisuuden alkua.<\/p>\n<p class=\"article-body mb-nof-24 px-nof-16\">UMK:n nykyisten <a class=\"underline underline-offset-[0.12em] [text-decoration-thickness:var(--generic-link-underline-thickness)] [text-decoration-color:var(--generic-link-underline-color)] [text-decoration-skip-ink:var(--generic-link-underline-skip-ink)] break-words\" href=\"https:\/\/drive.google.com\/file\/d\/1eHfrqtEOsLl-tagXdS47reRQfm__PI32\/view?pli=1\" rel=\"nofollow noopener\" target=\"_blank\">s\u00e4\u00e4nt\u00f6jen<\/a> mukaan voittaja kuitenkin sitoutuu edustamaan Suomea Euroviisuissa. Edustaja valitaan 28. helmikuuta Tampereella.<\/p>\n<p class=\"article-body mb-nof-24 px-nof-16\">T\u00e4n\u00e4 vuonna viisi maata \u2013 Espanja, Irlanti, Hollanti, Slovenia ja Islanti \u2013 j\u00e4tt\u00e4ytyi Euroviisuista boikotoidakseen Israelin osallistumista. Useimpien kisat v\u00e4liin j\u00e4tt\u00e4vien maiden yleisradioyhti\u00f6t eiv\u00e4t my\u00f6sk\u00e4\u00e4n televisioi koko kilpailua, ilmenee Ruotsin yleisradion<a class=\"underline underline-offset-[0.12em] [text-decoration-thickness:var(--generic-link-underline-thickness)] [text-decoration-color:var(--generic-link-underline-color)] [text-decoration-skip-ink:var(--generic-link-underline-skip-ink)] break-words\" href=\"https:\/\/www.svt.se\/kultur\/landerna-som-bojkottar-kommer-inte-att-sanda-eurovision\" rel=\"nofollow noopener\" target=\"_blank\"> SVT:n tekem\u00e4st\u00e4 selvityksest\u00e4.<\/a><\/p>\n<p class=\"article-body mb-nof-24 px-nof-16\">HS kysyi UMK-artisteilta, mit\u00e4 he toivovat kilpailulta ja haluavatko he voittaa. N\u00e4in he vastasivat.<\/p>\n<p>1. Etta<img decoding=\"async\" src=\"https:\/\/www.europesays.com\/fi\/wp-content\/uploads\/2026\/01\/1768419070_853_468.jpg\" alt=\"Etta eli Emmalotta Kanth on yksi Suomen menestyneimpi\u00e4 naispuolisia rap-artisteja.\" class=\"_Img_1rerz_1\" style=\"aspect-ratio:1.5\" loading=\"eager\"\/><\/p>\n<p class=\"article-picture-caption\">Etta eli Emmalotta Kanth on yksi Suomen menestyneimpi\u00e4 naispuolisia rap-artisteja. Kuva:\u00a0Juha Salminen \/ HS<\/p>\n<p class=\"article-body mb-nof-24 px-nof-16\">Etta eli Emmalotta Kanth on yksi Suomen menestyneimmist\u00e4 naispuolisista rap-artisteista. H\u00e4net tunnetaan hiteist\u00e4 \u00c4mm\u00e4 ja Sata shottii.<\/p>\n<p class=\"article-body mb-nof-24 px-nof-16\">Etta kilpailee UMK:ssa kappaleella Million Dollar Smile, ja h\u00e4n on omistanut sen 10-vuotiaalle itselleen. Noihin aikoihin h\u00e4nell\u00e4 todettiin harvinainen alopecia universalis. Se on p\u00e4lvikaljun laaja muoto.<\/p>\n<p class=\"article-body mb-nof-24 px-nof-16\">Etan kilpailukappale julkaistaan torstaina 15. tammikuuta.<\/p>\n<p class=\"article-body mb-nof-24 px-nof-16\">Mit\u00e4 toivot saavuttavasi olemalla mukana UMK:ssa?<\/p>\n<p class=\"article-body mb-nof-24 px-nof-16\">\u201dToivon, ett\u00e4 p\u00e4\u00e4sen n\u00e4ytt\u00e4m\u00e4\u00e4n kansalle uusia puolia ja n\u00e4ytt\u00e4m\u00e4\u00e4n, mist\u00e4 minusta on tehty. Olen valmis avaamaan ne mun sisimm\u00e4tkin haavat. Toivon, ett\u00e4 t\u00e4n biisin ja UMK:n avulla m\u00e4 pystyn ottamaan sen pikku-Etan syliin ja sanoa, ett\u00e4 s\u00e4 riit\u00e4t just tollaisena.\u201d<\/p>\n<p class=\"article-body mb-nof-24 px-nof-16\">Nykyisten s\u00e4\u00e4nt\u00f6jen mukaan UMK-voittaja sitoutuu edustamaan Suomea Euroviisuissa, joissa my\u00f6s Israel on mukana. Haluatko voittaa UMK:n?<\/p>\n<p class=\"article-body mb-nof-24 px-nof-16\">\u201dM\u00e4 en ole kerrennyt edes mietti\u00e4. Kaikki fokus on ollut t\u00e4ss\u00e4 mun kappaleessa ja siin\u00e4 mun esityksess\u00e4. Mutta kyll\u00e4h\u00e4n m\u00e4 nyt valehtelisin, jos sanoisin, ett\u00e4 en m\u00e4 aina voittamaan l\u00e4hde. Mutta siis t\u00e4m\u00e4h\u00e4n on voitto jo, ett\u00e4 m\u00e4 oon p\u00e4\u00e4ssyt t\u00e4h\u00e4n asti.\u201d<\/p>\n<p class=\"article-body mb-nof-24 px-nof-16\">Mit\u00e4 ajattelet siit\u00e4, ett\u00e4 viisi maata on vet\u00e4ytynyt Euroviisuista?<\/p>\n<p class=\"article-body mb-nof-24 px-nof-16\">\u201dIhmisoikeudet on mulle tosi t\u00e4rke\u00e4 asia. Ja totta kai se on j\u00e4rkytt\u00e4v\u00e4\u00e4, mit\u00e4 tuolla maailmalla tapahtuu. Ja mun mielest\u00e4 on hienoa, ett\u00e4 on sanavapaus. M\u00e4 olen halunnut nyt vaan keskitty\u00e4 niihin positiivisiin asioihin.\u201d<\/p>\n<p>2. Linda Lampenius ja Pete Parkkonen<img decoding=\"async\" src=\"https:\/\/www.europesays.com\/fi\/wp-content\/uploads\/2026\/01\/1768419070_3_468.jpg\" alt=\"Laulaja Pete Parkkonen ja viulisti Linda Lampenius kilpailevat UMK:ssa duona kappaleella Liekinheitin.\" class=\"_Img_1rerz_1\" style=\"aspect-ratio:0.6666666666666666\" loading=\"eager\"\/><\/p>\n<p class=\"article-picture-caption\">Laulaja Pete Parkkonen ja viulisti Linda Lampenius kilpailevat UMK:ssa duona kappaleella Liekinheitin. Kuva:\u00a0Juha Salminen \/ HS<\/p>\n<p class=\"article-body mb-nof-24 px-nof-16\">Viulisti Linda Lampenius teki n\u00e4ytt\u00e4v\u00e4n paluun popmusiikin pariin viime vuonna. Idolsista aikanaan koko kansan tietoisuuteen noussut Pete Parkkonen on keskittynyt viime vuodet studioty\u00f6h\u00f6n ja musiikin kirjoittamiseen.<\/p>\n<p class=\"article-body mb-nof-24 px-nof-16\">Lampenius kertoo HS:lle, ett\u00e4 on jo pitk\u00e4\u00e4n halunnut tehd\u00e4 kappaleen juuri Parkkosen kanssa. Lampenius halusi mukaansa kansainv\u00e4lisen tason laulajan, vaikka kappale onkin suomenkielinen.<\/p>\n<p class=\"article-body mb-nof-24 px-nof-16\">Parkkosen ja Lampeniuksen kisakappale Liekinheitin julkaistaan perjantaina 16. tammikuuta.<\/p>\n<p class=\"article-body mb-nof-24 px-nof-16\">Mit\u00e4 toivotte saavuttavanne olemalla mukana UMK:ssa?<\/p>\n<p class=\"article-body mb-nof-24 px-nof-16\">\u201dUskon, ett\u00e4 me kummatkin olemme t\u00e4ss\u00e4 olemassa musiikin takia ja rakkaudesta lajiin. Haluamme kappaleellamme saada ihmiset tuntemaan jotain n\u00e4in\u00e4 kylmin\u00e4 aikoina\u201d, Parkkonen sanoo.<\/p>\n<p class=\"article-body mb-nof-24 px-nof-16\">\u201dKappale on l\u00e4htenyt meist\u00e4 itsest\u00e4mme. Ei ole vain heitetty biisi\u00e4 ja sanottu \u2019olisipa hyv\u00e4 duo Pete Parkkonen ja Linda\u2019. T\u00e4m\u00e4 on l\u00e4htenyt meist\u00e4 itsest\u00e4mme\u201d, Lampenius lis\u00e4\u00e4.<\/p>\n<p class=\"article-body mb-nof-24 px-nof-16\">Haluatteko voittaa UMK:n?<\/p>\n<p class=\"article-body mb-nof-24 px-nof-16\">\u201dTotta helvetiss\u00e4 me halutaan voittaa UMK. Sen takia me t\u00e4h\u00e4n kilpailuun l\u00e4hdettiin. Ymm\u00e4rr\u00e4mme tietysti, ett\u00e4 maailmantilanne on vakava monilta osin\u201d, sanoo Parkkonen.<\/p>\n<p class=\"article-body mb-nof-24 px-nof-16\">Mit\u00e4 ajattelette siit\u00e4, ett\u00e4 viisi maata on vet\u00e4ytynyt Euroviisuista?<\/p>\n<p class=\"article-body mb-nof-24 px-nof-16\">\u201dEmme l\u00e4hde politisoimaan t\u00e4t\u00e4. Poliitikot on sit\u00e4 varten\u201d, Parkkonen sanoo.<\/p>\n<p class=\"article-body mb-nof-24 px-nof-16\">\u201dMe ollaan nyt artisteina mukana UMK:ssa. Musiikkihan t\u00e4ss\u00e4 on se t\u00e4rkein ja se kappaleen sanoma. On hyv\u00e4 muistaa, ett\u00e4 UMK on itsess\u00e4\u00e4n jo valtava ohjelma\u201d, Lampenius lis\u00e4\u00e4.<\/p>\n<p>3. Komiat<img decoding=\"async\" src=\"https:\/\/www.europesays.com\/fi\/wp-content\/uploads\/2026\/01\/1768419070_337_468.jpg\" alt=\"Komiat-yhtyeeseen kuuluvat basisti Juho Eskola (vas.), harmonikansoittaja Antero Linden, laulaja Aleksi Yli-Sissala, rumpali Eero Nummela ja kitaristi-laulaja Samuel J\u00e4rvinen.\" class=\"_Img_1rerz_1\" style=\"aspect-ratio:1.5\" loading=\"eager\"\/><\/p>\n<p class=\"article-picture-caption\">Komiat-yhtyeeseen kuuluvat basisti Juho Eskola (vas.), harmonikansoittaja Antero Linden, laulaja Aleksi Yli-Sissala, rumpali Eero Nummela ja kitaristi-laulaja Samuel J\u00e4rvinen. Kuva:\u00a0Juha Salminen \/ HS<\/p>\n<p class=\"article-body mb-nof-24 px-nof-16\">Iskelm\u00e4yhtye Komiat teki l\u00e4pimurtonsa viime vuonna. Yhtyeen kappale Kaihosielu nousi yhdeksi viime kes\u00e4n suurimmista iskelm\u00e4hiteist\u00e4.<\/p>\n<p class=\"article-body mb-nof-24 px-nof-16\">Komiat perustettiin 2010-luvun puoliv\u00e4liss\u00e4 tavoitteena soittaa haitarivetoista, perinteist\u00e4 iskelm\u00e4\u00e4 ilman turhaa kikkailua. Yhtye voitti tanssiorkestereiden SM-kilpailun Tangomarkkinoilla vuonna 2016.<\/p>\n<p class=\"article-body mb-nof-24 px-nof-16\">Viime kes\u00e4n\u00e4 Komiat toimi l\u00e4mmittelij\u00e4n\u00e4 <a class=\"font-bold underline-offset-[0.12em] [text-decoration:var(--person-link-text-decoration)] ![text-decoration-color:var(--person-link-text-decoration-color)]\" href=\"https:\/\/www.hs.fi\/haku\/?query=Katri%20Helenan\" rel=\"nofollow noopener\" target=\"_blank\">Katri Helenan<\/a> stadionkonsertissa. Yhtyeen kilpailukappale Lululai julkaistaan maanantaina 19. tammikuuta.<\/p>\n<p class=\"article-body mb-nof-24 px-nof-16\">Mit\u00e4 toivotte saavuttavanne olemalla mukana UMK:ssa?<\/p>\n<p class=\"article-body mb-nof-24 px-nof-16\">\u201dToivomme, ett\u00e4 t\u00e4m\u00e4 biisi toisi iloa ihmisille ja ett\u00e4 uusi yleis\u00f6 l\u00f6yt\u00e4isi meid\u00e4t ja iskelm\u00e4musiikin\u201d, kiteytt\u00e4\u00e4 solisti <a class=\"font-bold underline-offset-[0.12em] [text-decoration:var(--person-link-text-decoration)] ![text-decoration-color:var(--person-link-text-decoration-color)]\" href=\"https:\/\/www.hs.fi\/haku\/?query=Aleksi%20Yli-Sissala\" rel=\"nofollow noopener\" target=\"_blank\">Aleksi Yli-Sissala<\/a>.<\/p>\n<p class=\"article-body mb-nof-24 px-nof-16\">Haluatteko voittaa UMK:n?<\/p>\n<p class=\"article-body mb-nof-24 px-nof-16\">\u201dHaluamme tietysti voittaa UMK:n. Se on kilpailun l\u00e4ht\u00f6asetelma kuitenkin, ett\u00e4 kilpailussa haluaa p\u00e4rj\u00e4t\u00e4. Samaan aikaan me koetaan, ett\u00e4 se voitto on jo t\u00e4m\u00e4, ett\u00e4 p\u00e4\u00e4simme ehdokkaaksi ja me p\u00e4\u00e4semme kokemaan ihan tosi uskomattomia juttuja, joita tosi harva p\u00e4\u00e4see kokemaan. Saamme meid\u00e4n biisille ja b\u00e4ndille tunnettuutta sit\u00e4 kautta\u201d, Yli-Sissala vastaa.<\/p>\n<p class=\"article-body mb-nof-24 px-nof-16\">Mit\u00e4 ajattelette siit\u00e4, ett\u00e4 viisi maata on vet\u00e4ytynyt Euroviisuista?<\/p>\n<p class=\"article-body mb-nof-24 px-nof-16\">\u201dYleisradio vastaa n\u00e4ist\u00e4 tavallaan n\u00e4ist\u00e4 viisutoimintaan liittyvist\u00e4 kysymyksist\u00e4. Mutta ylip\u00e4\u00e4t\u00e4\u00e4n tuomitsemme sotatoimet ja toivomme rauhaa minne tahansa maailmassa\u201d, sanoo yhtyeen rumpali <a class=\"font-bold underline-offset-[0.12em] [text-decoration:var(--person-link-text-decoration)] ![text-decoration-color:var(--person-link-text-decoration-color)]\" href=\"https:\/\/www.hs.fi\/haku\/?query=Eero%20Nummela\" rel=\"nofollow noopener\" target=\"_blank\">Eero Nummela<\/a>.<\/p>\n<p>4. Sinikka Monte<img decoding=\"async\" src=\"https:\/\/www.europesays.com\/fi\/wp-content\/uploads\/2026\/01\/1768419070_392_468.jpg\" alt=\"Sinikka Monte on puoliksi suomalainen ja puoliksi etel\u00e4afrikkalainen. H\u00e4nen kappaleensa Ready to leave on tummans\u00e4vyinen balladi.\" class=\"_Img_1rerz_1\" style=\"aspect-ratio:1.5\" loading=\"eager\"\/><\/p>\n<p class=\"article-picture-caption\">Sinikka Monte on puoliksi suomalainen ja puoliksi etel\u00e4afrikkalainen. H\u00e4nen kappaleensa Ready to leave on tummans\u00e4vyinen balladi. Kuva:\u00a0Juha Salminen \/ HS<\/p>\n<p class=\"article-body mb-nof-24 px-nof-16\">23-vuotias <a class=\"font-bold underline-offset-[0.12em] [text-decoration:var(--person-link-text-decoration)] ![text-decoration-color:var(--person-link-text-decoration-color)]\" href=\"https:\/\/www.hs.fi\/haku\/?query=Sinikka%20Monte\" rel=\"nofollow noopener\" target=\"_blank\">Sinikka Monte<\/a> on artisti, jolla on monikulttuuriset juuret. H\u00e4n on syntynyt Skotlannissa ja kasvanut It\u00e4vallassa, ja on taustaltaan puoliksi suomalainen ja puoliksi etel\u00e4afrikkalainen.<\/p>\n<p class=\"article-body mb-nof-24 px-nof-16\">Monte kertoo hakeneensa kilpailuun ensimm\u00e4ist\u00e4 kertaa viime vuonna, mutta vasta t\u00e4n\u00e4 vuonna t\u00e4rpp\u00e4si.<\/p>\n<p class=\"article-body mb-nof-24 px-nof-16\">Artisti sanoo HS:lle tekev\u00e4ns\u00e4 \u201dpaljon surullisia lauluja\u201d. H\u00e4nen kappaleensa Slayer on soinut Netflixin yhdysvaltalaisen Love Is Blind -sarjan nelj\u00e4nnell\u00e4 tuotantokaudella.<\/p>\n<p class=\"article-body mb-nof-24 px-nof-16\">Monten englanninkielinen kappale Ready to leave on kuvailtu tummas\u00e4vyiseksi, elokuvamaiseksi balladiksi. Se julkaistaan tiistaina 20. tammikuuta.<\/p>\n<p class=\"article-body mb-nof-24 px-nof-16\">Mit\u00e4 toivot saavuttavasi olemalla mukana UMK:ssa?<\/p>\n<p class=\"article-body mb-nof-24 px-nof-16\">\u201dEtt\u00e4 ihmiset tuntisivat minut paremmin ja huomaavat, ett\u00e4 olen oikea artisti. Ja ett\u00e4 p\u00e4\u00e4sen tekem\u00e4\u00e4n lis\u00e4\u00e4 musiikkia.\u201d<\/p>\n<p class=\"article-body mb-nof-24 px-nof-16\">Haluatko voittaa UMK:n?<\/p>\n<p class=\"article-body mb-nof-24 px-nof-16\">\u201dEn ole viel\u00e4 p\u00e4\u00e4tt\u00e4nyt sit\u00e4. Koska tietysti se, mit\u00e4 maailmalla tapahtuu&#8230; Siihen on vaikea vastata. P\u00e4\u00e4t\u00e4n my\u00f6hemmin, jos voitan, edustanko Suomea vai en.\u201d<\/p>\n<p class=\"article-body mb-nof-24 px-nof-16\">Mit\u00e4 ajattelet siit\u00e4, ett\u00e4 viisi maata on vet\u00e4ytynyt Euroviisuista?<\/p>\n<p class=\"article-body mb-nof-24 px-nof-16\">\u201dEn halua kommentoida asiaa. Keskityn UMK:hon.\u201d<\/p>\n<p>5. Antti Paalanen<img decoding=\"async\" src=\"https:\/\/www.europesays.com\/fi\/wp-content\/uploads\/2026\/01\/1768419070_773_468.jpg\" alt=\"Hanuritaiteilija Antti Paalanen kertoo allekirjoittaneensa Euroviisujen boikottivaatimuksen viime vuonna. T\u00e4n\u00e4 vuonna h\u00e4n haluaa vaikuttaa asiaan taiteellaan.\" class=\"_Img_1rerz_1\" style=\"aspect-ratio:0.6666666666666666\" loading=\"eager\"\/><\/p>\n<p class=\"article-picture-caption\">Hanuritaiteilija Antti Paalanen kertoo allekirjoittaneensa Euroviisujen boikottivaatimuksen viime vuonna. T\u00e4n\u00e4 vuonna h\u00e4n haluaa vaikuttaa asiaan taiteellaan. Kuva:\u00a0Juha Salminen \/ HS<\/p>\n<p class=\"article-body mb-nof-24 px-nof-16\">Antti Paalanen on kansanmusiikin kent\u00e4ll\u00e4 pitk\u00e4n uran tehnyt pelimanni, joka on viime aikoina ker\u00e4nnyt sosiaalisessa mediassa miljoonia katselukertoja.<\/p>\n<p class=\"article-body mb-nof-24 px-nof-16\">Videoillaan Paalanen yhdist\u00e4\u00e4 perinteist\u00e4 suomalaista haitarimusiikkia, hevimusiikin estetiikkaa ja siperialaista kurkkulaulua. Yli 30-vuotisen uransa aikana h\u00e4n on esiintynyt laajasti ulkomailla, muun muassa Yhdysvalloissa ja Japanissa, sek\u00e4 julkaissut nelj\u00e4 sooloalbumia.<\/p>\n<p class=\"article-body mb-nof-24 px-nof-16\">Paalasen Takatukka-niminen kappale julkaistaan keskiviikkona 21. tammikuuta.<\/p>\n<p class=\"article-body mb-nof-24 px-nof-16\">Mit\u00e4 toivot saavuttavasi olemalla mukana UMK:ssa?<\/p>\n<p class=\"article-body mb-nof-24 px-nof-16\">\u201dOlen keikkaillut p\u00e4\u00e4osin ulkomailla. Toivon, ett\u00e4 saisin enemm\u00e4n n\u00e4kyvyytt\u00e4 my\u00f6s kotimaan musiikkikent\u00e4ll\u00e4 ja ett\u00e4 voisimme nostaa haitarimusiikin sanomaa ja tietoisuutta Suomessa.\u201d<\/p>\n<p class=\"article-body mb-nof-24 px-nof-16\">Haluatko voittaa UMK:n?<\/p>\n<p class=\"article-body mb-nof-24 px-nof-16\">\u201dHaluan. T\u00e4nne on haettu useana vuonna erilaisilla biiseill\u00e4, tehty keikkaa ja mietitty. T\u00e4ss\u00e4 biisiss\u00e4 on niin paljon rakkaudellista energiaa, ett\u00e4 sen soisin isommankin yleis\u00f6n kuulevan.\u201d<\/p>\n<p class=\"article-body mb-nof-24 px-nof-16\">Mit\u00e4 ajattelet siit\u00e4, ett\u00e4 viisi maata on vet\u00e4ytynyt Euroviisuista?<\/p>\n<p class=\"article-body mb-nof-24 px-nof-16\">\u201dSe on ristiriitainen tilanne. Ymm\u00e4rr\u00e4n todella hyvin t\u00e4m\u00e4n boikottiasian. Itsekin olen allekirjoittanut edellisvuonna boikotin. Nyt kun olen t\u00e4ss\u00e4 itse mukana, niin asiaa joutuu katsomaan eri vinkkelist\u00e4. Ajattelen, ett\u00e4 paremmin pystyn vaikuttamaan sill\u00e4, ett\u00e4 esit\u00e4n musiikkia kuin ett\u00e4 en esit\u00e4 sit\u00e4.\u201d<\/p>\n<p class=\"article-body mb-nof-24 px-nof-16\">Paalanen kertoo tehneens\u00e4 Gaza-nimisen kappaleen vuonna 2008, joka kertoo sirpalepommin r\u00e4j\u00e4ht\u00e4misest\u00e4 ja ihmisen h\u00e4d\u00e4st\u00e4 sodan hetkell\u00e4. H\u00e4n on esitt\u00e4nyt kappaletta keikoillaan.<\/p>\n<p>6. Chachi<img decoding=\"async\" src=\"https:\/\/www.europesays.com\/fi\/wp-content\/uploads\/2026\/01\/1768419071_2_468.jpg\" alt=\"Tanssijana ja koreografina tunnetun Chachi Hild\u00e9nin UMK-kappale Cherry cake on h\u00e4nen ensimm\u00e4inen singlens\u00e4.\" class=\"_Img_1rerz_1\" style=\"aspect-ratio:0.6661458333333333\" loading=\"eager\"\/><\/p>\n<p class=\"article-picture-caption\">Tanssijana ja koreografina tunnetun Chachi Hild\u00e9nin UMK-kappale Cherry cake on h\u00e4nen ensimm\u00e4inen singlens\u00e4. Kuva:\u00a0Juha Salminen \/ HS<\/p>\n<p class=\"article-body mb-nof-24 px-nof-16\">Meksikolais-amerikkalainen <a class=\"font-bold underline-offset-[0.12em] [text-decoration:var(--person-link-text-decoration)] ![text-decoration-color:var(--person-link-text-decoration-color)]\" href=\"https:\/\/www.hs.fi\/haku\/?query=Chachi%20Hild%C3%A9n\" rel=\"nofollow noopener\" target=\"_blank\">Chachi Hild\u00e9n<\/a> tunnetaan tanssijana, koreografina ja n\u00e4yttelij\u00e4n\u00e4. H\u00e4n tuli tunnetuksi America\u2019s Best Dance Crew -ohjelmasta. Suomessa asuva Chachi Hild\u00e9n on Duudsonien <a class=\"font-bold underline-offset-[0.12em] [text-decoration:var(--person-link-text-decoration)] ![text-decoration-color:var(--person-link-text-decoration-color)]\" href=\"https:\/\/www.hs.fi\/haku\/?query=Jukka%20Hild%C3%A9nin\" rel=\"nofollow noopener\" target=\"_blank\">Jukka Hild\u00e9nin<\/a> aviopuoliso.<\/p>\n<p class=\"article-body mb-nof-24 px-nof-16\">Chachi Hild\u00e9n kertoo HS:lle, ett\u00e4 on laulanut lapsesta saakka ja haaveillut my\u00f6s artistinurasta. Vuonna 2020 Hild\u00e9n osallistui MTV:n Masked Singer Suomi -ohjelmaan, joka johti levytyssopimukseen.<\/p>\n<p class=\"article-body mb-nof-24 px-nof-16\">Chachin kilpailukappale Cherry cake julkaistaan torstaina 22. tammikuuta.<\/p>\n<p class=\"article-body mb-nof-24 px-nof-16\">Mit\u00e4 toivot saavuttavasi olemalla mukana UMK:ssa?<\/p>\n<p class=\"article-body mb-nof-24 px-nof-16\">\u201dAloittaa musiikkiurani, tietenkin. T\u00e4m\u00e4 on ensimm\u00e4inen singleni. Haluan n\u00e4ytt\u00e4\u00e4, mihin minusta on musiikkipuolella ja millainen olen esiintyj\u00e4n\u00e4.<\/p>\n<p class=\"article-body mb-nof-24 px-nof-16\">Haluatko voittaa UMK:n?<\/p>\n<p class=\"article-body mb-nof-24 px-nof-16\">\u201dOlisi suuri kunnia voittaa UMK. Kukaan tied\u00e4, mit\u00e4 tapahtuu. Mukana on paljon lahjakkaita kilpailijoita. Nyt fokukseni on UMK:ssa ja esityksess\u00e4. On paljon askelia ennen kuin voin tehd\u00e4 mit\u00e4\u00e4n p\u00e4\u00e4t\u00f6ksi\u00e4.\u201d<\/p>\n<p class=\"article-body mb-nof-24 px-nof-16\">Mit\u00e4 ajattelet siit\u00e4, ett\u00e4 viisi maata on vet\u00e4ytynyt Euroviisuista?<\/p>\n<p class=\"article-body mb-nof-24 px-nof-16\">\u201dKaikilla on omat mielipiteens\u00e4. Sanon aina, ett\u00e4 mielipiteet ovat kuin peppureiki\u00e4: kaikilla on omansa. En ole sellaisessa asemassa, ett\u00e4 voisin antaa kenellek\u00e4\u00e4n poliittisia neuvoja. Olen t\u00e4\u00e4ll\u00e4 taiteilijana ja aloittelevana artistina.\u201d<\/p>\n<p>7. Kiki<img decoding=\"async\" src=\"https:\/\/www.europesays.com\/fi\/wp-content\/uploads\/2026\/01\/1768419071_923_468.jpg\" alt=\"Kiki eli Petra Gavalas on suomalais-kreikkalainen nouseva popartisti.\" class=\"_Img_1rerz_1\" style=\"aspect-ratio:0.6666666666666666\" loading=\"eager\"\/><\/p>\n<p class=\"article-picture-caption\">Kiki eli Petra Gavalas on suomalais-kreikkalainen nouseva popartisti. Kuva:\u00a0Juha Salminen \/ HS<\/p>\n<p class=\"article-body mb-nof-24 px-nof-16\">Kiki, oikealta nimelt\u00e4\u00e4n <a class=\"font-bold underline-offset-[0.12em] [text-decoration:var(--person-link-text-decoration)] ![text-decoration-color:var(--person-link-text-decoration-color)]\" href=\"https:\/\/www.hs.fi\/haku\/?query=Petra%20Gavalas\" rel=\"nofollow noopener\" target=\"_blank\">Petra Gavalas<\/a>, on nouseva popartisti, joka julkaisi debyyttialbuminsa vuonna 2023. Gavalasin \u00e4iti on suomalainen ja is\u00e4 kreikkalainen. Taiteilijanimi Kiki on h\u00e4nen itse keksim\u00e4ns\u00e4 lapsuuden lempinimi.<\/p>\n<p class=\"article-body mb-nof-24 px-nof-16\">Kiki kuvaa musiikkiaan dramaattiseksi popiksi. Yksi h\u00e4nen tunnetuimmista kappaleistaan on Anin kanssa vuonna 2024 julkaistu yhteiskappale Kauniita.<\/p>\n<p class=\"article-body mb-nof-24 px-nof-16\">Kikin kilpailukappale Rakkaudenkipee julkaistaan perjantaina 23. tammikuuta.<\/p>\n<p class=\"article-body mb-nof-24 px-nof-16\">Mit\u00e4 toivot saavuttavasi olemalla mukana UMK:ssa?<\/p>\n<p class=\"article-body mb-nof-24 px-nof-16\">\u201dToivon, ett\u00e4 mun musiikki saavuttaisi monen kuulijan, ja ett\u00e4 se antaisi turvaa, rohkeutta ja voimaa. Unelmoin isoista lavoista ja siit\u00e4, ett\u00e4 voisin joskus tehd\u00e4 kreikkalaisen artistin kanssa yhteisbiisin.\u201d<\/p>\n<p class=\"article-body mb-nof-24 px-nof-16\">Haluatko voittaa UMK:n?<\/p>\n<p class=\"article-body mb-nof-24 px-nof-16\">\u201dTotta kai m\u00e4 haluan. Kyll\u00e4 t\u00e4h\u00e4n on tultu kisaamaan kuitenkin ja voittamaan.\u201d<\/p>\n<p class=\"article-body mb-nof-24 px-nof-16\">Mit\u00e4 ajattelet siit\u00e4, ett\u00e4 viisi maata on vet\u00e4ytynyt Euroviisuista?<\/p>\n<p class=\"article-body mb-nof-24 px-nof-16\">\u201dYmm\u00e4rr\u00e4n hyvin, rohkea veto. Mun mielest\u00e4 useamman olisi pit\u00e4nyt [tehd\u00e4 niin]. M\u00e4 olen t\u00e4\u00e4ll\u00e4 tekem\u00e4ss\u00e4 viihdett\u00e4 ja musiikkia, jonka tarkoituksena yhdist\u00e4\u00e4 ihmisi\u00e4. Maailmantilanne on ihan kauhea. Aion keskitty\u00e4 UMK:hon, mutta surettaa tilanne.\u201d<\/p>\n","protected":false},"excerpt":{"rendered":"UMK|Uuden Musiikin Kilpailun voittaja sitoutuu edustamaan Suomea Euroviisuissa. HS kysyi, haluavatko kilpailijat voittaa UMK:n. Lue tiivistelm\u00e4 Yle julkisti&hellip;\n","protected":false},"author":2,"featured_media":142347,"comment_status":"","ping_status":"","sticky":false,"template":"","format":"standard","meta":{"footnotes":""},"categories":[132],"tags":[137,33,31,30,46,195,47,32,109],"class_list":{"0":"post-142346","1":"post","2":"type-post","3":"status-publish","4":"format-standard","5":"has-post-thumbnail","7":"category-musiikki","8":"tag-entertainment","9":"tag-fi","10":"tag-finland","11":"tag-finnish","12":"tag-helsingin-sanomat","13":"tag-music","14":"tag-musiikki","15":"tag-suomi","16":"tag-viihde"},"share_on_mastodon":{"url":"https:\/\/pubeurope.com\/@fi\/115895119766015030","error":""},"_links":{"self":[{"href":"https:\/\/www.europesays.com\/fi\/wp-json\/wp\/v2\/posts\/142346","targetHints":{"allow":["GET"]}}],"collection":[{"href":"https:\/\/www.europesays.com\/fi\/wp-json\/wp\/v2\/posts"}],"about":[{"href":"https:\/\/www.europesays.com\/fi\/wp-json\/wp\/v2\/types\/post"}],"author":[{"embeddable":true,"href":"https:\/\/www.europesays.com\/fi\/wp-json\/wp\/v2\/users\/2"}],"replies":[{"embeddable":true,"href":"https:\/\/www.europesays.com\/fi\/wp-json\/wp\/v2\/comments?post=142346"}],"version-history":[{"count":0,"href":"https:\/\/www.europesays.com\/fi\/wp-json\/wp\/v2\/posts\/142346\/revisions"}],"wp:featuredmedia":[{"embeddable":true,"href":"https:\/\/www.europesays.com\/fi\/wp-json\/wp\/v2\/media\/142347"}],"wp:attachment":[{"href":"https:\/\/www.europesays.com\/fi\/wp-json\/wp\/v2\/media?parent=142346"}],"wp:term":[{"taxonomy":"category","embeddable":true,"href":"https:\/\/www.europesays.com\/fi\/wp-json\/wp\/v2\/categories?post=142346"},{"taxonomy":"post_tag","embeddable":true,"href":"https:\/\/www.europesays.com\/fi\/wp-json\/wp\/v2\/tags?post=142346"}],"curies":[{"name":"wp","href":"https:\/\/api.w.org\/{rel}","templated":true}]}}