{"id":142348,"date":"2026-01-14T19:32:06","date_gmt":"2026-01-14T19:32:06","guid":{"rendered":"https:\/\/www.europesays.com\/fi\/142348\/"},"modified":"2026-01-14T19:32:06","modified_gmt":"2026-01-14T19:32:06","slug":"paattelivatko-marvel-fanit-avengers-doomsdayn-trailereiden-piilotetun-salaisen-viestin","status":"publish","type":"post","link":"https:\/\/www.europesays.com\/fi\/142348\/","title":{"rendered":"P\u00e4\u00e4tteliv\u00e4tk\u00f6 Marvel-fanit Avengers: Doomsdayn trailereiden piilotetun salaisen viestin?"},"content":{"rendered":"<p>Marvel-fanit uskovat ratkaisseensa Avengers: Doomsdayn nelj\u00e4\u00e4n traileriin piilotetun salaisuuden.<\/p>\n<p><strong>Russon<\/strong> veljekset kertoivat eilen, ett\u00e4 n\u00e4ihin lyhyisiin kiusoittelutrailereihin on piilotettu salainen viesti: ne eiv\u00e4t ole tavallisia trailereita, vaan tarkkasilm\u00e4isimm\u00e4t fanit voivat l\u00f6yt\u00e4\u00e4 niihin piilotetun tarinan.<\/p>\n<p>Lue my\u00f6s: <a href=\"https:\/\/www.episodi.fi\/uutiset\/yllatys-myos-tama-vanha-ryhma-x-nayttelija-palaa-avengers-doomsdayhin\/\" title=\"Yll\u00e4tys! My\u00f6s t\u00e4m\u00e4 vanha Ryhm\u00e4-X-n\u00e4yttelij\u00e4 palaa Avengers: Doomsdayhin\" class=\"underline-custom !font-montserrat !font-bold !underline-offset-4 !decoration-4 !decoration-episodi-blue !text-md\" rel=\"nofollow noopener\" target=\"_blank\">Yll\u00e4tys! My\u00f6s t\u00e4m\u00e4 vanha Ryhm\u00e4-X-n\u00e4yttelij\u00e4 palaa Avengers: Doomsdayhin<\/a><\/p>\n<p>Lue my\u00f6s: <a href=\"https:\/\/www.episodi.fi\/uutiset\/russon-veljekset-tekivat-jymypaljastuksen-neljasta-avengers-doomsday-trailerista-pankaa-merkille\/\" title=\"Russon veljekset tekiv\u00e4t jymypaljastuksen nelj\u00e4st\u00e4 Avengers: Doomsday -trailerista: \u201dPankaa merkille!\u201d\" class=\"underline-custom !font-montserrat !font-bold !underline-offset-4 !decoration-4 !decoration-episodi-blue !text-md\" rel=\"nofollow noopener\" target=\"_blank\">Russon veljekset tekiv\u00e4t jymypaljastuksen nelj\u00e4st\u00e4 Avengers: Doomsday -trailerista: \u201dPankaa merkille!\u201d<\/a><\/p>\n<p>Jokaisen trailerin lopussa on kello, joka laskee kohti Avengers: Doomsdayn ensi-iltaa. Tekstiss\u00e4 on kuitenkin omituinen virhe.<\/p>\n<p>Esimerkiksi ensimm\u00e4isen, Steve Rogersiin keskittyv\u00e4n trailerin kellossa lukee pikaisesti: 1e:24ber:02020.<\/p>\n<p>Fanit uskovat, ett\u00e4 t\u00e4m\u00e4 on Avengers: Endgameen liittyv\u00e4 aikaleima, joka veisi fanit Endgamen kohtaan yksi tunti 24 minuuttia ja 20 sekuntia.<\/p>\n<p>Kyseisess\u00e4 kohdassa n\u00e4hd\u00e4\u00e4n Bruce Banner juttelemassa Ancient Onen kanssa. Ancient One kertoo, kuinka \u201dmiljoonat tulevat k\u00e4rsim\u00e4\u00e4n\u201d.<\/p>\n<p>Kolmen seuraavan koodia ei ole viel\u00e4 selvitetty yht\u00e4 tarkkaan, mutta er\u00e4\u00e4n teorian mukaan Ryhm\u00e4-X-video veisi katsojan kohtaukseen, jossa Rocket Raccoon kysyy, miksi Thor itkee.<\/p>\n<p>Deadpool &amp; Wolverine -elokuvassa on kohtaus, jossa Wade Wilson n\u00e4kee Thorin itkev\u00e4n tulevaisuudessa. Miksi? Emme tied\u00e4.<\/p>\n<p>Samaisen teorian mukaan Thorin video veisi katsojan kohtaa, jossa Loki on muuttunut Captain Americaksi. Loki kertoo johtavansa etsint\u00e4- ja pelastusoperaatiota.<\/p>\n<p>Nelj\u00e4s koodi, joka l\u00f6ytyy Black Panther\/Namor\/M\u00f6ykky-videolta, vie katsojan kohtaukseen, jossa Rocket Racoon kertoo Ant-Manille viev\u00e4ns\u00e4 t\u00e4m\u00e4n avaruuteen.<\/p>\n<p>Toisen teorian mukaan nelj\u00e4s video veisi kuitenkin kohtaukseen, jossa n\u00e4hd\u00e4\u00e4n Hawkeye l\u00e4htem\u00e4ss\u00e4 tapaamaan perhett\u00e4\u00e4n.<\/p>\n<p>Teorioita riitt\u00e4\u00e4, katsotaan mik\u00e4 niist\u00e4 osuu oikeaan.<\/p>\n<blockquote class=\"instagram-media\" data-instgrm-captioned=\"\" data-instgrm-permalink=\"https:\/\/www.instagram.com\/reel\/DTdCXo-iE-C\/?utm_source=ig_embed&amp;utm_campaign=loading\" data-instgrm-version=\"14\" style=\" background:#FFF; border:0; border-radius:3px; box-shadow:0 0 1px 0 rgba(0,0,0,0.5),0 1px 10px 0 rgba(0,0,0,0.15); margin: 1px; max-width:540px; min-width:326px; padding:0; width:99.375%; width:-webkit-calc(100% - 2px); width:calc(100% - 2px);\"\/>\n<p>L\u00e4hde: <a href=\"https:\/\/www.comingsoon.net\/movies\/news\/2083311-mcu-fans-convinced-theyve-discovered-secret-messages-avengers-doomsday-trailers\" target=\"_blank\" rel=\"noreferrer noopener nofollow\">Comingsoon<\/a><\/p>\n<p>Lue my\u00f6s: <a href=\"https:\/\/www.episodi.fi\/uutiskirje\/?uutiskirjemainos=tekstilinkkimainos\" title=\"Tilaa Episodin uutiskirje ja voit voittaa leffalippuja! Nappaa tv-vinkit suoraan s\u00e4hk\u00f6postiin t\u00e4st\u00e4.\" class=\"underline-custom !font-montserrat !font-bold !underline-offset-4 !decoration-4 !decoration-episodi-blue !text-md\" rel=\"nofollow noopener\" target=\"_blank\">Tilaa Episodin uutiskirje ja voit voittaa leffalippuja! Nappaa katseluvinkit suoraan s\u00e4hk\u00f6postiin t\u00e4st\u00e4.<\/a><\/p>\n<p>\t\t\t\t<script async src=\"\/\/www.instagram.com\/embed.js\"><\/script><\/p>\n","protected":false},"excerpt":{"rendered":"Marvel-fanit uskovat ratkaisseensa Avengers: Doomsdayn nelj\u00e4\u00e4n traileriin piilotetun salaisuuden. Russon veljekset kertoivat eilen, ett\u00e4 n\u00e4ihin lyhyisiin kiusoittelutrailereihin on&hellip;\n","protected":false},"author":2,"featured_media":142349,"comment_status":"","ping_status":"","sticky":false,"template":"","format":"standard","meta":{"footnotes":""},"categories":[131],"tags":[809,155,137,33,173,31,30,3282,172,9111,32,109],"class_list":{"0":"post-142348","1":"post","2":"type-post","3":"status-publish","4":"format-standard","5":"has-post-thumbnail","7":"category-elokuvat","8":"tag-avengers-doomsday","9":"tag-elokuvat","10":"tag-entertainment","11":"tag-fi","12":"tag-film","13":"tag-finland","14":"tag-finnish","15":"tag-marvel","16":"tag-movies","17":"tag-russon-veljekset","18":"tag-suomi","19":"tag-viihde"},"share_on_mastodon":{"url":"https:\/\/pubeurope.com\/@fi\/115895123470776595","error":""},"_links":{"self":[{"href":"https:\/\/www.europesays.com\/fi\/wp-json\/wp\/v2\/posts\/142348","targetHints":{"allow":["GET"]}}],"collection":[{"href":"https:\/\/www.europesays.com\/fi\/wp-json\/wp\/v2\/posts"}],"about":[{"href":"https:\/\/www.europesays.com\/fi\/wp-json\/wp\/v2\/types\/post"}],"author":[{"embeddable":true,"href":"https:\/\/www.europesays.com\/fi\/wp-json\/wp\/v2\/users\/2"}],"replies":[{"embeddable":true,"href":"https:\/\/www.europesays.com\/fi\/wp-json\/wp\/v2\/comments?post=142348"}],"version-history":[{"count":0,"href":"https:\/\/www.europesays.com\/fi\/wp-json\/wp\/v2\/posts\/142348\/revisions"}],"wp:featuredmedia":[{"embeddable":true,"href":"https:\/\/www.europesays.com\/fi\/wp-json\/wp\/v2\/media\/142349"}],"wp:attachment":[{"href":"https:\/\/www.europesays.com\/fi\/wp-json\/wp\/v2\/media?parent=142348"}],"wp:term":[{"taxonomy":"category","embeddable":true,"href":"https:\/\/www.europesays.com\/fi\/wp-json\/wp\/v2\/categories?post=142348"},{"taxonomy":"post_tag","embeddable":true,"href":"https:\/\/www.europesays.com\/fi\/wp-json\/wp\/v2\/tags?post=142348"}],"curies":[{"name":"wp","href":"https:\/\/api.w.org\/{rel}","templated":true}]}}