{"id":142352,"date":"2026-01-14T19:35:08","date_gmt":"2026-01-14T19:35:08","guid":{"rendered":"https:\/\/www.europesays.com\/fi\/142352\/"},"modified":"2026-01-14T19:35:08","modified_gmt":"2026-01-14T19:35:08","slug":"jari-sillanpaa-lonkkaleikkauksessa-talta-han-nayttaa-nyt","status":"publish","type":"post","link":"https:\/\/www.europesays.com\/fi\/142352\/","title":{"rendered":"Jari Sillanp\u00e4\u00e4 lonkkaleikkauksessa: T\u00e4lt\u00e4 h\u00e4n n\u00e4ytt\u00e4\u00e4 nyt"},"content":{"rendered":"<p>            TIMO KORHONEN\n        <\/p>\n<p class=\"subtitle \">Jari paljasti \u00e4skett\u00e4in joutuneensa kirurgin veitsen alle.<\/p>\n<p class=\"article-content article-content-width !bg-background\">Iskelm\u00e4laulaja , 60, <a href=\"https:\/\/www.seiska.fi\/kotimaa\/jari-sillanpaa-joutui-leikkaukseen\/2044450\" target=\"_blank\" rel=\"nofollow noopener\">paljasti alkuviikosta k\u00e4yneens\u00e4 leikkauksessa.<\/a>\u00a0<\/p>\n<p class=\"font-weight-bold m-font-weight-bold article-content article-content-width !bg-background\">Video: Jari Sillanp\u00e4\u00e4n Satulinna on myynniss\u00e4:<\/p>\n<p class=\"article-content article-content-width !bg-background\">Tangokuningas vuosimallia 1995 kertoi sosiaalisessa mediassa, ett\u00e4 h\u00e4nelle tehtiin lonkkaleikkaus. H\u00e4n kuvaili operaation sujuneen mainiosti.\u00a0<\/p>\n<p>        <a itemprop=\"url\" href=\"https:\/\/www.seiska.fi\/kotimaa\/jari-sillanpaalta-tunteikas-paivitys\/2041192\" rel=\"nofollow noopener\" target=\"_blank\"><\/p>\n<p>\nJari Sillanp\u00e4\u00e4\n<\/p>\n<p class=\"section-date\">\n        <strong class=\"article-section\" data-section=\"kotimaa\"><br \/>\n            kotimaa<br \/>\n        <\/strong><br \/>\n        9.1. 12:56\n    <\/p>\n<p>Jari Sillanp\u00e4\u00e4lt\u00e4 tunteikas p\u00e4ivitys\n    <\/p>\n<p itemprop=\"description\" class=\"subtitle \">\n    Jarin kohdalle on osunut suuri merkkip\u00e4iv\u00e4.\n<\/p>\n<p>        <\/a><\/p>\n<p class=\"article-content article-content-width !bg-background\">\u2013\u00a0Kivut j\u00e4iv\u00e4t leikkausp\u00f6yd\u00e4lle ja toivotaan ett\u00e4 toipuminen menee yht\u00e4 hienosti kuin viimeksi noin nelj\u00e4 vuotta sitten. Olenhan nyt tuplatitaanimies, <a href=\"https:\/\/www.instagram.com\/p\/DTa5HyCiG24\/?hl=fi\" target=\"_blank\" rel=\"nofollow noopener\">Jari sanaili julkaisussaan leikkis\u00e4\u00e4n s\u00e4vyyn<\/a>.\u00a0<\/p>\n<p>Kotimatkalla<\/p>\n<p class=\"article-content article-content-width !bg-background\">Leikkauksen sujuvuudesta kertonee sekin, ett\u00e4 Jari on p\u00e4\u00e4ssyt jo kotiutumaan. Laulaja kertoi voinnistaan keskiviikkona (14.1.). Instagramissa.\u00a0<\/p>\n<p class=\"article-content article-content-width !bg-background\">\u2013 T\u00e4n\u00e4\u00e4n kotiin uusi lonkka mukanani, Jari kirjoittaa.\u00a0<\/p>\n<p class=\"article-content article-content-width !bg-background\">Musiikkit\u00e4hti lis\u00e4si julkaisuunsa my\u00f6s videon, jossa h\u00e4n on parhaillaan l\u00e4htem\u00e4ss\u00e4 klinikalta. Ilmapallojen ymp\u00e4r\u00f6im\u00e4 Jari on tolpillaan, joskin tukeutuu ymm\u00e4rrett\u00e4v\u00e4sti viel\u00e4 kainalosauvoihin. H\u00e4n kiittelee niin hoitohenkil\u00f6kuntaa kuin ihania viestej\u00e4 l\u00e4hett\u00e4neit\u00e4 ihailijoitaankin.\u00a0<\/p>\n<p>        <a itemprop=\"url\" href=\"https:\/\/www.seiska.fi\/kotimaa\/jari-sillanpaa-lomaili-tallinnassa-talta-nayttaa-sari-sisko\/2012706\" rel=\"nofollow noopener\" target=\"_blank\"><\/p>\n<p>\nSiltsu Tallinnassa\n<\/p>\n<p class=\"section-date\">\n        <strong class=\"article-section\" data-section=\"kotimaa\"><br \/>\n            kotimaa<br \/>\n        <\/strong><br \/>\n        5.12.2025 18:00\n    <\/p>\n<p>Jari Sillanp\u00e4\u00e4 lomaili Tallinnassa \u2013 t\u00e4lt\u00e4 n\u00e4ytt\u00e4\u00e4 Sari-sisko\n    <\/p>\n<p itemprop=\"description\" class=\"subtitle \">\n    Jari ja Sari piipahtivat yhdess\u00e4 Tallinnassa.\n<\/p>\n<p>        <\/a><\/p>\n<p class=\"article-content article-content-width !bg-background\">\u2013\u00a0Nyt hetki lepoa, rauhassa palautumista ja sitten taas baanalle entist\u00e4 ehompana, Jari paljastaa jatkosuunnitelmistaan.\u00a0<\/p>\n<p>Edess\u00e4 pitk\u00e4 kuntoutus<\/p>\n<p class=\"article-content article-content-width !bg-background\">Jari ei kerro sairauslomansa kestosta tarkemmin.<\/p>\n<p>                <img decoding=\"async\" src=\"https:\/\/www.europesays.com\/fi\/wp-content\/uploads\/2026\/01\/2046279.webp.jpeg\" width=\"576\" height=\"322\" alt=\"Jari toteaa somessa, ett\u00e4 olisi viihtynyt klinikalla pidemp\u00e4\u00e4nkin.\" loading=\"lazy\" \/>            <\/p>\n<p>\n            Jari toteaa somessa, ett\u00e4 olisi viihtynyt klinikalla pidemp\u00e4\u00e4nkin.<br \/>\n            TIMO KORHONEN\n        <\/p>\n<p class=\"article-content article-content-width !bg-background\">Tekonivelleikkauksessa, kuten lonkkaleikkauksessa, <a href=\"https:\/\/www.terveyskyla.fi\/leikkaukseen\/tietoa-leikkaushoidosta\/tietoa-tekonivelleikkauksesta\/miten-tekonivelleikkaus-tehdaan\" target=\"_blank\" rel=\"nofollow noopener\">nivelen vaurioituneet osat poistetaan ja korvataan keinotekoisella nivelell\u00e4<\/a>. Operaatio itsess\u00e4\u00e4n kest\u00e4\u00e4 yleens\u00e4 1\u20132 tuntia.\u00a0<\/p>\n<p>        <a itemprop=\"url\" href=\"https:\/\/www.seiska.fi\/vain-seiskassa\/jari-sillanpaan-satulinna-rapistuu-taas-myynnissa\/1925076\" rel=\"nofollow noopener\" target=\"_blank\"><\/p>\n<p>\nTaas myynniss\u00e4!\n<\/p>\n<p class=\"section-date\">\n        <strong class=\"article-section\" data-section=\"vain seiskassa\"><br \/>\n            vain seiskassa<br \/>\n        <\/strong><br \/>\n        15.9.2025 05:00\n    <\/p>\n<p>Jari Sillanp\u00e4\u00e4n Satulinna rapistuu \u2013 taas myynniss\u00e4!\n    <\/p>\n<p itemprop=\"description\" class=\"subtitle \">\n    Suosikkilaulajan rapistuvan huvilan kohtalo surettaa paikkakuntalaisia.\n<\/p>\n<p>        <\/a><\/p>\n<p class=\"article-content article-content-width !bg-background\">Toipumisaika on kuitenkin huomattavasti pidempi. <a href=\"https:\/\/www.terveyskyla.fi\/leikkaukseen\/tietoa-leikkaushoidosta\/tietoa-tekonivelleikkauksesta\/toipuminen-tekonivelleikkauksesta\" target=\"_blank\" rel=\"nofollow noopener\">Lonkan tekonivelleikaus vaatii useimmiten noin kolmen kuukauden sairausloman, kertoo Terveyskyl\u00e4<\/a>. Kokonaisuudessaan kuntoutumiseen voi menn\u00e4 vuosi. On siis todenn\u00e4k\u00f6ist\u00e4, ettei Jaria n\u00e4hd\u00e4 keikkalavalla aivan pian.\u00a0<\/p>\n<p class=\"italic m-italic article-content article-content-width !bg-background\">Jos upotus ei toimi, <a href=\"https:\/\/www.instagram.com\/p\/DTfexOLCEt0\/?hl=fi\" target=\"_blank\" rel=\"nofollow noopener\">voit katsoa julkaisun t\u00e4\u00e4lt\u00e4<\/a>.<\/p>\n<p><script async src=\"\/\/www.instagram.com\/embed.js\"><\/script><\/p>\n","protected":false},"excerpt":{"rendered":"TIMO KORHONEN Jari paljasti \u00e4skett\u00e4in joutuneensa kirurgin veitsen alle. Iskelm\u00e4laulaja , 60, paljasti alkuviikosta k\u00e4yneens\u00e4 leikkauksessa.\u00a0 Video: Jari&hellip;\n","protected":false},"author":2,"featured_media":142353,"comment_status":"","ping_status":"","sticky":false,"template":"","format":"standard","meta":{"footnotes":""},"categories":[130],"tags":[137,33,31,30,1007,3108,8531,16242,32,167,109],"class_list":{"0":"post-142352","1":"post","2":"type-post","3":"status-publish","4":"format-standard","5":"has-post-thumbnail","7":"category-viihde","8":"tag-entertainment","9":"tag-fi","10":"tag-finland","11":"tag-finnish","12":"tag-iskelmamusiikki","13":"tag-jari-sillanpaa","14":"tag-kuntoutus","15":"tag-lonkkaleikkaus","16":"tag-suomi","17":"tag-terveys","18":"tag-viihde"},"share_on_mastodon":{"url":"https:\/\/pubeurope.com\/@fi\/115895135281548330","error":""},"_links":{"self":[{"href":"https:\/\/www.europesays.com\/fi\/wp-json\/wp\/v2\/posts\/142352","targetHints":{"allow":["GET"]}}],"collection":[{"href":"https:\/\/www.europesays.com\/fi\/wp-json\/wp\/v2\/posts"}],"about":[{"href":"https:\/\/www.europesays.com\/fi\/wp-json\/wp\/v2\/types\/post"}],"author":[{"embeddable":true,"href":"https:\/\/www.europesays.com\/fi\/wp-json\/wp\/v2\/users\/2"}],"replies":[{"embeddable":true,"href":"https:\/\/www.europesays.com\/fi\/wp-json\/wp\/v2\/comments?post=142352"}],"version-history":[{"count":0,"href":"https:\/\/www.europesays.com\/fi\/wp-json\/wp\/v2\/posts\/142352\/revisions"}],"wp:featuredmedia":[{"embeddable":true,"href":"https:\/\/www.europesays.com\/fi\/wp-json\/wp\/v2\/media\/142353"}],"wp:attachment":[{"href":"https:\/\/www.europesays.com\/fi\/wp-json\/wp\/v2\/media?parent=142352"}],"wp:term":[{"taxonomy":"category","embeddable":true,"href":"https:\/\/www.europesays.com\/fi\/wp-json\/wp\/v2\/categories?post=142352"},{"taxonomy":"post_tag","embeddable":true,"href":"https:\/\/www.europesays.com\/fi\/wp-json\/wp\/v2\/tags?post=142352"}],"curies":[{"name":"wp","href":"https:\/\/api.w.org\/{rel}","templated":true}]}}