{"id":142356,"date":"2026-01-14T19:39:06","date_gmt":"2026-01-14T19:39:06","guid":{"rendered":"https:\/\/www.europesays.com\/fi\/142356\/"},"modified":"2026-01-14T19:39:06","modified_gmt":"2026-01-14T19:39:06","slug":"mita-jos-yhdysvalloista-ei-olekaan-apua-sauli-niinisto-johtaa-projektia","status":"publish","type":"post","link":"https:\/\/www.europesays.com\/fi\/142356\/","title":{"rendered":"Mit\u00e4, jos Yhdysvalloista ei olekaan apua? Sauli Niinist\u00f6 johtaa projektia"},"content":{"rendered":"<p>Raportissa nostetaan esille my\u00f6s eurooppalaisen armeijan perustaminen. \u201dMiten Euroopan sotilaallinen turva voitaisiin mahdollisimman hyvin hahmottaa sen tilanteen varalta, ett\u00e4 Yhdysvaltojen suhtautuminen Natoon sis\u00e4lt\u00e4\u00e4 kysymysmerkkej\u00e4\u201d, presidentti Sauli Niinist\u00f6 kertoo ty\u00f6n sis\u00e4ll\u00f6st\u00e4.<\/p>\n<p class=\"paragraph\">Presidentti <strong>Sauli Niinist\u00f6<\/strong> johtaa ty\u00f6t\u00e4, jossa laaditaan raportti siit\u00e4, miten Euroopan puolustus taataan ilman Yhdysvaltain sitoutumista siihen.<\/p>\n<p class=\"paragraph\">\u2013 Kyse on siit\u00e4, miten Euroopan sotilaallinen turva voitaisiin mahdollisimman hyvin hahmottaa sen tilanteen varalta, ett\u00e4 Yhdysvaltojen suhtautuminen Natoon sis\u00e4lt\u00e4\u00e4 kysymysmerkkej\u00e4. Vastaus siihen voi olla eurooppalaisempi Nato, Niinist\u00f6 painottaa Iltalehdelle.<\/p>\n<p class=\"paragraph\">Raportin laadinnassa on kyse konkreettisista ratkaisuista USA:n Nato-sitoutumisen heikentymisen varalle.<\/p>\n<p class=\"paragraph\">\u2013 Miten j\u00e4rjestyv\u00e4t komento- ja kontrollisuhteet, se on hyvin vaikea kysymys, Niinist\u00f6 sanoo.<\/p>\n<p class=\"paragraph\">Suomen edellinen tasavallan presidentti on ty\u00f6ryhm\u00e4n puheenjohtaja. Raportin julkaisusta vastaa Brysseliss\u00e4 toimiva ajatushautomo CEPS (Centre for European Policy Studies).<\/p>\n<p>Kova kiire<\/p>\n<p class=\"paragraph\">Ty\u00f6ss\u00e4 on mukana useita korkean tason asiantuntijoita eri maista.<\/p>\n<p class=\"paragraph\">\u2013 Kysymys on Euroopan turvallisuuden takaamisesta. Vallitsevat k\u00e4\u00e4nteet korostavat sit\u00e4 nyt. Minusta ollaan j\u00e4lkijunassa pahemman kerran. Eurooppalaisempaa Natoa olisi pit\u00e4nyt ottaa esille paljon vakavammin jo ajat sitten. Parempi my\u00f6h\u00e4\u00e4n kuin ei milloinkaan, Niinist\u00f6 arvioi.<\/p>\n<p class=\"paragraph\">Raportin on tarkoitus valmistua maaliskuuhun menness\u00e4. Sit\u00e4 on kirjoitettu Niinist\u00f6n mukaan \u201dtuollaiset puolisen vuotta\u201d.<\/p>\n<p class=\"paragraph\">\u2013 Kiire on eritt\u00e4in kova, Niinist\u00f6 kiteytt\u00e4\u00e4.<\/p>\n<p class=\"paragraph\">Presidentti toivoo, ett\u00e4 Euroopan maat ottaisivat raportin toimenpidesuositukset tosissaan.<\/p>\n<p class=\"paragraph\">\u2013 En ollenkaan oleta, ett\u00e4 tulee malli, jota ollaan valmiita noudattamaan, mutta t\u00e4rke\u00e4\u00e4 on nyt, ett\u00e4 kaikki miettiv\u00e4t sit\u00e4, mit\u00e4 tehd\u00e4\u00e4n, h\u00e4n sanoo.<\/p>\n<p>Nato s\u00e4ilyy ilman USA:takin<\/p>\n<p class=\"paragraph\">Niinist\u00f6 arvioi, ett\u00e4 Nato ei lakkaa olemasta, vaikka Yhdysvallat vet\u00e4ytyisi siit\u00e4 tai ei olisi halukas sitoutumaan puolustusliiton 5. artiklaan.<\/p>\n<p class=\"paragraph\">Se ei olisi Naton loppu.<\/p>\n<p class=\"paragraph\">\u2013 Nato ei h\u00e4vi\u00e4 mihink\u00e4\u00e4n, mutta sen merkitys olennaisesti muuttuu. Sit\u00e4h\u00e4n varten meid\u00e4n eurooppalaisten tarvitsee p\u00f6rhist\u00e4yty\u00e4, ett\u00e4 se ei muutu kovin ratkaisevasti, Niinist\u00f6 painottaa.<\/p>\n<p class=\"paragraph\">Niinist\u00f6 korostaa, ett\u00e4 toivoo Yhdysvaltojen olevan nyt ja aina 100-prosenttisesti sitoutunut Naton yhteiseen puolustukseen. H\u00e4n pit\u00e4\u00e4 valitettavana, ett\u00e4 Yhdysvaltojen suhtautumiseen liittyy kysymysmerkkej\u00e4.<\/p>\n<p>EU-maiden puolustettava Gr\u00f6nlantia<\/p>\n<p class=\"paragraph\">Naton tulevaisuuden lis\u00e4ksi Niinist\u00f6 aikoo nostaa esille EU:n kohtalon. H\u00e4nen mielest\u00e4\u00e4n EU-maiden on puolustettava toisiaan aseellisesti, eik\u00e4 asiasta saisi vallita pienint\u00e4k\u00e4\u00e4n ep\u00e4ilyst\u00e4.<\/p>\n<p class=\"paragraph\">\u2013 Aion vahvasti tuoda esille EU:n keskin\u00e4isen solidaarisuusvelvoitteen, koska nyth\u00e4n puhutaan, ett\u00e4 Nato on kuollut, jos Yhdysvallat tulee sotilaallisesti Gr\u00f6nlantiin. Minusta yht\u00e4 lailla voidaan puhua, ett\u00e4 ent\u00e4 sitten EU, vaikka ei Gr\u00f6nlanti EU:n alueeseen kuulukaan, mutta Tanska kuuluu, Niinist\u00f6 t\u00e4hdent\u00e4\u00e4.<\/p>\n<p class=\"paragraph\">Niinist\u00f6n mukaan kaikki EU-maat ovat Lissabonin sopimuksen nojalla velvollisia auttamaan Tanskaa konkreettisilla teoilla.<\/p>\n<p class=\"paragraph\">\u2013 Gr\u00f6nlanti kuuluu Tanskaan ja on Lissabonin sopimuksen 42.7:n mukainen suojelukohde. Jos j\u00e4senmaa joutuu hy\u00f6kk\u00e4yksen kohteeksi, muiden j\u00e4senmaiden on kykyjens\u00e4 mukaan avustettava ja autettava. Jos t\u00e4llainen tilanne syntyisi, min\u00e4 luulen, ett\u00e4 halukkuus siihen on aika pieni, Niinist\u00f6 puntaroi.<\/p>\n<p class=\"paragraph\">Jos Tanskalle ei apua tulisi, joutuisi kyseenalaiseksi Niinist\u00f6n arvion mukaan my\u00f6s EU, ei pelk\u00e4st\u00e4\u00e4n Nato.<\/p>\n<p class=\"paragraph\">T\u00e4m\u00e4 koskee my\u00f6s muita mahdollisia hy\u00f6kk\u00e4yksi\u00e4 johonkin EU-maahan.<\/p>\n<p class=\"paragraph\">\u2013 Joudutaan hyvin erikoiseen asetelmaan, jos joudutaan miettim\u00e4\u00e4n, mit\u00e4 tehd\u00e4\u00e4n. Min\u00e4 n\u00e4en, ett\u00e4 EU:n peruspilari on turvallisuuden takaaminen. Jos turvallisuutta ei olla halukkaita takaamaan, syntyy kysymys, mit\u00e4 me sellaisella EU:lla teemme. Saattaa olla, ett\u00e4 se tulee mitattavaksi, onko halua auttaa. Ellei sit\u00e4 ole, kyll\u00e4 minusta t\u00e4ytyy esitt\u00e4\u00e4 hyvin vakavia kysymysmerkkej\u00e4 Euroopan unioniinkin p\u00e4in, Niinist\u00f6 sanoo Iltalehdelle.<\/p>\n<p class=\"paragraph\">Vaikeina aikoina punnitaan, onko EU oikea Euroopan rauhan takaaja vaiko ei.<\/p>\n<p class=\"paragraph\">\u2013 Sotilaallinen uhka on paljon vakavampi asia kuin talousongelmat. Jos ei kaikkein vakavimpaan asiaan solidaarisuus riit\u00e4, kyll\u00e4 se kysymyksi\u00e4 her\u00e4tt\u00e4\u00e4, Niinist\u00f6 korostaa.<\/p>\n<p>Eurooppalainen armeija<\/p>\n<p class=\"paragraph\">Iltalehden tietojen mukaan Niinist\u00f6n raportti saattaa sis\u00e4lt\u00e4\u00e4 suosituksen puolustuskomissari <strong>Andrius Kubiliuksen<\/strong> esitt\u00e4m\u00e4st\u00e4 puolustusneuvoston perustamisesta. Kubilius sanoi puheessaan S\u00e4leniss\u00e4, ett\u00e4 keskustelua Euroopan puolustuksesta pit\u00e4isi jatkaa ep\u00e4virallisen E5-ryhm\u00e4n eli Ranskan, Saksan, Britannian, Puolan ja Italian kesken.<\/p>\n<p class=\"paragraph\">My\u00f6hemmin t\u00e4m\u00e4 ryhm\u00e4 pit\u00e4isi Kubiliuksen mukaan p\u00e4ivitt\u00e4\u00e4 viralliseksi Euroopan turvallisuusneuvostoksi, jolla olisi pysyv\u00e4t j\u00e4senet sek\u00e4 kiert\u00e4vi\u00e4 j\u00e4seni\u00e4. Puolustusneuvosto tekisi Euroopan puolustusta koskevia p\u00e4\u00e4t\u00f6ksi\u00e4 ja k\u00e4visi asiasta keskustelua. Neuvoston perustamista ovat aiemmin esitt\u00e4neet Saksan entinen liittokansleri <strong>Angela Merkel<\/strong> ja Ranskan presidentti <strong>Emmanuel Macron<\/strong>.<\/p>\n<p class=\"paragraph\">Kubilius puhui S\u00e4leniss\u00e4 turvallisuusneuvoston perustamisen lis\u00e4ksi 100 000 sotilaan eurooppalaisen armeijan tarpeesta, mik\u00e4li Yhdysvallat vet\u00e4ytyy Euroopasta. Avauksia ei ole aiemmin kuultu komissaarin suusta julkisuudessa.<\/p>\n<p class=\"paragraph\">Sadantuhannen sotilaan tarve syntyy siit\u00e4, ett\u00e4 Naton rakenteisiin ja puolustussuunnitelmiin syntyy arviolta yht\u00e4 suuri aukko, jos USA vet\u00e4\u00e4 pois sotilaansa Euroopasta.<\/p>\n<p class=\"paragraph\">Eurooppalainen armeija toimisi osana Naton komentorakenteita tai niiden kanssa tiiviiss\u00e4 yhteisty\u00f6ss\u00e4.<\/p>\n<p class=\"paragraph\">Niinist\u00f6 kertoo, ett\u00e4 eurooppalaisen armeijan perustaminen nostetaan esille raportissa.<\/p>\n<p class=\"paragraph\">\u2013 Kysymys eurooppalaisesta armeijasta on k\u00e4sitelt\u00e4v\u00e4 raportissa, Niinist\u00f6 kertoo.<\/p>\n<p class=\"paragraph\">\u2013 Er\u00e4s malli on se, ett\u00e4 sit\u00e4 mukaa kuin Yhdysvallat v\u00e4hent\u00e4\u00e4 osuuttaan joukoista, niit\u00e4 t\u00e4ydennet\u00e4\u00e4n eurooppalaisilla pitkin matkaa, ylh\u00e4\u00e4lt\u00e4 alas. Silloin voidaan puhua eurooppalaisemmasta Natosta, Niinist\u00f6 sanoo.<\/p>\n<p class=\"paragraph\">Toinenkin malli on olemassa.<\/p>\n<p class=\"paragraph\">\u2013 Toinen malli on sitten se, ett\u00e4 on jo olemassa erilaisia yhteisty\u00f6kuvioita eurooppalaisten kesken, kuten Pesco, Eurocorps ja JEF. Ent\u00e4p\u00e4 jos niist\u00e4 kehitet\u00e4\u00e4n pyramidi siten, ett\u00e4 rakenne ei ole tilkkut\u00e4kki vaan kattava, Niinist\u00f6 havainnollistaa.<\/p>\n<p class=\"paragraph\">Iltalehden EU-l\u00e4hteist\u00e4 saamien tietojen mukaan on k\u00e4yt\u00e4nn\u00f6ss\u00e4 varmaa, ett\u00e4 Kubiliuksen puhe on hyv\u00e4ksytetty komission puheenjohtajalla <strong>Ursula von der Leyenill\u00e4<\/strong>. T\u00e4m\u00e4 tarkoittaa komission t\u00e4ytt\u00e4 tukea ehdotuksille.<\/p>\n<p>Suositukset my\u00f6s EU:hun<\/p>\n<p class=\"paragraph\">Vaikka komissio haluaisi edist\u00e4\u00e4\u00a0puolustusneuvoston perustamista, aloitteen pit\u00e4isi k\u00e4yt\u00e4nn\u00f6ss\u00e4 tulla j\u00e4senmaiden kautta. EU-l\u00e4hteiden mukaan tehokkainta olisi, jos ajatus puolustusneuvostosta saataisiin mukaan EU-maiden johtajista koostuvan Eurooppa-neuvoston loppup\u00e4\u00e4telmiin.<\/p>\n<p class=\"paragraph\">Eurooppa-neuvosto antaa muodollisesti komissiolle teht\u00e4vi\u00e4, joten t\u00e4ll\u00f6in komissio voisi alkaa edist\u00e4\u00e4 asiaa. Koska Niinist\u00f6n raportti julkaistaan hyvin pian, jo kev\u00e4\u00e4ll\u00e4, raportin suositukset voivat olla kes\u00e4kuun Eurooppa-neuvoston k\u00e4sitelt\u00e4vin\u00e4.<\/p>\n<p class=\"paragraph\">EU:ssa muutoksia on aiemminkin hoidettu tunnettujen poliitikkojen tekemien raporttien kautta. Komissio tilasi Euroopan keskuspankin entiselt\u00e4 p\u00e4\u00e4johtajalta <strong>Mario Draghilta<\/strong> EU:n kilpailukyky\u00e4 k\u00e4sittelev\u00e4n raportin, joka julkaistiin syyskuussa 2024. Nyt komissio esitt\u00e4\u00e4 vuosien 2028\u20132034 budjettiin uutta kilpailukykyrahastoa Draghin raportin suositusten mukaisesti.<\/p>\n","protected":false},"excerpt":{"rendered":"Raportissa nostetaan esille my\u00f6s eurooppalaisen armeijan perustaminen. \u201dMiten Euroopan sotilaallinen turva voitaisiin mahdollisimman hyvin hahmottaa sen tilanteen varalta,&hellip;\n","protected":false},"author":2,"featured_media":142357,"comment_status":"","ping_status":"","sticky":false,"template":"","format":"standard","meta":{"footnotes":""},"categories":[14],"tags":[35,22,23,26,27,33,31,30,17,24,25,28,29,15,18,21,142,637,2535,32,19,20,2534,56,4385,16,59,60,61],"class_list":{"0":"post-142356","1":"post","2":"type-post","3":"status-publish","4":"format-standard","5":"has-post-thumbnail","7":"category-ulkomaat","8":"tag-24h","9":"tag-breaking-news","10":"tag-breakingnews","11":"tag-featured-news","12":"tag-featurednews","13":"tag-fi","14":"tag-finland","15":"tag-finnish","16":"tag-headlines","17":"tag-latest-news","18":"tag-latestnews","19":"tag-main-news","20":"tag-mainnews","21":"tag-news","22":"tag-otsikot","23":"tag-paauutiset","24":"tag-poliitikot","25":"tag-politiikka","26":"tag-puolustuspolitiikka","27":"tag-suomi","28":"tag-top-stories","29":"tag-topstories","30":"tag-turvallisuuspolitiikka","31":"tag-ulkomaat","32":"tag-ulkopolitiikka-ja-kansainvalinen-politiikka","33":"tag-uutiset","34":"tag-world","35":"tag-world-news","36":"tag-worldnews"},"share_on_mastodon":{"url":"https:\/\/pubeurope.com\/@fi\/115895151145316016","error":""},"_links":{"self":[{"href":"https:\/\/www.europesays.com\/fi\/wp-json\/wp\/v2\/posts\/142356","targetHints":{"allow":["GET"]}}],"collection":[{"href":"https:\/\/www.europesays.com\/fi\/wp-json\/wp\/v2\/posts"}],"about":[{"href":"https:\/\/www.europesays.com\/fi\/wp-json\/wp\/v2\/types\/post"}],"author":[{"embeddable":true,"href":"https:\/\/www.europesays.com\/fi\/wp-json\/wp\/v2\/users\/2"}],"replies":[{"embeddable":true,"href":"https:\/\/www.europesays.com\/fi\/wp-json\/wp\/v2\/comments?post=142356"}],"version-history":[{"count":0,"href":"https:\/\/www.europesays.com\/fi\/wp-json\/wp\/v2\/posts\/142356\/revisions"}],"wp:featuredmedia":[{"embeddable":true,"href":"https:\/\/www.europesays.com\/fi\/wp-json\/wp\/v2\/media\/142357"}],"wp:attachment":[{"href":"https:\/\/www.europesays.com\/fi\/wp-json\/wp\/v2\/media?parent=142356"}],"wp:term":[{"taxonomy":"category","embeddable":true,"href":"https:\/\/www.europesays.com\/fi\/wp-json\/wp\/v2\/categories?post=142356"},{"taxonomy":"post_tag","embeddable":true,"href":"https:\/\/www.europesays.com\/fi\/wp-json\/wp\/v2\/tags?post=142356"}],"curies":[{"name":"wp","href":"https:\/\/api.w.org\/{rel}","templated":true}]}}