{"id":142362,"date":"2026-01-14T19:53:09","date_gmt":"2026-01-14T19:53:09","guid":{"rendered":"https:\/\/www.europesays.com\/fi\/142362\/"},"modified":"2026-01-14T19:53:09","modified_gmt":"2026-01-14T19:53:09","slug":"umk-artistit-julki-yksi-nimi-nousi-heti-somekansan-suosikiksi","status":"publish","type":"post","link":"https:\/\/www.europesays.com\/fi\/142362\/","title":{"rendered":"UMK-artistit julki \u2013 Yksi nimi nousi heti somekansan suosikiksi"},"content":{"rendered":"<p>UMK-artistit julkistettiin keskiviikkona. Somekansa riensi heti kertomaan mielipiteens\u00e4 artisteista.<\/p>\n<p class=\"paragraph\">Uuden musiikin kilpailun osallistujat ovat nyt julki.<\/p>\n<p class=\"paragraph\">Kilpailuun osallistuvat Komiat-yhtye, <a href=\"https:\/\/www.iltalehti.fi\/henkilot\/Chachi Gonzales\" class=\"article-link-person-page\" rel=\"nofollow noopener\" target=\"_blank\">Chachi<\/a>, <a href=\"https:\/\/www.iltalehti.fi\/henkilot\/Antti Paalanen\" class=\"article-link-person-page\" rel=\"nofollow noopener\" target=\"_blank\">Antti Paalanen<\/a>, <a href=\"https:\/\/www.iltalehti.fi\/henkilot\/Linda Lampenius\" class=\"article-link-person-page\" rel=\"nofollow noopener\" target=\"_blank\">Linda Lampenius<\/a> ja <a href=\"https:\/\/www.iltalehti.fi\/henkilot\/Pete Parkkonen\" class=\"article-link-person-page\" rel=\"nofollow noopener\" target=\"_blank\">Pete Parkkonen<\/a>, <a href=\"https:\/\/www.iltalehti.fi\/henkilot\/Etta\" class=\"article-link-person-page\" rel=\"nofollow noopener\" target=\"_blank\">Etta<\/a>, <strong>Kiki<\/strong> sek\u00e4 <a href=\"https:\/\/www.iltalehti.fi\/henkilot\/Sinikka Monte\" class=\"article-link-person-page\" rel=\"nofollow noopener\" target=\"_blank\">Sinikka Monte<\/a>.<\/p>\n<p class=\"paragraph\">Suomen euroviisuedustaja valitaan UMK:sta 28. helmikuuta. Iltalehden lukijat riensiv\u00e4t heti UMK-kilpailijoiden julkistuksen j\u00e4lkeen kertomaan mielipiteens\u00e4 t\u00e4m\u00e4n vuoden kilpailijoista.<\/p>\n<p class=\"paragraph\">Useat <a href=\"https:\/\/www.facebook.com\/Iltalehti.fi?locale=fi_FI\" rel=\"noopener nofollow\" target=\"_blank\">Iltalehden Facebookin kommenttikent\u00e4n<\/a> kommentoijat sanovat t\u00e4m\u00e4n vuoden artistikattauksen olevan hyv\u00e4 ja monipuolinen. Osa kommentoijista puolestaan ei uskalla sanoa viel\u00e4 suosikkiaan ennen kuin kappaleet on kuultu.<\/p>\n<p class=\"paragraph\">\u2013 Mielenkiintoinen kattaus artisteja, er\u00e4s kommentoija summaa.<\/p>\n<p class=\"paragraph\">\u2013 Todella mielenkiintoinen. Kiva ett\u00e4 on uusia artisteja, jotka eiv\u00e4t ole niin tunnettuja, toinen kommentoija jatkaa.<\/p>\n<p class=\"paragraph\">\u2013 N\u00e4ist\u00e4 en tiennyt kuin Lindan, Peten ja Hildenin vaimon. Muut ihan nev\u00f6h\u00f6\u00f6d. Joten biisej\u00e4 odotetaan mielenkiinnolla, ett\u00e4 kenest\u00e4 kuoriutuu viisuhitin esitt\u00e4j\u00e4.<\/p>\n<p><img decoding=\"async\" class=\"image image-show image-preview\" src=\"https:\/\/www.europesays.com\/fi\/wp-content\/uploads\/2026\/01\/13c68f4329a09fd021d346a5edf08c41e4c83f480c88f087e8097c1b0345c715.jpg\" alt=\"\"\/><img decoding=\"async\" class=\"image image-show\" src=\"https:\/\/www.europesays.com\/fi\/wp-content\/uploads\/2026\/01\/1768415947_328_13c68f4329a09fd021d346a5edf08c41e4c83f480c88f087e8097c1b0345c715.jpg\" alt=\"\"\/><\/p>\n<p>Vuoden 2026 Uuden musiikin kilpailun osallistujat julkistettiin 14. tammikuuta. Mukana kisassa ovat Sinikka Monte (alarivi vas.), Chachi Hild\u00e9n, Kiki, Antti Paalanen, Pete Parkkonen yhdess\u00e4 Linda Lampeniuksen kanssa, Etta (alaoik.) sek\u00e4 Komiat-yhtye (yl\u00e4rivi). Elle Laitila<\/p>\n<p>\u201dUlkon\u00e4k\u00f6\u00e4 ja karismaa\u201d<\/p>\n<p class=\"paragraph\">Yksi nimi on kuitenkin selke\u00e4sti ylitse muiden. Pete Parkkonen on selv\u00e4sti useiden kommentoijien mieleen.<\/p>\n<p class=\"paragraph\">\u2013 \u00c4\u00e4ni Pete Parkkoselle, vaikka en ole biisi\u00e4 kuullutkaan, yksi kommentoija sanoo.<\/p>\n<p class=\"paragraph\">\u2013 Pete. On ulkon\u00e4k\u00f6\u00e4, karismaa, \u00e4\u00e4nt\u00e4, esiintymiskyky\u00e4, jolla ottaa yleis\u00f6n haltuun. Paljon toki kiinni, millaisella kappaleella liikkeell\u00e4, mutta paljon potentiaalia kyll\u00e4, kommenteissa pohditaan.<\/p>\n<p class=\"paragraph\">\u2013 Pete Parkkonen ja Linda, molemmat vahvoja ammattilaisia.<\/p>\n<p class=\"paragraph\">\u2013 Pete ja Linda. Karismaa ja taitoa lavan t\u00e4ydelt\u00e4!<\/p>\n<p class=\"paragraph\">\u2013 Biisi\u00e4k\u00e4\u00e4n kuulematta voisi kuvitella, ett\u00e4 Pete ja Linda onnistuisivat toimittamaan jotain, mik\u00e4 toimii.<\/p>\n<p class=\"paragraph\">Komiat-yhtye on my\u00f6s useiden kommentoijien suosikki. Yhtye on tunnettu tanssilavoilta.<\/p>\n<p class=\"paragraph\">My\u00f6s sora\u00e4\u00e4ni\u00e4 l\u00f6ytyy.<\/p>\n<p class=\"paragraph\">\u2013 Jos ei olis vuotanut t\u00e4n\u00e4kin vuonna ennakkoon, olisi ollut hyv\u00e4, kommenteissa todetaan.<\/p>\n<p class=\"paragraph\">\u2013 Siis eik\u00f6 yht\u00e4\u00e4n rock- tai metalliartistia? Er\u00e4s kommentoija ihmettelee.<\/p>\n<p class=\"paragraph\">\u2013 Ei hyv\u00e4\u00e4 p\u00e4iv\u00e4\u00e4. Jos n\u00e4ist\u00e4 joku, niin Pete Parkkonen.<\/p>\n<p class=\"paragraph\">\u2013 Kiinnostus vain laskee vuosi vuodelta<\/p>\n<p class=\"paragraph\">Uuden musiikin kilpailun voittaja edustaa Suomea Euroviisuissa toukokuussa It\u00e4vallan Wieniss\u00e4.<\/p>\n","protected":false},"excerpt":{"rendered":"UMK-artistit julkistettiin keskiviikkona. Somekansa riensi heti kertomaan mielipiteens\u00e4 artisteista. Uuden musiikin kilpailun osallistujat ovat nyt julki. Kilpailuun osallistuvat&hellip;\n","protected":false},"author":2,"featured_media":142307,"comment_status":"","ping_status":"","sticky":false,"template":"","format":"standard","meta":{"footnotes":""},"categories":[136],"tags":[35,138,407,137,33,31,30,408,525,47,141,32,484,109],"class_list":{"0":"post-142362","1":"post","2":"type-post","3":"status-publish","4":"format-standard","5":"has-post-thumbnail","7":"category-julkkikset","8":"tag-24h","9":"tag-audio","10":"tag-celebrities","11":"tag-entertainment","12":"tag-fi","13":"tag-finland","14":"tag-finnish","15":"tag-julkkikset","16":"tag-laulaminen-ja-laulajat","17":"tag-musiikki","18":"tag-muusikot-bandit","19":"tag-suomi","20":"tag-taiteellinen-ilmaisu-ja-mediat","21":"tag-viihde"},"share_on_mastodon":{"url":"https:\/\/pubeurope.com\/@fi\/115895206176569444","error":""},"_links":{"self":[{"href":"https:\/\/www.europesays.com\/fi\/wp-json\/wp\/v2\/posts\/142362","targetHints":{"allow":["GET"]}}],"collection":[{"href":"https:\/\/www.europesays.com\/fi\/wp-json\/wp\/v2\/posts"}],"about":[{"href":"https:\/\/www.europesays.com\/fi\/wp-json\/wp\/v2\/types\/post"}],"author":[{"embeddable":true,"href":"https:\/\/www.europesays.com\/fi\/wp-json\/wp\/v2\/users\/2"}],"replies":[{"embeddable":true,"href":"https:\/\/www.europesays.com\/fi\/wp-json\/wp\/v2\/comments?post=142362"}],"version-history":[{"count":0,"href":"https:\/\/www.europesays.com\/fi\/wp-json\/wp\/v2\/posts\/142362\/revisions"}],"wp:featuredmedia":[{"embeddable":true,"href":"https:\/\/www.europesays.com\/fi\/wp-json\/wp\/v2\/media\/142307"}],"wp:attachment":[{"href":"https:\/\/www.europesays.com\/fi\/wp-json\/wp\/v2\/media?parent=142362"}],"wp:term":[{"taxonomy":"category","embeddable":true,"href":"https:\/\/www.europesays.com\/fi\/wp-json\/wp\/v2\/categories?post=142362"},{"taxonomy":"post_tag","embeddable":true,"href":"https:\/\/www.europesays.com\/fi\/wp-json\/wp\/v2\/tags?post=142362"}],"curies":[{"name":"wp","href":"https:\/\/api.w.org\/{rel}","templated":true}]}}