{"id":142367,"date":"2026-01-14T19:58:06","date_gmt":"2026-01-14T19:58:06","guid":{"rendered":"https:\/\/www.europesays.com\/fi\/142367\/"},"modified":"2026-01-14T19:58:06","modified_gmt":"2026-01-14T19:58:06","slug":"godzilla-minus-zero-sai-julisteen-samalla-paljastettiin-ensi-ilta","status":"publish","type":"post","link":"https:\/\/www.europesays.com\/fi\/142367\/","title":{"rendered":"Godzilla Minus Zero sai julisteen \u2013 samalla paljastettiin ensi-ilta"},"content":{"rendered":"<p>Japanilainen elokuvastudio Toho julkaisi Godzilla Minus Zero -elokuvan virallisen julisteen ja paljasti julkaisup\u00e4iv\u00e4n.<\/p>\n<p>Pohjois-Amerikassa leffa julkaistaan 6.11.2026 ja Japanissa 3.11.2026. Japanin p\u00e4iv\u00e4m\u00e4\u00e4r\u00e4 ajoittuu \u201dGodzilla-p\u00e4iv\u00e4\u00e4n\u201d \u2013 fanitapahtumaan, jota vietet\u00e4\u00e4n alkuper\u00e4isen, vuoden 1954-elokuvan muistoksi. Euroopan julkaisu ei viel\u00e4 ole tiedossa.<\/p>\n<p>Lue my\u00f6s: <a href=\"https:\/\/www.episodi.fi\/uutiset\/james-cameron-haluaisi-tunkea-nappinsa-godzilla-minus-oneen\/\" title=\"James Cameron haluaisi tunkea n\u00e4ppins\u00e4 Godzilla Minus Oneen\" class=\"underline-custom !font-montserrat !font-bold !underline-offset-4 !decoration-4 !decoration-episodi-blue !text-md\" rel=\"nofollow noopener\" target=\"_blank\">James Cameron haluaisi tunkea n\u00e4ppins\u00e4 Godzilla Minus Oneen<\/a><\/p>\n<p>Lue my\u00f6s: <a href=\"https:\/\/www.episodi.fi\/uutiset\/miinus-nolla-piste-nolla-seuraavan-godzilla-elokuvan-kryptinen-nimi-julkistettiin\/\" title=\"Miinus nolla piste nolla \u2013 Seuraavan Godzilla-elokuvan kryptinen nimi julkistettiin\" class=\"underline-custom !font-montserrat !font-bold !underline-offset-4 !decoration-4 !decoration-episodi-blue !text-md\" rel=\"nofollow noopener\" target=\"_blank\">Miinus nolla piste nolla \u2013 Seuraavan Godzilla-elokuvan kryptinen nimi julkistettiin<\/a><\/p>\n<p>Godzilla Minus One (2023) rikkoi enn\u00e4tyksi\u00e4: elokuva tahkosi l\u00e4hes 114 miljoonaa dollaria globaalisti ja voitti Oscarin parhaista erikoistehosteista.<\/p>\n<p>Jatko-osan ohjaa ja k\u00e4sikirjoittaa j\u00e4lleen <strong>Takashi Yamazaki<\/strong>.<\/p>\n<p>Lue my\u00f6s: <a href=\"https:\/\/www.episodi.fi\/uutiskirje\/?uutiskirjemainos=tekstilinkkimainos\" title=\"Tilaa Episodin uutiskirje ja voit voittaa leffalippuja! Nappaa tv-vinkit suoraan s\u00e4hk\u00f6postiin t\u00e4st\u00e4.\" class=\"underline-custom !font-montserrat !font-bold !underline-offset-4 !decoration-4 !decoration-episodi-blue !text-md\" rel=\"nofollow noopener\" target=\"_blank\">Tilaa Episodin uutiskirje ja voit voittaa leffalippuja! Nappaa katseluvinkit suoraan s\u00e4hk\u00f6postiin t\u00e4st\u00e4.<\/a><\/p>\n<p>\t\t\tAiheeseen liittyvi\u00e4 elokuvia<\/p>\n","protected":false},"excerpt":{"rendered":"Japanilainen elokuvastudio Toho julkaisi Godzilla Minus Zero -elokuvan virallisen julisteen ja paljasti julkaisup\u00e4iv\u00e4n. Pohjois-Amerikassa leffa julkaistaan 6.11.2026 ja&hellip;\n","protected":false},"author":2,"featured_media":142368,"comment_status":"","ping_status":"","sticky":false,"template":"","format":"standard","meta":{"footnotes":""},"categories":[131],"tags":[155,137,33,173,31,30,24267,172,32,109],"class_list":{"0":"post-142367","1":"post","2":"type-post","3":"status-publish","4":"format-standard","5":"has-post-thumbnail","7":"category-elokuvat","8":"tag-elokuvat","9":"tag-entertainment","10":"tag-fi","11":"tag-film","12":"tag-finland","13":"tag-finnish","14":"tag-godzilla-minus-zero","15":"tag-movies","16":"tag-suomi","17":"tag-viihde"},"share_on_mastodon":{"url":"https:\/\/pubeurope.com\/@fi\/115895225694167667","error":""},"_links":{"self":[{"href":"https:\/\/www.europesays.com\/fi\/wp-json\/wp\/v2\/posts\/142367","targetHints":{"allow":["GET"]}}],"collection":[{"href":"https:\/\/www.europesays.com\/fi\/wp-json\/wp\/v2\/posts"}],"about":[{"href":"https:\/\/www.europesays.com\/fi\/wp-json\/wp\/v2\/types\/post"}],"author":[{"embeddable":true,"href":"https:\/\/www.europesays.com\/fi\/wp-json\/wp\/v2\/users\/2"}],"replies":[{"embeddable":true,"href":"https:\/\/www.europesays.com\/fi\/wp-json\/wp\/v2\/comments?post=142367"}],"version-history":[{"count":0,"href":"https:\/\/www.europesays.com\/fi\/wp-json\/wp\/v2\/posts\/142367\/revisions"}],"wp:featuredmedia":[{"embeddable":true,"href":"https:\/\/www.europesays.com\/fi\/wp-json\/wp\/v2\/media\/142368"}],"wp:attachment":[{"href":"https:\/\/www.europesays.com\/fi\/wp-json\/wp\/v2\/media?parent=142367"}],"wp:term":[{"taxonomy":"category","embeddable":true,"href":"https:\/\/www.europesays.com\/fi\/wp-json\/wp\/v2\/categories?post=142367"},{"taxonomy":"post_tag","embeddable":true,"href":"https:\/\/www.europesays.com\/fi\/wp-json\/wp\/v2\/tags?post=142367"}],"curies":[{"name":"wp","href":"https:\/\/api.w.org\/{rel}","templated":true}]}}