{"id":142375,"date":"2026-01-14T20:04:13","date_gmt":"2026-01-14T20:04:13","guid":{"rendered":"https:\/\/www.europesays.com\/fi\/142375\/"},"modified":"2026-01-14T20:04:13","modified_gmt":"2026-01-14T20:04:13","slug":"kutsu-ssabn-tilinpaatostiedotteen-2025-julkistukseen","status":"publish","type":"post","link":"https:\/\/www.europesays.com\/fi\/142375\/","title":{"rendered":"Kutsu SSAB:n tilinp\u00e4\u00e4t\u00f6stiedotteen 2025 julkistukseen"},"content":{"rendered":"<p>&#13;<br \/>\n                        &#13;<br \/>\n&#13;<br \/>\n&#13;<\/p>\n<p>SSAB j\u00e4rjest\u00e4\u00e4 analyytikko- ja mediatilaisuuden klo 9.30 CET (10.30 Suomen aikaa) vuoden 2025 tilinp\u00e4\u00e4t\u00f6stiedotteensa julkaisup\u00e4iv\u00e4n\u00e4 keskiviikkona 28. tammikuuta 2026. Raportti julkaistaan noin klo 7.30 CET samana p\u00e4iv\u00e4n\u00e4.<\/p>\n<p>&#13;<\/p>\n<p style=\"margin-bottom: 11px;margin-top:12px;\"><img loading=\"lazy\" decoding=\"async\" alt=\"\" height=\"225\" src=\"https:\/\/www.europesays.com\/fi\/wp-content\/uploads\/2026\/01\/9f0c7c38660697a1_800x800ar.jpg\" width=\"400\"\/><\/p>\n<p style=\"margin-bottom: 11px;\">Tilinp\u00e4\u00e4t\u00f6stiedotteen esittelev\u00e4t SSAB:n toimitusjohtaja Johnny Sj\u00f6str\u00f6m ja talous- ja rahoitusjohtaja Leena Craelius.<\/p>\n<p style=\"margin-bottom: 11px;\">Tiedotustilaisuus pidet\u00e4\u00e4n englanniksi. Tilaisuuteen voi osallistua webcast-linkin kautta.<\/p>\n<p style=\"margin-bottom: 11px;\"><strong>Linkki webcastiin<\/strong><strong>:<\/strong> <a href=\"https:\/\/edge.media-server.com\/mmc\/p\/66owuqpm\" style=\" text-decoration:underline;\" target=\"_blank\" rel=\"nofollow noopener\">https:\/\/edge.media-server.com\/mmc\/p\/66owuqpm<\/a><\/p>\n<p style=\"margin-bottom: 11px;\">Tilaisuuteen voi osallistua my\u00f6s puhelimitse. Klikkaa alla olevaa linkki\u00e4, t\u00e4yt\u00e4 lomake ja voit valita, haluatko soittaa itse vai soitetaanko sinulle klikkaamalla &#8221;Call me&#8221;.<\/p>\n<p style=\"margin-bottom: 11px;\"><strong>Linkki telekonferenssiin<\/strong>:<br \/><a href=\"https:\/\/register-conf.media-server.com\/register\/BIcb09e23c5d3442e89f13467fd21d1ab2\" style=\" text-decoration:underline;\" target=\"_blank\" rel=\"nofollow noopener\">https:\/\/register-conf.media-server.com\/register\/BIcb09e23c5d3442e89f13467fd21d1ab2<\/a><\/p>\n<p style=\"margin-bottom: 11px; margin-right: 85px;\"><strong>Lis\u00e4tietoja: <\/strong><br \/>Sijoittajat: Per Hillstr\u00f6m, Head of Investor Relations, <a href=\"https:\/\/news.cision.com\/fi\/ssab\/r\/mailto:per.hillstrom@ssab.com\" style=\" text-decoration:underline;\" rel=\"nofollow noopener\" target=\"_blank\">per.hillstrom@ssab.com<\/a>,<br \/>puh. +46 702 95 29 12<br \/>Media Suomessa: Atte Kaksonen, SSAB Konserniviestint\u00e4, atte.kaksonen@ssab.com,<br \/>puh. +358 50 3143 634<\/p>\n<p style=\"margin-bottom: 11px; margin-right: 85px;\">T\u00e4m\u00e4 lehdist\u00f6tiedote on suomenkielinen k\u00e4\u00e4nn\u00f6s ruotsiksi ja englanniksi julkaistusta p\u00f6rssitiedotteesta.<\/p>\n<p>&#13;<br \/>\n&#13;<br \/>\n&#13;<br \/>\n&#13;<\/p>\n<p>SSAB on maailmanlaajuisesti toimiva pohjoismainen ja yhdysvaltalainen ter\u00e4syhti\u00f6, joka rakentaa vahvempaa, kevyemp\u00e4\u00e4 ja kest\u00e4v\u00e4mp\u00e4\u00e4 maailmaa lis\u00e4arvoa tuottavien ter\u00e4stuotteidensa ja -palveluidensa avulla. Yhteisty\u00f6ss\u00e4 kumppaneidensa kanssa SSAB on kehitt\u00e4nyt fossiilivapaan ter\u00e4ksen (SSAB Fossil-free\u2122 steel) ja aikoo luoda fossiilivapaan arvoketjun kaivoksesta loppuasiakkaalle. Samalla poistamme suurelta osin oman toimintamme hiilidioksidip\u00e4\u00e4st\u00f6t. SSAB Zero\u2122, suurelta osin hiilidioksidip\u00e4\u00e4st\u00f6t\u00f6n kierr\u00e4tyster\u00e4kseen perustuva ter\u00e4s, vahvistaa entisest\u00e4\u00e4n SSAB:n johtoasemaa ja kattavaa, raaka-aineesta riippumatonta kest\u00e4v\u00e4n kehityksen mukaista tarjontaamme. SSAB:ll\u00e4 on ty\u00f6ntekij\u00f6it\u00e4 yli 50 maassa ja tuotantolaitoksia Ruotsissa, Suomessa ja Yhdysvalloissa. Yhti\u00f6 on noteerattu Nasdaq Tukholmassa ja toissijaisesti Nasdaq Helsingiss\u00e4. Tervetuloa matkallemme!\u00a0<a href=\"http:\/\/www.ssab.com\/\" target=\"_blank\" rel=\"nofollow noopener\">www.ssab.com<\/a>,\u00a0<a href=\"https:\/\/www.facebook.com\/ssab.ab\/\" target=\"_blank\" rel=\"nofollow noopener\">Facebook<\/a>,\u00a0<a href=\"https:\/\/www.instagram.com\/ssab\" target=\"_blank\" rel=\"nofollow noopener\">Instagram<\/a>,\u00a0<a href=\"https:\/\/www.linkedin.com\/company\/ssab\" target=\"_blank\" rel=\"nofollow noopener\">LinkedIn<\/a>,\u00a0<a href=\"https:\/\/twitter.com\/SSAB_AB\" target=\"_blank\" rel=\"nofollow noopener\">X<\/a>\u00a0ja\u00a0<a href=\"https:\/\/www.youtube.com\/channel\/UC4VLgeRbWC5GwUUcL3bOrlA\" target=\"_blank\" rel=\"nofollow noopener\">YouTube<\/a>.\u00a0<\/p>\n<p><strong>Avainsanat:<\/strong><\/p>\n<p>&#13;<br \/>\n&#13;<br \/>\n&#13;<br \/>\n                    <script async src=\"https:\/\/platform.twitter.com\/widgets.js\" charset=\"utf-8\"><\/script><script async src=\"\/\/www.instagram.com\/embed.js\"><\/script><\/p>\n","protected":false},"excerpt":{"rendered":"&#13; &#13; &#13; &#13; SSAB j\u00e4rjest\u00e4\u00e4 analyytikko- ja mediatilaisuuden klo 9.30 CET (10.30 Suomen aikaa) vuoden 2025 tilinp\u00e4\u00e4t\u00f6stiedotteensa&hellip;\n","protected":false},"author":2,"featured_media":142376,"comment_status":"","ping_status":"","sticky":false,"template":"","format":"standard","meta":{"footnotes":""},"categories":[76],"tags":[79,77,33,31,30,16189,24473,10691,32,78],"class_list":{"0":"post-142375","1":"post","2":"type-post","3":"status-publish","4":"format-standard","5":"has-post-thumbnail","7":"category-talous","8":"tag-business","9":"tag-economy","10":"tag-fi","11":"tag-finland","12":"tag-finnish","13":"tag-osavuosikatsaus","14":"tag-q4","15":"tag-sijoittajat","16":"tag-suomi","17":"tag-talous"},"share_on_mastodon":{"url":"https:\/\/pubeurope.com\/@fi\/115895249540219490","error":""},"_links":{"self":[{"href":"https:\/\/www.europesays.com\/fi\/wp-json\/wp\/v2\/posts\/142375","targetHints":{"allow":["GET"]}}],"collection":[{"href":"https:\/\/www.europesays.com\/fi\/wp-json\/wp\/v2\/posts"}],"about":[{"href":"https:\/\/www.europesays.com\/fi\/wp-json\/wp\/v2\/types\/post"}],"author":[{"embeddable":true,"href":"https:\/\/www.europesays.com\/fi\/wp-json\/wp\/v2\/users\/2"}],"replies":[{"embeddable":true,"href":"https:\/\/www.europesays.com\/fi\/wp-json\/wp\/v2\/comments?post=142375"}],"version-history":[{"count":0,"href":"https:\/\/www.europesays.com\/fi\/wp-json\/wp\/v2\/posts\/142375\/revisions"}],"wp:featuredmedia":[{"embeddable":true,"href":"https:\/\/www.europesays.com\/fi\/wp-json\/wp\/v2\/media\/142376"}],"wp:attachment":[{"href":"https:\/\/www.europesays.com\/fi\/wp-json\/wp\/v2\/media?parent=142375"}],"wp:term":[{"taxonomy":"category","embeddable":true,"href":"https:\/\/www.europesays.com\/fi\/wp-json\/wp\/v2\/categories?post=142375"},{"taxonomy":"post_tag","embeddable":true,"href":"https:\/\/www.europesays.com\/fi\/wp-json\/wp\/v2\/tags?post=142375"}],"curies":[{"name":"wp","href":"https:\/\/api.w.org\/{rel}","templated":true}]}}