{"id":142377,"date":"2026-01-14T20:05:09","date_gmt":"2026-01-14T20:05:09","guid":{"rendered":"https:\/\/www.europesays.com\/fi\/142377\/"},"modified":"2026-01-14T20:05:09","modified_gmt":"2026-01-14T20:05:09","slug":"ystavasta-viholliseksi-suhtautuminen-trumpiin-muuttuu-venajalla","status":"publish","type":"post","link":"https:\/\/www.europesays.com\/fi\/142377\/","title":{"rendered":"Yst\u00e4v\u00e4st\u00e4 viholliseksi: suhtautuminen Trumpiin muuttuu Ven\u00e4j\u00e4ll\u00e4"},"content":{"rendered":"<p>Arktinen alue|Kreml on kommentoinut Trumpin Gr\u00f6nlanti-aikeita pid\u00e4ttyv\u00e4sti mutta se on sanonut seuraavansa tilannetta tarkasti.<\/p>\n<p>Lue tiivistelm\u00e4<\/p>\n<p class=\"article-body mb-nof-24 px-nof-16 sndp-summary-bullet-point-font\">Yhdysvaltain presidentti Donald Trump haluaa liitt\u00e4\u00e4 Gr\u00f6nlannin Yhdysvaltoihin, mik\u00e4 on aiheuttanut Ven\u00e4j\u00e4ll\u00e4 \u00e4rtymyst\u00e4.<\/p>\n<p class=\"article-body mb-nof-24 px-nof-16 sndp-summary-bullet-point-font\">Ven\u00e4l\u00e4iset asiantuntijat pelk\u00e4\u00e4v\u00e4t, ett\u00e4 Gr\u00f6nlannista tulisi Yhdysvaltojen tukikohta, josta k\u00e4sin se valvoisi Ven\u00e4j\u00e4\u00e4.<\/p>\n<p class=\"article-body mb-nof-24 px-nof-16 sndp-summary-bullet-point-font\">Senaattori Aleksei Pu\u0161kov sanoo, ett\u00e4 Trumpin tavoitteena on ottaa hallintaansa osa Koillisv\u00e4yl\u00e4st\u00e4 ja est\u00e4\u00e4 Ven\u00e4j\u00e4n toimintaa Arktiksella.<\/p>\n<p class=\"article-body mb-nof-24 px-nof-16 sndp-summary-bullet-point-font\">Eurooppalaiset sotilasasiantuntijat kiist\u00e4v\u00e4t Trumpin v\u00e4itteet Ven\u00e4j\u00e4n ja Kiinan sotilasalusten l\u00e4sn\u00e4olosta Gr\u00f6nlannin l\u00e4hell\u00e4.<\/p>\n<p class=\"article-body mb-nof-24 px-nof-16\">Ven\u00e4l\u00e4iset asiantuntijat ja kuuluisat toimittajat ovat alkaneet arvostella jyrk\u00e4sti Yhdysvaltain presidentti\u00e4 <a class=\"font-bold underline-offset-[0.12em] [text-decoration:var(--person-link-text-decoration)] ![text-decoration-color:var(--person-link-text-decoration-color)]\" href=\"https:\/\/www.hs.fi\/haku\/?query=Donald%20Trumpia\" rel=\"nofollow noopener\" target=\"_blank\">Donald Trumpia<\/a> ja kutsua h\u00e4nt\u00e4 Ven\u00e4j\u00e4n viholliseksi.<\/p>\n<p class=\"article-body mb-nof-24 px-nof-16\">Viel\u00e4 \u00e4skett\u00e4in samat henkil\u00f6t pitiv\u00e4t h\u00e4nt\u00e4 mahdollisena liittolaisena. T\u00e4m\u00e4 johtui Trumpin pid\u00e4ttyv\u00e4isest\u00e4 kannasta Ven\u00e4j\u00e4n hy\u00f6kk\u00e4yssotaan ja h\u00e4nen kielt\u00e4ytymisest\u00e4\u00e4n suorasta sotilaallisesta avusta Ukrainalle.<\/p>\n<p class=\"article-body mb-nof-24 px-nof-16\">Jyrk\u00e4n k\u00e4\u00e4nteen syyn\u00e4 on Trumpin pyrkimys liitt\u00e4\u00e4 Gr\u00f6nlanti Yhdysvaltoihin.<\/p>\n<p class=\"article-body mb-nof-24 px-nof-16\">\u201dHarvaan asutusta Gr\u00f6nlannista on k\u00e4tev\u00e4\u00e4 pit\u00e4\u00e4 Ven\u00e4j\u00e4\u00e4 t\u00e4ht\u00e4imess\u00e4, erityisesti maamme luoteis- ja it\u00e4osia\u201d, <a class=\"underline underline-offset-[0.12em] [text-decoration-thickness:var(--generic-link-underline-thickness)] [text-decoration-color:var(--generic-link-underline-color)] [text-decoration-skip-ink:var(--generic-link-underline-skip-ink)] break-words\" href=\"https:\/\/ug.tsargrad.tv\/news\/riski-dlja-rossii-gde-razvernut-front-nikakoj-konspirologii-tolko-fakty_1121171\" rel=\"nofollow noopener\" target=\"_blank\">totesi <\/a>toimittaja <a class=\"font-bold underline-offset-[0.12em] [text-decoration:var(--person-link-text-decoration)] ![text-decoration-color:var(--person-link-text-decoration-color)]\" href=\"https:\/\/www.hs.fi\/haku\/?query=Sergei%20Laty%C5%A1ev\" rel=\"nofollow noopener\" target=\"_blank\">Sergei Laty\u0161ev<\/a> haastattelussa Tsargrad-televisiokanavalle.<\/p>\n<p class=\"article-body mb-nof-24 px-nof-16\">Senaattori <a class=\"font-bold underline-offset-[0.12em] [text-decoration:var(--person-link-text-decoration)] ![text-decoration-color:var(--person-link-text-decoration-color)]\" href=\"https:\/\/www.hs.fi\/haku\/?query=Aleksei%20Pu%C5%A1kov\" rel=\"nofollow noopener\" target=\"_blank\">Aleksei Pu\u0161kov<\/a> <a class=\"underline underline-offset-[0.12em] [text-decoration-thickness:var(--generic-link-underline-thickness)] [text-decoration-color:var(--generic-link-underline-color)] [text-decoration-skip-ink:var(--generic-link-underline-skip-ink)] break-words\" href=\"https:\/\/t.me\/alexey_pushkov\/14766\" rel=\"nofollow\">kirjoitti <\/a>Telegram-kanavallaan, ett\u00e4 Gr\u00f6nlannin mahdollinen liitt\u00e4minen Yhdysvaltoihin on suora isku Ven\u00e4j\u00e4n etuja vastaan. H\u00e4nen mukaansa Trumpin tavoitteena on ottaa hallintaansa osa Koillisv\u00e4yl\u00e4st\u00e4 sek\u00e4 est\u00e4\u00e4 Ven\u00e4j\u00e4n toimintaa Arktiksella.<\/p>\n<p class=\"article-body mb-nof-24 px-nof-16\">Ven\u00e4j\u00e4 on toistuvasti kutsunut Arktista \u201dkansallisten etujensa strategiseksi alueeksi\u201d.<\/p>\n<p class=\"article-body mb-nof-24 px-nof-16\">Politologi <a class=\"font-bold underline-offset-[0.12em] [text-decoration:var(--person-link-text-decoration)] ![text-decoration-color:var(--person-link-text-decoration-color)]\" href=\"https:\/\/www.hs.fi\/haku\/?query=Andrei%20Kortunovin\" rel=\"nofollow noopener\" target=\"_blank\">Andrei Kortunovin<\/a> mukaan Ven\u00e4j\u00e4 ei toivo Gr\u00f6nlannin vet\u00e4mist\u00e4 vastakkainasetteluun Yhdysvaltojen kanssa.<\/p>\n<p class=\"article-body mb-nof-24 px-nof-16\">\u201dT\u00e4ss\u00e4 tapauksessa Ven\u00e4j\u00e4\u00e4n on ryhdytt\u00e4v\u00e4 vastatoimiin pohjoisen laivastoryhm\u00e4ns\u00e4 vahvistamiseksi, mik\u00e4 liittyy lis\u00e4kustannuksiin ja vaatii aikaa\u201d, Kortunov <a class=\"underline underline-offset-[0.12em] [text-decoration-thickness:var(--generic-link-underline-thickness)] [text-decoration-color:var(--generic-link-underline-color)] [text-decoration-skip-ink:var(--generic-link-underline-skip-ink)] break-words\" href=\"https:\/\/www.m24.ru\/articles\/politika\/13012026\/863191\" rel=\"nofollow noopener\" target=\"_blank\">sanoi <\/a>haastattelussa Moskva24-televisiokanavalle.<\/p>\n<p class=\"article-body mb-nof-24 px-nof-16\">Suosittu sotaa kannattava bloggaaja <a class=\"font-bold underline-offset-[0.12em] [text-decoration:var(--person-link-text-decoration)] ![text-decoration-color:var(--person-link-text-decoration-color)]\" href=\"https:\/\/www.hs.fi\/haku\/?query=Julija%20Vitjazeva\" rel=\"nofollow noopener\" target=\"_blank\">Julija Vitjazeva<\/a> sanoi, ett\u00e4 Trumpin suunnitelmat Gr\u00f6nlannin valtaamiseksi pelottavat h\u00e4nt\u00e4. H\u00e4n kutsui Yhdysvaltain presidentti\u00e4 \u201dmaanikoksi, jolla ei ole mink\u00e4\u00e4nlaisia pid\u00e4kkeit\u00e4\u201d. Vitjazevan mielest\u00e4 Trump toimii suuruudenhulluuden ja hetkellisen hy\u00f6dyn ohjailemana.<\/p>\n<p class=\"article-body mb-nof-24 px-nof-16\">Bloggaajan mukaan Trumpin toimet voivat johtaa ydinsotaan.<\/p>\n<p class=\"article-body mb-nof-24 px-nof-16\">Kreml on toistaiseksi kommentoinut Trumpin Gr\u00f6nlanti-aikeita pid\u00e4ttyv\u00e4sti. Perjantaina Ven\u00e4j\u00e4n presidentin tiedottaja <a class=\"font-bold underline-offset-[0.12em] [text-decoration:var(--person-link-text-decoration)] ![text-decoration-color:var(--person-link-text-decoration-color)]\" href=\"https:\/\/www.hs.fi\/haku\/?query=Dmitri%20Peskov\" rel=\"nofollow noopener\" target=\"_blank\">Dmitri Peskov<\/a> <a class=\"underline underline-offset-[0.12em] [text-decoration-thickness:var(--generic-link-underline-thickness)] [text-decoration-color:var(--generic-link-underline-color)] [text-decoration-skip-ink:var(--generic-link-underline-skip-ink)] break-words\" href=\"https:\/\/tass.ru\/politika\/22841485\" rel=\"nofollow noopener\" target=\"_blank\">kutsui <\/a>tilannetta \u201ddramaattiseksi\u201d ja totesi, ett\u00e4 Ven\u00e4j\u00e4 seuraa sen kehittymist\u00e4 eritt\u00e4in tarkasti.<\/p>\n<p class=\"article-body mb-nof-24 px-nof-16\">Maanantaina Ven\u00e4j\u00e4n turvallisuusneuvoston varapuheenjohtaja <a class=\"font-bold underline-offset-[0.12em] [text-decoration:var(--person-link-text-decoration)] ![text-decoration-color:var(--person-link-text-decoration-color)]\" href=\"https:\/\/www.hs.fi\/haku\/?query=Dmitri%20Medvedev\" rel=\"nofollow noopener\" target=\"_blank\">Dmitri Medvedev<\/a> sanoi, ett\u00e4 \u201dep\u00e4virallisten tietojen mukaan\u201d pian saattaa j\u00e4rjesty\u00e4 kansan\u00e4\u00e4nestys, jossa kaikki Gr\u00f6nlannin asukkaat \u00e4\u00e4nest\u00e4v\u00e4t liittymisest\u00e4 Ven\u00e4j\u00e4\u00e4n. H\u00e4n kirjoitti t\u00e4st\u00e4 ven\u00e4l\u00e4isess\u00e4 sosiaalisessa verkostossa nimelt\u00e4 Max.<\/p>\n<p class=\"article-body mb-nof-24 px-nof-16\">Ven\u00e4j\u00e4n entinen presidentti ei t\u00e4ll\u00e4 kertaa my\u00f6sk\u00e4\u00e4n peitellyt, ett\u00e4 lausunto Gr\u00f6nlannin kansan\u00e4\u00e4nestyksest\u00e4 on vitsi.<\/p>\n<p class=\"article-body mb-nof-24 px-nof-16\">Viime vuosina Medvedev on jatkuvasti esitt\u00e4nyt jyrkki\u00e4 lausuntoja l\u00e4nsimaita ja yksitt\u00e4isi\u00e4 poliitikkoja vastaan. H\u00e4nen kantansa ei ole Kremlin virallinen kanta.<\/p>\n<p class=\"article-body mb-nof-24 px-nof-16\">Trump v\u00e4itt\u00e4\u00e4, ett\u00e4 Ven\u00e4j\u00e4n ja Kiinan sotalaivoja on t\u00e4ll\u00e4 hetkell\u00e4 aivan Gr\u00f6nlannin v\u00e4litt\u00f6m\u00e4ss\u00e4 l\u00e4heisyydess\u00e4.<\/p>\n<p class=\"article-body mb-nof-24 px-nof-16\">Eurooppalaiset sotilasasiantuntijat ovat toistuvasti kumonneet t\u00e4m\u00e4n tiedon.<\/p>\n<p class=\"article-body mb-nof-24 px-nof-16\">\u201dGr\u00f6nlannin ymp\u00e4rill\u00e4 ei ole ven\u00e4l\u00e4isi\u00e4 eik\u00e4 kiinalaisia aluksia. Ven\u00e4j\u00e4ll\u00e4 ja\/tai Kiinalla ei ole kyky\u00e4 miehitt\u00e4\u00e4 Gr\u00f6nlantia tai ottaa sit\u00e4 hallintaansa\u201d, <a class=\"underline underline-offset-[0.12em] [text-decoration-thickness:var(--generic-link-underline-thickness)] [text-decoration-color:var(--generic-link-underline-color)] [text-decoration-skip-ink:var(--generic-link-underline-skip-ink)] break-words\" href=\"https:\/\/apnews.com\/article\/fact-check-greenland-denmark-trump-arctic-security-russia-china-6346aa8e86be594e467e8cc18f98357b\" rel=\"nofollow noopener\" target=\"_blank\">sanoi <\/a>Norjassa toimivan Fridtjof Nansenin instituutin Arktisen alueen tutkimusjohtaja <a class=\"font-bold underline-offset-[0.12em] [text-decoration:var(--person-link-text-decoration)] ![text-decoration-color:var(--person-link-text-decoration-color)]\" href=\"https:\/\/www.hs.fi\/haku\/?query=Andreas%20%C3%98sthagen\" rel=\"nofollow noopener\" target=\"_blank\">Andreas \u00d8sthagen<\/a> uutistoimisto AP:lle.<\/p>\n<p class=\"article-body mb-nof-24 px-nof-16\">My\u00f6s ven\u00e4l\u00e4iset l\u00e4hteet, mukaan lukien Ukrainan sotaa tukevat sotilasasiantuntijat ja bloggaajat, kiist\u00e4v\u00e4t ven\u00e4l\u00e4isen laivaston l\u00e4sn\u00e4olon Gr\u00f6nlannin rannikolla.<\/p>\n","protected":false},"excerpt":{"rendered":"Arktinen alue|Kreml on kommentoinut Trumpin Gr\u00f6nlanti-aikeita pid\u00e4ttyv\u00e4sti mutta se on sanonut seuraavansa tilannetta tarkasti. Lue tiivistelm\u00e4 Yhdysvaltain presidentti&hellip;\n","protected":false},"author":2,"featured_media":142378,"comment_status":"","ping_status":"","sticky":false,"template":"","format":"standard","meta":{"footnotes":""},"categories":[14],"tags":[22,23,26,27,33,31,30,17,46,24,25,28,29,15,18,21,32,19,20,56,16,59,60,61],"class_list":{"0":"post-142377","1":"post","2":"type-post","3":"status-publish","4":"format-standard","5":"has-post-thumbnail","7":"category-ulkomaat","8":"tag-breaking-news","9":"tag-breakingnews","10":"tag-featured-news","11":"tag-featurednews","12":"tag-fi","13":"tag-finland","14":"tag-finnish","15":"tag-headlines","16":"tag-helsingin-sanomat","17":"tag-latest-news","18":"tag-latestnews","19":"tag-main-news","20":"tag-mainnews","21":"tag-news","22":"tag-otsikot","23":"tag-paauutiset","24":"tag-suomi","25":"tag-top-stories","26":"tag-topstories","27":"tag-ulkomaat","28":"tag-uutiset","29":"tag-world","30":"tag-world-news","31":"tag-worldnews"},"share_on_mastodon":{"url":"https:\/\/pubeurope.com\/@fi\/115895253266056804","error":""},"_links":{"self":[{"href":"https:\/\/www.europesays.com\/fi\/wp-json\/wp\/v2\/posts\/142377","targetHints":{"allow":["GET"]}}],"collection":[{"href":"https:\/\/www.europesays.com\/fi\/wp-json\/wp\/v2\/posts"}],"about":[{"href":"https:\/\/www.europesays.com\/fi\/wp-json\/wp\/v2\/types\/post"}],"author":[{"embeddable":true,"href":"https:\/\/www.europesays.com\/fi\/wp-json\/wp\/v2\/users\/2"}],"replies":[{"embeddable":true,"href":"https:\/\/www.europesays.com\/fi\/wp-json\/wp\/v2\/comments?post=142377"}],"version-history":[{"count":0,"href":"https:\/\/www.europesays.com\/fi\/wp-json\/wp\/v2\/posts\/142377\/revisions"}],"wp:featuredmedia":[{"embeddable":true,"href":"https:\/\/www.europesays.com\/fi\/wp-json\/wp\/v2\/media\/142378"}],"wp:attachment":[{"href":"https:\/\/www.europesays.com\/fi\/wp-json\/wp\/v2\/media?parent=142377"}],"wp:term":[{"taxonomy":"category","embeddable":true,"href":"https:\/\/www.europesays.com\/fi\/wp-json\/wp\/v2\/categories?post=142377"},{"taxonomy":"post_tag","embeddable":true,"href":"https:\/\/www.europesays.com\/fi\/wp-json\/wp\/v2\/tags?post=142377"}],"curies":[{"name":"wp","href":"https:\/\/api.w.org\/{rel}","templated":true}]}}