{"id":142379,"date":"2026-01-14T20:06:07","date_gmt":"2026-01-14T20:06:07","guid":{"rendered":"https:\/\/www.europesays.com\/fi\/142379\/"},"modified":"2026-01-14T20:06:07","modified_gmt":"2026-01-14T20:06:07","slug":"rekka-jai-jumiin-ratikkakiskoille-keskella-helsinkia","status":"publish","type":"post","link":"https:\/\/www.europesays.com\/fi\/142379\/","title":{"rendered":"Rekka j\u00e4i jumiin ratikkakiskoille keskell\u00e4 Helsinki\u00e4"},"content":{"rendered":"<p>Fredrikinkadulle muodostui jono, alueen asukas kertoo.<\/p>\n<p>Rekka jumiutui ratikkakiskoille Fredrikinkadun ja Uudenmaankadun risteyksess\u00e4.Video: Edvin Lindblom \/ Lukijan video<\/p>\n<p class=\"article-body mb-nof-24 px-nof-16\">Rekka j\u00e4i jumiin ratikkakiskoille Helsingin keskustassa keskiviikkoiltana.<\/p>\n<p class=\"article-body mb-nof-24 px-nof-16\">Fredrikinkadun ja Uudenmaankadun risteykseen jumiutunut rekka tukki tien ja synnytti Fredrikinkadulle ainakin hetkellisen liikenneruuhkan kello 18 j\u00e4lkeen, kertoo tapahtumapaikan l\u00e4hell\u00e4 asuva <a class=\"font-bold underline-offset-[0.12em] [text-decoration:var(--person-link-text-decoration)] ![text-decoration-color:var(--person-link-text-decoration-color)]\" href=\"https:\/\/www.is.fi\/haku\/?query=Edvin%20Lindblom\" rel=\"nofollow noopener\" target=\"_blank\">Edvin Lindblom<\/a> Ilta-Sanomille.<\/p>\n<p class=\"article-body mb-nof-24 px-nof-16\">\u2013\u2009K\u00e4velin hetken Fredrikinkatua, ja liikenne oli jumissa ainakin Iso-Roobertinkadulle asti, Lindblom kertoo.<\/p>\n<p class=\"article-body mb-nof-24 px-nof-16\">H\u00e4n n\u00e4ki ruuhkassa useiden autojen lis\u00e4ksi kaksi raitiovaunua ja kaksi linja-autoa. Helsingin raitiovaunuista vastaava Helsingin seudun liikenne (HSL) tiedottikin puoli seitsem\u00e4n aikoihin illalla hetkellisest\u00e4 liikenneh\u00e4iri\u00f6st\u00e4, joka johtui esteest\u00e4 Fredrikinkadun raiteilla.<\/p>\n<p class=\"article-body mb-nof-24 px-nof-16\">Kampin ja Punavuoren kaupunginosien rajalle j\u00e4m\u00e4ht\u00e4nyt rekka vaikutti Lindblomin mukaan olleen jumissa lumessa.<\/p>\n<p class=\"article-body mb-nof-24 px-nof-16\">\u2013\u2009Tulin kolmosen ratikalla Bulevardin suunnasta. Kun katsoin risteykseen, rekka yritti siell\u00e4 ajaa siit\u00e4 pois, mutta liukui aina takaisin lumipenkkaan, Lindblom kertoo.<\/p>\n<p class=\"article-body mb-nof-24 px-nof-16\">\u2013\u2009Loppujen lopuksi kaksi rekassa ollutta tyyppi\u00e4 tuli ulos, otti lapiot ja meni lapioimaan lunta pois siit\u00e4.<\/p>\n<p class=\"article-body mb-nof-24 px-nof-16\">Lindblom kertoo, ettei ehtinyt n\u00e4hd\u00e4, p\u00e4\u00e4sik\u00f6 rekka liikkeelle. H\u00e4iri\u00f6tiedotteessaan HSL kuitenkin arvioi, ett\u00e4 liikenne palaisi normaaliksi iltaseitsem\u00e4\u00e4n menness\u00e4.<\/p>\n","protected":false},"excerpt":{"rendered":"Fredrikinkadulle muodostui jono, alueen asukas kertoo. Rekka jumiutui ratikkakiskoille Fredrikinkadun ja Uudenmaankadun risteyksess\u00e4.Video: Edvin Lindblom \/ Lukijan video&hellip;\n","protected":false},"author":2,"featured_media":142380,"comment_status":"","ping_status":"","sticky":false,"template":"","format":"standard","meta":{"footnotes":""},"categories":[12],"tags":[22,23,26,27,33,31,30,17,34,24,25,28,29,15,18,21,32,19,20,16],"class_list":{"0":"post-142379","1":"post","2":"type-post","3":"status-publish","4":"format-standard","5":"has-post-thumbnail","7":"category-suomi","8":"tag-breaking-news","9":"tag-breakingnews","10":"tag-featured-news","11":"tag-featurednews","12":"tag-fi","13":"tag-finland","14":"tag-finnish","15":"tag-headlines","16":"tag-ilta-sanomat","17":"tag-latest-news","18":"tag-latestnews","19":"tag-main-news","20":"tag-mainnews","21":"tag-news","22":"tag-otsikot","23":"tag-paauutiset","24":"tag-suomi","25":"tag-top-stories","26":"tag-topstories","27":"tag-uutiset"},"share_on_mastodon":{"url":"https:\/\/pubeurope.com\/@fi\/115895257249173782","error":""},"_links":{"self":[{"href":"https:\/\/www.europesays.com\/fi\/wp-json\/wp\/v2\/posts\/142379","targetHints":{"allow":["GET"]}}],"collection":[{"href":"https:\/\/www.europesays.com\/fi\/wp-json\/wp\/v2\/posts"}],"about":[{"href":"https:\/\/www.europesays.com\/fi\/wp-json\/wp\/v2\/types\/post"}],"author":[{"embeddable":true,"href":"https:\/\/www.europesays.com\/fi\/wp-json\/wp\/v2\/users\/2"}],"replies":[{"embeddable":true,"href":"https:\/\/www.europesays.com\/fi\/wp-json\/wp\/v2\/comments?post=142379"}],"version-history":[{"count":0,"href":"https:\/\/www.europesays.com\/fi\/wp-json\/wp\/v2\/posts\/142379\/revisions"}],"wp:featuredmedia":[{"embeddable":true,"href":"https:\/\/www.europesays.com\/fi\/wp-json\/wp\/v2\/media\/142380"}],"wp:attachment":[{"href":"https:\/\/www.europesays.com\/fi\/wp-json\/wp\/v2\/media?parent=142379"}],"wp:term":[{"taxonomy":"category","embeddable":true,"href":"https:\/\/www.europesays.com\/fi\/wp-json\/wp\/v2\/categories?post=142379"},{"taxonomy":"post_tag","embeddable":true,"href":"https:\/\/www.europesays.com\/fi\/wp-json\/wp\/v2\/tags?post=142379"}],"curies":[{"name":"wp","href":"https:\/\/api.w.org\/{rel}","templated":true}]}}