{"id":142381,"date":"2026-01-14T20:07:06","date_gmt":"2026-01-14T20:07:06","guid":{"rendered":"https:\/\/www.europesays.com\/fi\/142381\/"},"modified":"2026-01-14T20:07:06","modified_gmt":"2026-01-14T20:07:06","slug":"niinisto-mtvlla-gronlannin-tilanteesta-ei-sellaista-osannut-kukaan-kuvitella-uutisia-lyhyesti","status":"publish","type":"post","link":"https:\/\/www.europesays.com\/fi\/142381\/","title":{"rendered":"Niinist\u00f6 MTV:ll\u00e4 Gr\u00f6nlannin tilanteesta: Ei sellaista osannut kukaan kuvitella | Uutisia lyhyesti"},"content":{"rendered":"<p class=\"aw-1gybjub aw-1p7kakr kEtdKx cEmitX yle__article__paragraph\">Presidentti <strong class=\"aw-ak79eh KyCXm yle__article__strong\">Sauli Niinist\u00f6<\/strong> pit\u00e4\u00e4 Gr\u00f6nlannin tilannetta yll\u00e4tyksen\u00e4.<\/p>\n<p class=\"aw-1gybjub aw-1p7kakr kEtdKx cEmitX yle__article__paragraph\">Niinist\u00f6 sanoi MTV:n uutisille, ettei kukaan osannut arvioida, ett\u00e4 Naton p\u00e4\u00e4j\u00e4sen Yhdysvallat k\u00e4visi toisen Nato-maan kimppuun.<\/p>\n<p class=\"aw-1gybjub aw-1p7kakr kEtdKx cEmitX yle__article__paragraph\">Vaikka Yhdysvallat p\u00e4\u00e4tt\u00e4isi edet\u00e4 Gr\u00f6nlannin osalta rajulla politiikalla, se ei Niinist\u00f6n mukaan saa tarkoittaa Naton p\u00e4\u00e4ttymist\u00e4.<\/p>\n<p class=\"aw-1gybjub aw-1p7kakr kEtdKx cEmitX yle__article__paragraph\">\u2013 Otetaan sitten Nato eurooppalaisiin k\u00e4siin, tai pyrit\u00e4\u00e4n jollakin tavalla kuluttamaan aikaa siin\u00e4 toivossa, ett\u00e4 Yhdysvalloissa tapahtuu muutos, Niinist\u00f6 sanoi.<\/p>\n<p class=\"aw-1gybjub aw-1p7kakr kEtdKx cEmitX yle__article__paragraph\">Jos Yhdysvallat hy\u00f6kk\u00e4isi Gr\u00f6nlantiin, my\u00f6s EU:n keskin\u00e4isen avunannon lauseke eli Lissabonin sopimuksen artikla 42.7 voisi Niinist\u00f6n mukaan joutua koetukselle.<\/p>\n","protected":false},"excerpt":{"rendered":"Presidentti Sauli Niinist\u00f6 pit\u00e4\u00e4 Gr\u00f6nlannin tilannetta yll\u00e4tyksen\u00e4. Niinist\u00f6 sanoi MTV:n uutisille, ettei kukaan osannut arvioida, ett\u00e4 Naton p\u00e4\u00e4j\u00e4sen&hellip;\n","protected":false},"author":2,"featured_media":74,"comment_status":"","ping_status":"","sticky":false,"template":"","format":"standard","meta":{"footnotes":""},"categories":[5],"tags":[22,23,26,27,33,31,30,4538,17,70,5679,71,24,25,28,29,15,18,21,2535,1553,32,19,20,56,16,619],"class_list":{"0":"post-142381","1":"post","2":"type-post","3":"status-publish","4":"format-standard","5":"has-post-thumbnail","7":"category-otsikot","8":"tag-breaking-news","9":"tag-breakingnews","10":"tag-featured-news","11":"tag-featurednews","12":"tag-fi","13":"tag-finland","14":"tag-finnish","15":"tag-gronlanti","16":"tag-headlines","17":"tag-kansainvalinen-politiikka","18":"tag-kansainvaliset-organisaatiot-ja-sopimukset","19":"tag-kotimaa","20":"tag-latest-news","21":"tag-latestnews","22":"tag-main-news","23":"tag-mainnews","24":"tag-news","25":"tag-otsikot","26":"tag-paauutiset","27":"tag-puolustuspolitiikka","28":"tag-sauli-niinisto","29":"tag-suomi","30":"tag-top-stories","31":"tag-topstories","32":"tag-ulkomaat","33":"tag-uutiset","34":"tag-yhdysvallat"},"share_on_mastodon":{"url":"https:\/\/pubeurope.com\/@fi\/115895261123560599","error":""},"_links":{"self":[{"href":"https:\/\/www.europesays.com\/fi\/wp-json\/wp\/v2\/posts\/142381","targetHints":{"allow":["GET"]}}],"collection":[{"href":"https:\/\/www.europesays.com\/fi\/wp-json\/wp\/v2\/posts"}],"about":[{"href":"https:\/\/www.europesays.com\/fi\/wp-json\/wp\/v2\/types\/post"}],"author":[{"embeddable":true,"href":"https:\/\/www.europesays.com\/fi\/wp-json\/wp\/v2\/users\/2"}],"replies":[{"embeddable":true,"href":"https:\/\/www.europesays.com\/fi\/wp-json\/wp\/v2\/comments?post=142381"}],"version-history":[{"count":0,"href":"https:\/\/www.europesays.com\/fi\/wp-json\/wp\/v2\/posts\/142381\/revisions"}],"wp:featuredmedia":[{"embeddable":true,"href":"https:\/\/www.europesays.com\/fi\/wp-json\/wp\/v2\/media\/74"}],"wp:attachment":[{"href":"https:\/\/www.europesays.com\/fi\/wp-json\/wp\/v2\/media?parent=142381"}],"wp:term":[{"taxonomy":"category","embeddable":true,"href":"https:\/\/www.europesays.com\/fi\/wp-json\/wp\/v2\/categories?post=142381"},{"taxonomy":"post_tag","embeddable":true,"href":"https:\/\/www.europesays.com\/fi\/wp-json\/wp\/v2\/tags?post=142381"}],"curies":[{"name":"wp","href":"https:\/\/api.w.org\/{rel}","templated":true}]}}