{"id":142382,"date":"2026-01-14T20:19:07","date_gmt":"2026-01-14T20:19:07","guid":{"rendered":"https:\/\/www.europesays.com\/fi\/142382\/"},"modified":"2026-01-14T20:19:07","modified_gmt":"2026-01-14T20:19:07","slug":"linda-lampeniuksen-pitka-piina-paattyi","status":"publish","type":"post","link":"https:\/\/www.europesays.com\/fi\/142382\/","title":{"rendered":"Linda Lampeniuksen pitk\u00e4 piina p\u00e4\u00e4ttyi"},"content":{"rendered":"<p>Linda Lampenius ja Pete Parkkonen n\u00e4hd\u00e4\u00e4n yhdess\u00e4 Uuden musiikin kilpailussa.<\/p>\n<p class=\"paragraph\">Iltalehti <a href=\"https:\/\/www.iltalehti.fi\/viihdeuutiset\/4b0867cf-6775-45cc-a56c-ceae7a70ec64\" rel=\"nofollow noopener\" target=\"_blank\">uutisoi jo viime lokakuussa<\/a>, ett\u00e4 <a href=\"https:\/\/www.iltalehti.fi\/henkilot\/Linda Lampenius\" class=\"article-link-person-page\" rel=\"nofollow noopener\" target=\"_blank\">Linda Lampenius<\/a> on mukana Uuden musiikin kilpailussa. Siit\u00e4 l\u00e4htien on pohdittu, kuka laulaa Lampeniuksen kanssa vai laulaako h\u00e4n itse. Alkuvuodesta selvisi, ett\u00e4 <a href=\"https:\/\/www.iltalehti.fi\/henkilot\/Pete Parkkonen\" class=\"article-link-person-page\" rel=\"nofollow noopener\" target=\"_blank\">Pete Parkkonen<\/a> on duon toinen osapuoli.<\/p>\n<p class=\"paragraph\">\u2013 Min\u00e4 voin kertoa t\u00e4m\u00e4n stoorin, mink\u00e4 olen kuullut monta kertaa Lindalta. Linda teki levytyssopimuksen viime vuonna Suomessa ja alkoi sitten etsi\u00e4 itselleen artistia. Voin tosi iloisena kertoa, ett\u00e4 min\u00e4 olin h\u00e4nen ykk\u00f6stoiveensa, Parkkonen sanoo ylpeytt\u00e4 \u00e4\u00e4ness\u00e4\u00e4n.<\/p>\n<p class=\"paragraph\">\u2013 Just n\u00e4in, Lampenius hihkaisee.<\/p>\n<p class=\"paragraph\">Lampeniuksen mukaan heid\u00e4n kappaleessaan Liekinheitin jokaisella \u00e4\u00e4nell\u00e4 ja sekunnilla on tarkoitus.<\/p>\n<p class=\"paragraph\">\u2013 Siin\u00e4 menn\u00e4\u00e4n paljon yl\u00f6s ja alas, se on sellainen lyhytelokuva, ei mik\u00e4\u00e4n normaali poppibiisi, Lampenius kuvailee.<\/p>\n<p class=\"paragraph\">Lampenius on pitk\u00e4n uran tehnyt artisti, joka jo 90-luvulla oli yksi suurimmista julkisuuden henkil\u00f6ist\u00e4.  Mainetta viulisti niitti aina ulkomaita my\u00f6ten, h\u00e4n n\u00e4ytteli Baywatchissa ja sai oman siiderinkin, jonka ainakin kaikki 90-luvulla nuoruuttaan viett\u00e4neet muistavat.<\/p>\n<p><img decoding=\"async\" class=\"image image-show image-preview\" src=\"https:\/\/www.europesays.com\/fi\/wp-content\/uploads\/2026\/01\/a76aadcfc17992aaa17774799756822080de1c3f8bd83a7e6173687886a226f2.jpg\" alt=\"\"\/><img decoding=\"async\" class=\"image image-show\" src=\"https:\/\/www.europesays.com\/fi\/wp-content\/uploads\/2026\/01\/1768421947_762_a76aadcfc17992aaa17774799756822080de1c3f8bd83a7e6173687886a226f2.jpg\" alt=\"\"\/><\/p>\n<p>Pete Parkkonen ja Linda Lampenius laulavat yhdess\u00e4 Liekinheitin-kappaleen. Elle Laitila<\/p>\n<p class=\"paragraph\">Lampeniuksen vuosikymmenten taakka, jota voi piinaksikin kutsua, sai lopullisen pisteen kuukausi sitten, kun <a href=\"https:\/\/www.iltalehti.fi\/viihdeuutiset\/158fef04-baf7-43ad-9352-0d585c3f77bb\" rel=\"nofollow noopener\" target=\"_blank\">Sanoma ilmoitti palauttavansa<\/a> Lampeniukselle rahat 24 vuotta vanhasta pakko-ostosta. Kyseisess\u00e4 Ilta-Sanomissa julkaistussa ilmoituksessa Lampenius joutui pyyt\u00e4m\u00e4\u00e4n anteeksi suomalaistaustaiselta liikemiehelt\u00e4 Peter Nyg\u00e5rdilta.  Nyg\u00e5rd on sittemmin tuomittu seksuaalirikoksista <a href=\"https:\/\/www.iltalehti.fi\/viihdeuutiset\/17776aa7-6848-4b30-aa85-dcaf9e6a8e5c\" rel=\"nofollow noopener\" target=\"_blank\">11 vuodeksi vankeuteen<\/a>.<\/p>\n<p class=\"paragraph\">\u2013 T\u00e4rkeint\u00e4 t\u00e4ss\u00e4 on, ett\u00e4 h\u00e4net tuomittiin. Minun ei tarvitse n\u00e4in yli 24 vuoden j\u00e4lkeen olla en\u00e4\u00e4 hiljaa. T\u00e4m\u00e4 asia on totta kai h\u00e4irinnyt minua. Nyt olemme t\u00e4ss\u00e4, on tapahtunut paljon hyvi\u00e4 asioita ja kaikki on nyt loksahtanut paikoilleen, iloinen Lampenius kertoo.<\/p>\n<p class=\"paragraph\">Kaksikko hakee UMK:sta voittoa, onhan kyseess\u00e4 kilpailu.<\/p>\n<p class=\"paragraph\">Lampenius n\u00e4htiin UMK:ssa jo viime vuonna v\u00e4liaikaesiintyj\u00e4n\u00e4. Tuolloin voiton vei <a href=\"https:\/\/www.iltalehti.fi\/henkilot\/Erika Vikman\" class=\"article-link-person-page\" rel=\"nofollow noopener\" target=\"_blank\">Erika Vikman<\/a>.<\/p>\n<p class=\"paragraph\">\u2013 Erika on totta kai ollut iso inspiraatio, kunnioitan h\u00e4nt\u00e4 todella paljon. Erika on n\u00e4ytt\u00e4nyt jo pitk\u00e4\u00e4n, ett\u00e4 naisten on pidett\u00e4v\u00e4 puoliaan ja uskallettava tehd\u00e4 mit\u00e4 haluavat. Min\u00e4 en tietenk\u00e4\u00e4n ole yht\u00e4 rohkea kuin Erika. En ehk\u00e4 uskalla olla lavalla niin rohkea kuin h\u00e4n on, ja h\u00e4n oli viel\u00e4p\u00e4 yksin. Minulla on Pete!<\/p>\n<p class=\"paragraph\">Linda Lampeniuksen ja Pete Parkkosen kappale Liekinheitin julkaistaan 16. tammikuuta. Uuden musiikin kilpailu kisataan Nokia-areenalla 28. helmikuuta.<\/p>\n","protected":false},"excerpt":{"rendered":"Linda Lampenius ja Pete Parkkonen n\u00e4hd\u00e4\u00e4n yhdess\u00e4 Uuden musiikin kilpailussa. Iltalehti uutisoi jo viime lokakuussa, ett\u00e4 Linda Lampenius&hellip;\n","protected":false},"author":2,"featured_media":142383,"comment_status":"","ping_status":"","sticky":false,"template":"","format":"standard","meta":{"footnotes":""},"categories":[136],"tags":[35,138,407,137,33,31,30,408,47,141,32,140,139,109],"class_list":{"0":"post-142382","1":"post","2":"type-post","3":"status-publish","4":"format-standard","5":"has-post-thumbnail","7":"category-julkkikset","8":"tag-24h","9":"tag-audio","10":"tag-celebrities","11":"tag-entertainment","12":"tag-fi","13":"tag-finland","14":"tag-finnish","15":"tag-julkkikset","16":"tag-musiikki","17":"tag-muusikot-bandit","18":"tag-suomi","19":"tag-tv-ja-elokuvat","20":"tag-tv-ohjelmat","21":"tag-viihde"},"share_on_mastodon":{"url":"https:\/\/pubeurope.com\/@fi\/115895308386332784","error":""},"_links":{"self":[{"href":"https:\/\/www.europesays.com\/fi\/wp-json\/wp\/v2\/posts\/142382","targetHints":{"allow":["GET"]}}],"collection":[{"href":"https:\/\/www.europesays.com\/fi\/wp-json\/wp\/v2\/posts"}],"about":[{"href":"https:\/\/www.europesays.com\/fi\/wp-json\/wp\/v2\/types\/post"}],"author":[{"embeddable":true,"href":"https:\/\/www.europesays.com\/fi\/wp-json\/wp\/v2\/users\/2"}],"replies":[{"embeddable":true,"href":"https:\/\/www.europesays.com\/fi\/wp-json\/wp\/v2\/comments?post=142382"}],"version-history":[{"count":0,"href":"https:\/\/www.europesays.com\/fi\/wp-json\/wp\/v2\/posts\/142382\/revisions"}],"wp:featuredmedia":[{"embeddable":true,"href":"https:\/\/www.europesays.com\/fi\/wp-json\/wp\/v2\/media\/142383"}],"wp:attachment":[{"href":"https:\/\/www.europesays.com\/fi\/wp-json\/wp\/v2\/media?parent=142382"}],"wp:term":[{"taxonomy":"category","embeddable":true,"href":"https:\/\/www.europesays.com\/fi\/wp-json\/wp\/v2\/categories?post=142382"},{"taxonomy":"post_tag","embeddable":true,"href":"https:\/\/www.europesays.com\/fi\/wp-json\/wp\/v2\/tags?post=142382"}],"curies":[{"name":"wp","href":"https:\/\/api.w.org\/{rel}","templated":true}]}}