{"id":142388,"date":"2026-01-14T20:27:08","date_gmt":"2026-01-14T20:27:08","guid":{"rendered":"https:\/\/www.europesays.com\/fi\/142388\/"},"modified":"2026-01-14T20:27:08","modified_gmt":"2026-01-14T20:27:08","slug":"nain-rajulta-nayttaa-uusi-zombileffa-katso-this-is-not-a-test-leffan-traileri","status":"publish","type":"post","link":"https:\/\/www.europesays.com\/fi\/142388\/","title":{"rendered":"N\u00e4in rajulta n\u00e4ytt\u00e4\u00e4 uusi zombileffa \u2013 katso This is Not a Test -leffan traileri"},"content":{"rendered":"<p><strong>Adam MacDonald <\/strong>on tehnyt This is Not a Test -nimisen zombileffan, joka perustuu <strong>Courtney Summersin <\/strong>samannimiseen romaaniin.<\/p>\n<p>P\u00e4\u00e4osissa n\u00e4hd\u00e4\u00e4n <strong>Olivia Holt, Froy Gutierrez, Luke MacFarlane, Corteon Moore<\/strong> ja <strong>Chloe Avakian.<\/strong><\/p>\n<p>Lue my\u00f6s: <a href=\"https:\/\/www.episodi.fi\/uutiset\/28-vuotta-myohemmin-luutemppeli-on-nahty-vuoden-2026-ensimmaisia-huippuelokuvia\/\" title=\"28 vuotta my\u00f6hemmin: luutemppeli on n\u00e4hty \u2013 \u201dVuoden 2026 ensimm\u00e4isi\u00e4 huippuelokuvia\u201d\" class=\"underline-custom !font-montserrat !font-bold !underline-offset-4 !decoration-4 !decoration-episodi-blue !text-md\" rel=\"nofollow noopener\" target=\"_blank\">28 vuotta my\u00f6hemmin: luutemppeli on n\u00e4hty \u2013 \u201dVuoden 2026 ensimm\u00e4isi\u00e4 huippuelokuvia\u201d<\/a><\/p>\n<p>Lue my\u00f6s: <a href=\"https:\/\/www.episodi.fi\/uutiset\/disneyn-naytelty-kaksin-karkuteilla-elokuva-loysi-paatahtensa-ohjaajana-the-greatest-showman-mies\/\" title=\"Disneyn n\u00e4ytelty Kaksin karkuteill\u00e4 -elokuva l\u00f6ysi p\u00e4\u00e4t\u00e4htens\u00e4 \u2013 ohjaajana The Greatest Showman -mies\" class=\"underline-custom !font-montserrat !font-bold !underline-offset-4 !decoration-4 !decoration-episodi-blue !text-md\" rel=\"nofollow noopener\" target=\"_blank\">Disneyn n\u00e4ytelty Kaksin karkuteill\u00e4 -elokuva l\u00f6ysi p\u00e4\u00e4t\u00e4htens\u00e4 \u2013 ohjaajana The Greatest Showman -mies<\/a><\/p>\n<p>Sloane ja pieni joukko h\u00e4nen luokkatovereitaan piiloutuvat lukioonsa paetakseen \u00e4killisesti apokalyptisen muuttunutta kotikaupunkiaan. Kun vaara kolkuttaa ovia vimmatusti, Sloane alkaa n\u00e4hd\u00e4 maailman niiden silmin, jotka todella haluavat el\u00e4\u00e4, ja ottaa tilanteen omiin k\u00e4siins\u00e4.<\/p>\n<p>Ensi-ilta amerikkalaisessa Shudder-kauhustriimipalvelussa 20. helmikuuta.<\/p>\n<p>Alla traileri.<\/p>\n<p><img loading=\"lazy\" decoding=\"async\" alt=\"YouTube video\" width=\"480\" height=\"360\" data-pin-nopin=\"true\" nopin=\"nopin\" class=\"perfmatters-lazy\" src=\"https:\/\/www.europesays.com\/fi\/wp-content\/uploads\/2026\/01\/1768422428_378_hqdefault.jpg\"\/><\/p>\n<p>Lue my\u00f6s: <a href=\"https:\/\/www.episodi.fi\/uutiskirje\/?uutiskirjemainos=tekstilinkkimainos\" title=\"Tilaa Episodin uutiskirje ja voit voittaa leffalippuja! Nappaa tv-vinkit suoraan s\u00e4hk\u00f6postiin t\u00e4st\u00e4.\" class=\"underline-custom !font-montserrat !font-bold !underline-offset-4 !decoration-4 !decoration-episodi-blue !text-md\" rel=\"nofollow noopener\" target=\"_blank\">Tilaa Episodin uutiskirje ja voit voittaa leffalippuja! Nappaa katseluvinkit suoraan s\u00e4hk\u00f6postiin t\u00e4st\u00e4.<\/a><\/p>\n","protected":false},"excerpt":{"rendered":"Adam MacDonald on tehnyt This is Not a Test -nimisen zombileffan, joka perustuu Courtney Summersin samannimiseen romaaniin. P\u00e4\u00e4osissa&hellip;\n","protected":false},"author":2,"featured_media":142389,"comment_status":"","ping_status":"","sticky":false,"template":"","format":"standard","meta":{"footnotes":""},"categories":[130],"tags":[137,33,31,30,3057,32,24475,109,11353],"class_list":{"0":"post-142388","1":"post","2":"type-post","3":"status-publish","4":"format-standard","5":"has-post-thumbnail","7":"category-viihde","8":"tag-entertainment","9":"tag-fi","10":"tag-finland","11":"tag-finnish","12":"tag-kauhu","13":"tag-suomi","14":"tag-this-is-not-a-test","15":"tag-viihde","16":"tag-zombit"},"share_on_mastodon":{"url":"https:\/\/pubeurope.com\/@fi\/115895339772747026","error":""},"_links":{"self":[{"href":"https:\/\/www.europesays.com\/fi\/wp-json\/wp\/v2\/posts\/142388","targetHints":{"allow":["GET"]}}],"collection":[{"href":"https:\/\/www.europesays.com\/fi\/wp-json\/wp\/v2\/posts"}],"about":[{"href":"https:\/\/www.europesays.com\/fi\/wp-json\/wp\/v2\/types\/post"}],"author":[{"embeddable":true,"href":"https:\/\/www.europesays.com\/fi\/wp-json\/wp\/v2\/users\/2"}],"replies":[{"embeddable":true,"href":"https:\/\/www.europesays.com\/fi\/wp-json\/wp\/v2\/comments?post=142388"}],"version-history":[{"count":0,"href":"https:\/\/www.europesays.com\/fi\/wp-json\/wp\/v2\/posts\/142388\/revisions"}],"wp:featuredmedia":[{"embeddable":true,"href":"https:\/\/www.europesays.com\/fi\/wp-json\/wp\/v2\/media\/142389"}],"wp:attachment":[{"href":"https:\/\/www.europesays.com\/fi\/wp-json\/wp\/v2\/media?parent=142388"}],"wp:term":[{"taxonomy":"category","embeddable":true,"href":"https:\/\/www.europesays.com\/fi\/wp-json\/wp\/v2\/categories?post=142388"},{"taxonomy":"post_tag","embeddable":true,"href":"https:\/\/www.europesays.com\/fi\/wp-json\/wp\/v2\/tags?post=142388"}],"curies":[{"name":"wp","href":"https:\/\/api.w.org\/{rel}","templated":true}]}}