{"id":142390,"date":"2026-01-14T20:30:09","date_gmt":"2026-01-14T20:30:09","guid":{"rendered":"https:\/\/www.europesays.com\/fi\/142390\/"},"modified":"2026-01-14T20:30:09","modified_gmt":"2026-01-14T20:30:09","slug":"orion-taydentaa-vuotuisella-orionin-kirjaamalla-nubeqa-liikevaihdolla-olevan-potentiaalin-aika-arviota","status":"publish","type":"post","link":"https:\/\/www.europesays.com\/fi\/142390\/","title":{"rendered":"Orion t\u00e4ydent\u00e4\u00e4 vuotuisella Orionin kirjaamalla Nubeqa\u00ae-liikevaihdolla olevan potentiaalin aika-arviota"},"content":{"rendered":"<p>ORION OYJ\u00a0\u00a0\u00a0\u00a0\u00a0\u00a0\u00a0\u00a0<br \/>P\u00d6RSSITIEDOTE\u00a0\u00a0\u00a0\u00a0\u00a0\u00a0\u00a0\u00a0<br \/>14.1.2026 KLO 16.00<br \/>\u00a0\u00a0\u00a0\u00a0\u00a0\u00a0\u00a0\u00a0  <\/p>\n<p>Orion t\u00e4ydent\u00e4\u00e4 vuotuisella Orionin kirjaamalla Nubeqa\u00ae-liikevaihdolla olevan potentiaalin aika-arviota <\/p>\n<p>Kuten Orion Oyj aiemmin t\u00e4n\u00e4\u00e4n 14.1.2026 tiedotti, Nubeqa\u00ae-tuote on noussut Orionin ylivoimaisesti suurimmaksi tuotteeksi, ja sen taloudellinen merkitys yhti\u00f6lle tulee kasvamaan entisest\u00e4\u00e4n. T\u00e4m\u00e4n vuoksi Orion p\u00e4\u00e4tti antaa arvion Nubeqan liikevaihtopotentiaalista. Kuten yhti\u00f6 aiemmin totesi, yhteisty\u00f6kumppani Bayerin kanssa tehdyn skenaariosuunnittelun perusteella Orion arvioi, ett\u00e4 yhti\u00f6n kirjaamalla vuotuisella Nubeqa-liikevaihdolla (tablettimyynti Bayerille + rojaltit) on potentiaalia ylitt\u00e4\u00e4 tulevaisuudessa miljardi euroa. <\/p>\n<p>T\u00e4m\u00e4n liikevaihtopotentiaalin toteutumisen ajankohtaa on vaikea arvioida, sill\u00e4 siihen vaikuttavat lukuisat tekij\u00e4t kuten erilaiset muuttuvat olosuhteet, kuten s\u00e4\u00e4ntely-ymp\u00e4rist\u00f6, markkinaymp\u00e4rist\u00f6 ja tuotteen k\u00e4ytt\u00f6aiheet. Yhti\u00f6 arvioi t\u00e4ll\u00e4 hetkell\u00e4, ett\u00e4 Orionin kirjaama yli miljardin euron vuotuinen Nubeqa-liikevaihto voisi toteutua kuluvan vuosikymmenen loppuun menness\u00e4. <\/p>\n<p>Orion Oyj<\/p>\n<tr>\n<td>Liisa Hurme<br \/>Toimitusjohtaja<\/td>\n<td>\u00a0\u00a0\u00a0 <\/td>\n<td>Ren\u00e9 Lindell<br \/>Talousjohtaja<\/td>\n<td>\u00a0<\/td>\n<\/tr>\n<p>Yhteyshenkil\u00f6:<br \/>Tuukka Hirvonen, Head of Investor Relations<br \/>Puh. +358 10\u00a0426 2721<br \/>\u00a0\u00a0\u00a0\u00a0\u00a0\u00a0\u00a0\u00a0\u00a0\u00a0\u00a0\u00a0\u00a0\u00a0\u00a0\u00a0\u00a0\u00a0\u00a0\u00a0\u00a0\u00a0\u00a0\u00a0 \u00a0\u00a0\u00a0\u00a0\u00a0\u00a0\u00a0\u00a0\u00a0\u00a0\u00a0\u00a0\u00a0\u00a0\u00a0\u00a0\u00a0\u00a0\u00a0\u00a0\u00a0\u00a0\u00a0\u00a0 <\/p>\n<p>Julkaisija:<br \/>Orion Oyj<br \/>Viestint\u00e4<br \/>Orionintie 1A, 02200 Espoo <br \/><a href=\"https:\/\/www.globenewswire.com\/Tracker?data=vTMyG99-P5YUadhOf7mh6bRzpMiLSoa0CpKO7yqpuMIRW1LFvLWtNS0i2gxskJxnyMQjsV7_CfodMfZ0xes1Mda0ZLAhP8pHz0HzoUvNqcg=\" rel=\"nofollow noopener\" target=\"_blank\">www.orionpharma.com<\/a> <\/p>\n<p>Orion on suomalainen yli satavuotias l\u00e4\u00e4keyhti\u00f6 &#8211; hyvinvoinnin rakentaja, joka toimii maailmanlaajuisesti. Kehit\u00e4mme, valmistamme ja markkinoimme ihmis- ja el\u00e4inl\u00e4\u00e4kkeit\u00e4 sek\u00e4 l\u00e4\u00e4kkeiden vaikuttavia aineita. Orionilla on laaja alkuper\u00e4isl\u00e4\u00e4kkeiden, geneeristen l\u00e4\u00e4kkeiden sek\u00e4 itsehoitotuotteiden valikoima. L\u00e4\u00e4ketutkimuksemme ydinterapia-alueet ovat sy\u00f6p\u00e4sairaudet ja kipu. Orionin kehitt\u00e4mi\u00e4 alkuper\u00e4isl\u00e4\u00e4kkeit\u00e4 k\u00e4ytet\u00e4\u00e4n muun muassa sy\u00f6pien, neurologisten sairauksien sek\u00e4 hengityselinsairauksien hoidossa. Orionin liikevaihto vuonna 2024 oli 1 542 miljoonaa euroa, ja yhti\u00f6 ty\u00f6llisti noin 3 700 hyvinvoinnin rakentajaa maailmanlaajuisesti. Orionin A- ja B- osakkeet on listattu Nasdaq Helsingiss\u00e4.<\/p>\n<p> <img decoding=\"async\" alt=\"\" src=\"https:\/\/www.europesays.com\/fi\/wp-content\/uploads\/2026\/01\/1768422608_713_ti.gif\"\/> <br \/><img decoding=\"async\" alt=\"\" src=\"https:\/\/www.europesays.com\/fi\/wp-content\/uploads\/2026\/01\/1768422609_168_Orion-Oyj.png\"\/><\/p>\n","protected":false},"excerpt":{"rendered":"ORION OYJ\u00a0\u00a0\u00a0\u00a0\u00a0\u00a0\u00a0\u00a0P\u00d6RSSITIEDOTE\u00a0\u00a0\u00a0\u00a0\u00a0\u00a0\u00a0\u00a014.1.2026 KLO 16.00\u00a0\u00a0\u00a0\u00a0\u00a0\u00a0\u00a0\u00a0 Orion t\u00e4ydent\u00e4\u00e4 vuotuisella Orionin kirjaamalla Nubeqa\u00ae-liikevaihdolla olevan potentiaalin aika-arviota Kuten Orion Oyj aiemmin t\u00e4n\u00e4\u00e4n&hellip;\n","protected":false},"author":2,"featured_media":137276,"comment_status":"","ping_status":"","sticky":false,"template":"","format":"standard","meta":{"footnotes":""},"categories":[76],"tags":[79,77,33,31,30,32,78],"class_list":{"0":"post-142390","1":"post","2":"type-post","3":"status-publish","4":"format-standard","5":"has-post-thumbnail","7":"category-talous","8":"tag-business","9":"tag-economy","10":"tag-fi","11":"tag-finland","12":"tag-finnish","13":"tag-suomi","14":"tag-talous"},"share_on_mastodon":{"url":"https:\/\/pubeurope.com\/@fi\/115895351684205875","error":""},"_links":{"self":[{"href":"https:\/\/www.europesays.com\/fi\/wp-json\/wp\/v2\/posts\/142390","targetHints":{"allow":["GET"]}}],"collection":[{"href":"https:\/\/www.europesays.com\/fi\/wp-json\/wp\/v2\/posts"}],"about":[{"href":"https:\/\/www.europesays.com\/fi\/wp-json\/wp\/v2\/types\/post"}],"author":[{"embeddable":true,"href":"https:\/\/www.europesays.com\/fi\/wp-json\/wp\/v2\/users\/2"}],"replies":[{"embeddable":true,"href":"https:\/\/www.europesays.com\/fi\/wp-json\/wp\/v2\/comments?post=142390"}],"version-history":[{"count":0,"href":"https:\/\/www.europesays.com\/fi\/wp-json\/wp\/v2\/posts\/142390\/revisions"}],"wp:featuredmedia":[{"embeddable":true,"href":"https:\/\/www.europesays.com\/fi\/wp-json\/wp\/v2\/media\/137276"}],"wp:attachment":[{"href":"https:\/\/www.europesays.com\/fi\/wp-json\/wp\/v2\/media?parent=142390"}],"wp:term":[{"taxonomy":"category","embeddable":true,"href":"https:\/\/www.europesays.com\/fi\/wp-json\/wp\/v2\/categories?post=142390"},{"taxonomy":"post_tag","embeddable":true,"href":"https:\/\/www.europesays.com\/fi\/wp-json\/wp\/v2\/tags?post=142390"}],"curies":[{"name":"wp","href":"https:\/\/api.w.org\/{rel}","templated":true}]}}