{"id":142393,"date":"2026-01-14T20:32:08","date_gmt":"2026-01-14T20:32:08","guid":{"rendered":"https:\/\/www.europesays.com\/fi\/142393\/"},"modified":"2026-01-14T20:32:08","modified_gmt":"2026-01-14T20:32:08","slug":"upmn-tehdasalueella-paloi","status":"publish","type":"post","link":"https:\/\/www.europesays.com\/fi\/142393\/","title":{"rendered":"UPM:n tehdasalueella paloi"},"content":{"rendered":"<p>Pelastuslaitos sai h\u00e4lytyksen Tikkalantielle.<\/p>\n<p><img decoding=\"async\" class=\"image image-show image-preview\" src=\"https:\/\/www.europesays.com\/fi\/wp-content\/uploads\/2026\/01\/531b616df74efea2bc9b0fdca32f29343c8fcdb41c2b5916b4a3bc968b71899a.jpg\" alt=\"\"\/><img decoding=\"async\" class=\"image image-show\" src=\"https:\/\/www.europesays.com\/fi\/wp-content\/uploads\/2026\/01\/1768422728_573_531b616df74efea2bc9b0fdca32f29343c8fcdb41c2b5916b4a3bc968b71899a.jpg\" alt=\"\"\/><\/p>\n<p>Pelastuslaitokselta h\u00e4lytettiin 18 yksikk\u00f6\u00e4 paikalle. Kuvituskuva. paulus pitkala<\/p>\n<p class=\"paragraph\">Satakunnan pelastuslaitos sai h\u00e4lytyksen suuresta rakennuspalosta Rauman Tikkalantiell\u00e4 keskiviikkoiltana ennen kello kahdeksaa. Kohteessa sijaitsevat UPM:n paperitehdas ja Rauman biovoiman biovoimalaitos.<\/p>\n<p class=\"paragraph\">Pelastuslaitoksen mukaan tehdasalueen voimalaitoksella oli tulipalon alku. Pelastuslaitos tiedotti kello 21.11 sammuttaneensa palon. Palosta ei ole aiheutunut henkil\u00f6vahinkoja.<\/p>\n","protected":false},"excerpt":{"rendered":"Pelastuslaitos sai h\u00e4lytyksen Tikkalantielle. Pelastuslaitokselta h\u00e4lytettiin 18 yksikk\u00f6\u00e4 paikalle. Kuvituskuva. paulus pitkala Satakunnan pelastuslaitos sai h\u00e4lytyksen suuresta rakennuspalosta&hellip;\n","protected":false},"author":2,"featured_media":142394,"comment_status":"","ping_status":"","sticky":false,"template":"","format":"standard","meta":{"footnotes":""},"categories":[12],"tags":[35,22,23,1628,26,27,33,31,30,17,24,25,28,29,15,120,18,21,938,5512,32,822,19,20,16],"class_list":{"0":"post-142393","1":"post","2":"type-post","3":"status-publish","4":"format-standard","5":"has-post-thumbnail","7":"category-suomi","8":"tag-24h","9":"tag-breaking-news","10":"tag-breakingnews","11":"tag-energia-ja-energiavarat","12":"tag-featured-news","13":"tag-featurednews","14":"tag-fi","15":"tag-finland","16":"tag-finnish","17":"tag-headlines","18":"tag-latest-news","19":"tag-latestnews","20":"tag-main-news","21":"tag-mainnews","22":"tag-news","23":"tag-onnettomuustapaus","24":"tag-otsikot","25":"tag-paauutiset","26":"tag-rakennusmateriaalit","27":"tag-rakennusten-tai-niiden-osien-rakentaminen-seka-maa-ja-vesirakentaminen","28":"tag-suomi","29":"tag-teollisuustuotteet-ja-palvelut-sektori","30":"tag-top-stories","31":"tag-topstories","32":"tag-uutiset"},"share_on_mastodon":{"url":"https:\/\/pubeurope.com\/@fi\/115895359461508953","error":""},"_links":{"self":[{"href":"https:\/\/www.europesays.com\/fi\/wp-json\/wp\/v2\/posts\/142393","targetHints":{"allow":["GET"]}}],"collection":[{"href":"https:\/\/www.europesays.com\/fi\/wp-json\/wp\/v2\/posts"}],"about":[{"href":"https:\/\/www.europesays.com\/fi\/wp-json\/wp\/v2\/types\/post"}],"author":[{"embeddable":true,"href":"https:\/\/www.europesays.com\/fi\/wp-json\/wp\/v2\/users\/2"}],"replies":[{"embeddable":true,"href":"https:\/\/www.europesays.com\/fi\/wp-json\/wp\/v2\/comments?post=142393"}],"version-history":[{"count":0,"href":"https:\/\/www.europesays.com\/fi\/wp-json\/wp\/v2\/posts\/142393\/revisions"}],"wp:featuredmedia":[{"embeddable":true,"href":"https:\/\/www.europesays.com\/fi\/wp-json\/wp\/v2\/media\/142394"}],"wp:attachment":[{"href":"https:\/\/www.europesays.com\/fi\/wp-json\/wp\/v2\/media?parent=142393"}],"wp:term":[{"taxonomy":"category","embeddable":true,"href":"https:\/\/www.europesays.com\/fi\/wp-json\/wp\/v2\/categories?post=142393"},{"taxonomy":"post_tag","embeddable":true,"href":"https:\/\/www.europesays.com\/fi\/wp-json\/wp\/v2\/tags?post=142393"}],"curies":[{"name":"wp","href":"https:\/\/api.w.org\/{rel}","templated":true}]}}