{"id":142395,"date":"2026-01-14T20:33:07","date_gmt":"2026-01-14T20:33:07","guid":{"rendered":"https:\/\/www.europesays.com\/fi\/142395\/"},"modified":"2026-01-14T20:33:07","modified_gmt":"2026-01-14T20:33:07","slug":"il-niinisto-johtaa-euroopan-puolustuksesta-laadittavaa-raporttia-ilman-yhdysvaltoja-uutisia-lyhyesti","status":"publish","type":"post","link":"https:\/\/www.europesays.com\/fi\/142395\/","title":{"rendered":"IL: Niinist\u00f6 johtaa Euroopan puolustuksesta laadittavaa raporttia \u2013 ilman Yhdysvaltoja | Uutisia lyhyesti"},"content":{"rendered":"<p class=\"aw-1gybjub aw-1p7kakr kEtdKx cEmitX yle__article__paragraph\">Euroopassa aletaan laatia raporttia ilman Yhdysvaltoja toteutettavasta puolustuksesta, kertoo <a class=\"aw-iao6s4 iHOxEa yle__article__link\" href=\"https:\/\/www.iltalehti.fi\/politiikka\/a\/6fbdf432-babd-4815-9a06-641b6f17432f\" role=\"link\" rel=\"nofollow noopener\" target=\"_blank\">Iltalehti<\/a>.<\/p>\n<p class=\"aw-1gybjub aw-1p7kakr kEtdKx cEmitX yle__article__paragraph\">Raportin laatimista johtaa presidentti <strong class=\"aw-ak79eh KyCXm yle__article__strong\">Sauli Niinist\u00f6<\/strong> ja julkaisusta vastaa Brysseliss\u00e4 toimiva ajatushautomo Centre for European Policy Studies (CEPS).<\/p>\n<p class=\"aw-1gybjub aw-1p7kakr kEtdKx cEmitX yle__article__paragraph\">Raportissa nostetaan esille eurooppalaisen armeijan perustaminen.<\/p>\n<p class=\"aw-1gybjub aw-1p7kakr kEtdKx cEmitX yle__article__paragraph\">Niinist\u00f6n mukaan tarkoitus on selvitt\u00e4\u00e4, miten Euroopan sotilaallinen turva voitaisiin mahdollisimman hyvin hahmottaa sen tilanteen varalta, ett\u00e4 Yhdysvaltojen suhtautuminen Natoon sis\u00e4lt\u00e4\u00e4 kysymysmerkkej\u00e4.<\/p>\n<p class=\"aw-1gybjub aw-1p7kakr kEtdKx cEmitX yle__article__paragraph\">Ty\u00f6ss\u00e4 on mukana useita korkean tason asiantuntijoita eri maista.<\/p>\n<p class=\"aw-1gybjub aw-1p7kakr kEtdKx cEmitX yle__article__paragraph\">Raportin on tarkoitus valmistua maaliskuuhun menness\u00e4. Niinist\u00f6n mukaan raportilla on kiire.<\/p>\n","protected":false},"excerpt":{"rendered":"Euroopassa aletaan laatia raporttia ilman Yhdysvaltoja toteutettavasta puolustuksesta, kertoo Iltalehti. Raportin laatimista johtaa presidentti Sauli Niinist\u00f6 ja julkaisusta&hellip;\n","protected":false},"author":2,"featured_media":142396,"comment_status":"","ping_status":"","sticky":false,"template":"","format":"standard","meta":{"footnotes":""},"categories":[5],"tags":[24476,22,23,2267,26,27,33,31,30,17,70,71,24,25,28,29,2579,15,18,21,2535,1553,32,19,20,56,16],"class_list":{"0":"post-142395","1":"post","2":"type-post","3":"status-publish","4":"format-standard","5":"has-post-thumbnail","7":"category-otsikot","8":"tag-ajatushautomot","9":"tag-breaking-news","10":"tag-breakingnews","11":"tag-eurooppa","12":"tag-featured-news","13":"tag-featurednews","14":"tag-fi","15":"tag-finland","16":"tag-finnish","17":"tag-headlines","18":"tag-kansainvalinen-politiikka","19":"tag-kotimaa","20":"tag-latest-news","21":"tag-latestnews","22":"tag-main-news","23":"tag-mainnews","24":"tag-nato","25":"tag-news","26":"tag-otsikot","27":"tag-paauutiset","28":"tag-puolustuspolitiikka","29":"tag-sauli-niinisto","30":"tag-suomi","31":"tag-top-stories","32":"tag-topstories","33":"tag-ulkomaat","34":"tag-uutiset"},"share_on_mastodon":{"url":"https:\/\/pubeurope.com\/@fi\/115895363332627984","error":""},"_links":{"self":[{"href":"https:\/\/www.europesays.com\/fi\/wp-json\/wp\/v2\/posts\/142395","targetHints":{"allow":["GET"]}}],"collection":[{"href":"https:\/\/www.europesays.com\/fi\/wp-json\/wp\/v2\/posts"}],"about":[{"href":"https:\/\/www.europesays.com\/fi\/wp-json\/wp\/v2\/types\/post"}],"author":[{"embeddable":true,"href":"https:\/\/www.europesays.com\/fi\/wp-json\/wp\/v2\/users\/2"}],"replies":[{"embeddable":true,"href":"https:\/\/www.europesays.com\/fi\/wp-json\/wp\/v2\/comments?post=142395"}],"version-history":[{"count":0,"href":"https:\/\/www.europesays.com\/fi\/wp-json\/wp\/v2\/posts\/142395\/revisions"}],"wp:featuredmedia":[{"embeddable":true,"href":"https:\/\/www.europesays.com\/fi\/wp-json\/wp\/v2\/media\/142396"}],"wp:attachment":[{"href":"https:\/\/www.europesays.com\/fi\/wp-json\/wp\/v2\/media?parent=142395"}],"wp:term":[{"taxonomy":"category","embeddable":true,"href":"https:\/\/www.europesays.com\/fi\/wp-json\/wp\/v2\/categories?post=142395"},{"taxonomy":"post_tag","embeddable":true,"href":"https:\/\/www.europesays.com\/fi\/wp-json\/wp\/v2\/tags?post=142395"}],"curies":[{"name":"wp","href":"https:\/\/api.w.org\/{rel}","templated":true}]}}