{"id":142405,"date":"2026-01-14T20:56:12","date_gmt":"2026-01-14T20:56:12","guid":{"rendered":"https:\/\/www.europesays.com\/fi\/142405\/"},"modified":"2026-01-14T20:56:12","modified_gmt":"2026-01-14T20:56:12","slug":"fantasiaviikko-kirkes-kirjastoissa-2-2-7-2-jarvenpaa","status":"publish","type":"post","link":"https:\/\/www.europesays.com\/fi\/142405\/","title":{"rendered":"Fantasiaviikko Kirkes-kirjastoissa 2.2.\u20137.2. | J\u00e4rvenp\u00e4\u00e4"},"content":{"rendered":"<p><img loading=\"lazy\" decoding=\"async\" width=\"1024\" height=\"576\" src=\"https:\/\/www.europesays.com\/fi\/wp-content\/uploads\/2026\/01\/fantasiaviikko-1024x576.jpg\" alt=\"\" class=\"wp-image-97081\" style=\"width:400px\"  \/><\/p>\n<p>Kirkes-kirjastoissa vietet\u00e4\u00e4n taas fantasiaviikkoa 2.2.\u20137.2.\u00a0Tule mukaan kokemaan taikojen, taruolentojen ja hirvi\u00f6iden maailma. Tapahtumia j\u00e4rjestet\u00e4\u00e4n Kirkes-kirjastossa eri p\u00e4ivin\u00e4.<\/p>\n<p><strong>J\u00e4rvenp\u00e4\u00e4n kirjaston tapahtumap\u00e4iv\u00e4 on maanantai 2.2.<\/strong><br \/>Luvassa:<\/p>\n<ul class=\"wp-block-list\">\n<li>Dungeons &amp; Dragons -roolipeli nuorille (ik\u00e4raja 13+, englanninkielentaito suositeltava) peli alkaa klo 16.30.<\/li>\n<li>Lohik\u00e4\u00e4rmeen luola -pakohuone (ik\u00e4suositus 10+ peluutukset klo 16.30, 17.30 ja 18.30).<\/li>\n<li>Lis\u00e4ksi mm. suunnistusta, N\u00e4kin aarre -seikkailurata, taikasauvapaja, askartelua ja sarjakuvapaja. Fantasiaviikolla voit my\u00f6s selvitt\u00e4\u00e4 oman maagisen voimael\u00e4imesi.<\/li>\n<li>Aikuiset ja rohkeat lapset voivat my\u00f6s tulla kuuntelemaan kirjaston Stagelle wanhoja kummitustarinoita.<\/li>\n<\/ul>\n<p>Pakohuoneeseen ja roolipeliin ilmoittautuminen tapahtumapaikalla klo 15 alkaen.<\/p>\n<p>Loppuhuipennuksena lauantaina Keravan kirjastolla Kuparikettu pit\u00e4\u00e4 mielikuvamatkan lapsille.<\/p>\n<p>Fantasiaviikolla tapahtuu:<br \/>ma 2.2. klo 16.00\u201319.30 J\u00e4rvenp\u00e4\u00e4n kirjasto<br \/>ti 3.2. klo 15.00\u201318.30 Kellokosken kirjasto<br \/>ke 4.2. klo 16.00\u201319.30 M\u00e4nts\u00e4l\u00e4n kirjasto<br \/>to 5.2. klo 15.00\u201318.30 Jokelan kirjasto<br \/>pe 6.2. klo 15.00\u201318.30 Tuusulan p\u00e4\u00e4kirjasto<br \/>la 7.2. klo 12.00\u201315.30 Keravan kirjasto<\/p>\n","protected":false},"excerpt":{"rendered":"Kirkes-kirjastoissa vietet\u00e4\u00e4n taas fantasiaviikkoa 2.2.\u20137.2.\u00a0Tule mukaan kokemaan taikojen, taruolentojen ja hirvi\u00f6iden maailma. Tapahtumia j\u00e4rjestet\u00e4\u00e4n Kirkes-kirjastossa eri p\u00e4ivin\u00e4. J\u00e4rvenp\u00e4\u00e4n&hellip;\n","protected":false},"author":2,"featured_media":1266,"comment_status":"","ping_status":"","sticky":false,"template":"","format":"standard","meta":{"footnotes":""},"categories":[76],"tags":[79,77,33,31,30,32,78],"class_list":{"0":"post-142405","1":"post","2":"type-post","3":"status-publish","4":"format-standard","5":"has-post-thumbnail","7":"category-talous","8":"tag-business","9":"tag-economy","10":"tag-fi","11":"tag-finland","12":"tag-finnish","13":"tag-suomi","14":"tag-talous"},"share_on_mastodon":{"url":"https:\/\/pubeurope.com\/@fi\/115895453924865719","error":""},"_links":{"self":[{"href":"https:\/\/www.europesays.com\/fi\/wp-json\/wp\/v2\/posts\/142405","targetHints":{"allow":["GET"]}}],"collection":[{"href":"https:\/\/www.europesays.com\/fi\/wp-json\/wp\/v2\/posts"}],"about":[{"href":"https:\/\/www.europesays.com\/fi\/wp-json\/wp\/v2\/types\/post"}],"author":[{"embeddable":true,"href":"https:\/\/www.europesays.com\/fi\/wp-json\/wp\/v2\/users\/2"}],"replies":[{"embeddable":true,"href":"https:\/\/www.europesays.com\/fi\/wp-json\/wp\/v2\/comments?post=142405"}],"version-history":[{"count":0,"href":"https:\/\/www.europesays.com\/fi\/wp-json\/wp\/v2\/posts\/142405\/revisions"}],"wp:featuredmedia":[{"embeddable":true,"href":"https:\/\/www.europesays.com\/fi\/wp-json\/wp\/v2\/media\/1266"}],"wp:attachment":[{"href":"https:\/\/www.europesays.com\/fi\/wp-json\/wp\/v2\/media?parent=142405"}],"wp:term":[{"taxonomy":"category","embeddable":true,"href":"https:\/\/www.europesays.com\/fi\/wp-json\/wp\/v2\/categories?post=142405"},{"taxonomy":"post_tag","embeddable":true,"href":"https:\/\/www.europesays.com\/fi\/wp-json\/wp\/v2\/tags?post=142405"}],"curies":[{"name":"wp","href":"https:\/\/api.w.org\/{rel}","templated":true}]}}