{"id":142406,"date":"2026-01-14T20:57:09","date_gmt":"2026-01-14T20:57:09","guid":{"rendered":"https:\/\/www.europesays.com\/fi\/142406\/"},"modified":"2026-01-14T20:57:09","modified_gmt":"2026-01-14T20:57:09","slug":"kenraalilta-ikava-arvio-venajan-testista-suomen-saaristossa-suomalaisasiantuntija-ei-liioittelua","status":"publish","type":"post","link":"https:\/\/www.europesays.com\/fi\/142406\/","title":{"rendered":"Kenraalilta ik\u00e4v\u00e4 arvio Ven\u00e4j\u00e4n testist\u00e4 Suomen saaristossa \u2013 Suomalais\u00adasiantuntija: Ei liioittelua"},"content":{"rendered":"<p>Sotatieteiden tohtori Jarno Limnell ottaa kantaa ruotsalaisen kenraalin, komentaja Michael Claessonin puheisiin.<\/p>\n<p><img decoding=\"async\" class=\"image image-show image-preview\" src=\"https:\/\/www.europesays.com\/fi\/wp-content\/uploads\/2025\/10\/966088c521d2f6af403d65cd0e4661e89e4252d366557363eabb006581b985ac.jpg\" alt=\"\"\/><img decoding=\"async\" class=\"image image-show\" src=\"https:\/\/www.europesays.com\/fi\/wp-content\/uploads\/2025\/10\/1759336268_968_966088c521d2f6af403d65cd0e4661e89e4252d366557363eabb006581b985ac.jpg\" alt=\"\"\/><\/p>\n<p>Kansanedustaja Jarno Limnell. Inka Soveri<\/p>\n<p class=\"paragraph\">Ruotsin puolustusvoimien komentaja <strong>Michael Claesson<\/strong> <a href=\"https:\/\/www.iltalehti.fi\/politiikka\/d7eddbee-00bf-4329-9a7e-fdb73e842c0a\" rel=\"nofollow noopener\" target=\"_blank\">on arvioinut<\/a>, ett\u00e4 Ven\u00e4j\u00e4 voi haluta testata Naton 5. artiklaa sek\u00e4 Ruotsin ett\u00e4 Suomen saaristossa.<\/p>\n<p class=\"paragraph\">Sit\u00e4 Claesson ei kuitenkaan pid\u00e4 todenn\u00e4k\u00f6isen\u00e4, ett\u00e4 Ven\u00e4j\u00e4 hy\u00f6kk\u00e4isi t\u00e4ysimittaisesti puolustusliitto Natoa vastaan.<\/p>\n<p class=\"paragraph\">Kokoomuksen kansanedustaja, sotatieteiden tohtori <a href=\"https:\/\/www.iltalehti.fi\/henkilot\/Jarno Limnell\" class=\"article-link-person-page\" rel=\"nofollow noopener\" target=\"_blank\">Jarno Limnell<\/a> kommentoi h\u00e4nkin viestipalvelu X:ss\u00e4, ett\u00e4 komentajan arvio siit\u00e4, ett\u00e4 Ven\u00e4j\u00e4 saattaisi testata artiklaa Suomen saaristossa tai Baltiassa, ei ole liioittelua.<\/p>\n<p>Ruotsin puolustusvoimien komentaja, kenraali Michael Claesson. Evelina Carborn<\/p>\n<p class=\"paragraph\">\u2013 Kyse on nimenomaan harmaan alueen taktiikoista \u2013 toiminnasta, joka j\u00e4\u00e4 juuri kollektiivisen puolustusvastuun rajalle, Limnell <a href=\"https:\/\/x.com\/JarnoLim\/status\/2011086675028689193\" target=\"_blank\" rel=\"noopener nofollow\">toteaa<\/a>.<\/p>\n<p class=\"paragraph\">H\u00e4n tarkentaa n\u00e4kemyst\u00e4\u00e4n viestiketjussaan todeten, ett\u00e4 saaristo, merikaapelit, tietoliikenne, kriittinen data ja navigaatio ovat t\u00e4m\u00e4n p\u00e4iv\u00e4n \u201dpieni\u00e4 saaria\u201d.<\/p>\n<p class=\"paragraph\">\u2013 Niit\u00e4 voi painostaa ilman lipunvaihtoa tai laukauksia. Siksi 5. artiklan testaus ei v\u00e4ltt\u00e4m\u00e4tt\u00e4 n\u00e4yt\u00e4 sodalta, se n\u00e4ytt\u00e4\u00e4 h\u00e4iri\u00f6ilt\u00e4.<\/p>\n<p class=\"paragraph\">\u2013 Ven\u00e4j\u00e4n logiikka olisi selv\u00e4: ei suora konflikti Naton kanssa, vaan kokeilu siit\u00e4, miten hitaasti, ep\u00e4yhten\u00e4isesti tai ep\u00e4r\u00f6iden liittokunta vastaa. Tavoite on horjuttaa uskottavuutta, ei vallata aluetta, Limnell pohtii.<\/p>\n<p>Saaristo ei en\u00e4\u00e4 pelkk\u00e4 maisema<\/p>\n<p class=\"paragraph\">Kansanedustaja painottaa, ett\u00e4 t\u00e4rkein kysymys ei ole se, testaako Ven\u00e4j\u00e4 5. artiklaa vaan se, miten Nato tekee selv\u00e4ksi, ett\u00e4 kynnyst\u00e4 ei kannata edes kokeilla. N\u00e4in ollen avain on ennaltaehk\u00e4isy.<\/p>\n<p class=\"paragraph\">\u2013 Hyv\u00e4n liittolaisen merkki ei ole se, ett\u00e4 pyyt\u00e4\u00e4 apua kriisiss\u00e4, vaan se, ett\u00e4 tekee testauksen poliittisesti ja sotilaallisesti kannattamattomaksi jo etuk\u00e4teen. Siin\u00e4 peliss\u00e4 Suomi on nyt olennainen tekij\u00e4.<\/p>\n<p class=\"paragraph\">\u2013 Suomen saaristo ei ole en\u00e4\u00e4 vain kansallismaisema, se on osa Naton uskottavuutta.<\/p>\n","protected":false},"excerpt":{"rendered":"Sotatieteiden tohtori Jarno Limnell ottaa kantaa ruotsalaisen kenraalin, komentaja Michael Claessonin puheisiin. Kansanedustaja Jarno Limnell. Inka Soveri Ruotsin&hellip;\n","protected":false},"author":2,"featured_media":50683,"comment_status":"","ping_status":"","sticky":false,"template":"","format":"standard","meta":{"footnotes":""},"categories":[14],"tags":[35,22,23,26,27,33,31,30,17,24,25,28,29,15,18,21,637,878,2535,887,32,19,20,2534,56,16,59,60,61],"class_list":{"0":"post-142406","1":"post","2":"type-post","3":"status-publish","4":"format-standard","5":"has-post-thumbnail","7":"category-ulkomaat","8":"tag-24h","9":"tag-breaking-news","10":"tag-breakingnews","11":"tag-featured-news","12":"tag-featurednews","13":"tag-fi","14":"tag-finland","15":"tag-finnish","16":"tag-headlines","17":"tag-latest-news","18":"tag-latestnews","19":"tag-main-news","20":"tag-mainnews","21":"tag-news","22":"tag-otsikot","23":"tag-paauutiset","24":"tag-politiikka","25":"tag-puolustus-ja-rajavalvonta-maanpuolustus","26":"tag-puolustuspolitiikka","27":"tag-suomen-politiikka","28":"tag-suomi","29":"tag-top-stories","30":"tag-topstories","31":"tag-turvallisuuspolitiikka","32":"tag-ulkomaat","33":"tag-uutiset","34":"tag-world","35":"tag-world-news","36":"tag-worldnews"},"share_on_mastodon":{"url":"https:\/\/pubeurope.com\/@fi\/115895457805073140","error":""},"_links":{"self":[{"href":"https:\/\/www.europesays.com\/fi\/wp-json\/wp\/v2\/posts\/142406","targetHints":{"allow":["GET"]}}],"collection":[{"href":"https:\/\/www.europesays.com\/fi\/wp-json\/wp\/v2\/posts"}],"about":[{"href":"https:\/\/www.europesays.com\/fi\/wp-json\/wp\/v2\/types\/post"}],"author":[{"embeddable":true,"href":"https:\/\/www.europesays.com\/fi\/wp-json\/wp\/v2\/users\/2"}],"replies":[{"embeddable":true,"href":"https:\/\/www.europesays.com\/fi\/wp-json\/wp\/v2\/comments?post=142406"}],"version-history":[{"count":0,"href":"https:\/\/www.europesays.com\/fi\/wp-json\/wp\/v2\/posts\/142406\/revisions"}],"wp:featuredmedia":[{"embeddable":true,"href":"https:\/\/www.europesays.com\/fi\/wp-json\/wp\/v2\/media\/50683"}],"wp:attachment":[{"href":"https:\/\/www.europesays.com\/fi\/wp-json\/wp\/v2\/media?parent=142406"}],"wp:term":[{"taxonomy":"category","embeddable":true,"href":"https:\/\/www.europesays.com\/fi\/wp-json\/wp\/v2\/categories?post=142406"},{"taxonomy":"post_tag","embeddable":true,"href":"https:\/\/www.europesays.com\/fi\/wp-json\/wp\/v2\/tags?post=142406"}],"curies":[{"name":"wp","href":"https:\/\/api.w.org\/{rel}","templated":true}]}}