{"id":142411,"date":"2026-01-14T21:11:08","date_gmt":"2026-01-14T21:11:08","guid":{"rendered":"https:\/\/www.europesays.com\/fi\/142411\/"},"modified":"2026-01-14T21:11:08","modified_gmt":"2026-01-14T21:11:08","slug":"ishowspeed-aiheutti-kaaoksen-keniassa-ja-etitopiassa","status":"publish","type":"post","link":"https:\/\/www.europesays.com\/fi\/142411\/","title":{"rendered":"IShowSpeed aiheutti kaaoksen Keniassa ja Etitopiassa"},"content":{"rendered":"<p>IShowSpeed yll\u00e4ttyi saamastaan vastaanotosta.<\/p>\n<p class=\"article-body mb-nof-24 px-nof-16\">Huippusuosittu tubettaja ja striimaaja IShowSpeed eli <a class=\"font-bold underline-offset-[0.12em] [text-decoration:var(--person-link-text-decoration)] ![text-decoration-color:var(--person-link-text-decoration-color)]\" href=\"https:\/\/www.is.fi\/haku\/?query=Darren%20Watkins%20Jr.\" rel=\"nofollow noopener\" target=\"_blank\">Darren Watkins Jr. <\/a>kiert\u00e4\u00e4 parhaillaan ensi kertaa Afrikkaa.<\/p>\n<p class=\"article-body mb-nof-24 px-nof-16\">Pian 21 vuotta t\u00e4ytt\u00e4v\u00e4 IShowSpeed on t\u00e4h\u00e4n menness\u00e4 vieraillut Angolassa, Etel\u00e4-Afrikassa, Mosambikissa, Eswatinissa eli Swazimaassa, Botswanassa, Zimbabwessa, Sambiassa, Ruandassa, Keniassa ja Etiopiassa.<\/p>\n<p class=\"article-body mb-nof-24 px-nof-16\">Yhdysvaltalaist\u00e4hden vierailu sai etenkin kenialaiset ja etiopialaiset sekaisin. Paikallisilla poliiseilla oli ajoittain vaikeuksia hallita kaaosta, kun valtava ihmisjoukko seurasi striimaajaa ja jopa saartoi h\u00e4net. V\u00e4lill\u00e4 liikenne oli jopa pys\u00e4htynyt IShowSpeedin fanien aiheuttaman kaaoksen vuoksi.<\/p>\n<p class=\"article-body mb-nof-24 px-nof-16\">T\u00e4llaisen vastaanoton IShowSpeed sai Keniassa:<\/p>\n<p class=\"article-body mb-nof-24 px-nof-16\">Keniasta tehty\u00e4 suoraa l\u00e4hetyst\u00e4 seurasi samanaikaisesti yli 200\u202f000 katsojaa YouTuben kautta.<\/p>\n<p class=\"article-body mb-nof-24 px-nof-16\">Vierailun kohokohtia olivat Kenian p\u00e4\u00e4ministerin tapaaminen, koripallon pelaaminen Afrikan pisimm\u00e4n miehen, 2,44-metrisen <a class=\"font-bold underline-offset-[0.12em] [text-decoration:var(--person-link-text-decoration)] ![text-decoration-color:var(--person-link-text-decoration-color)]\" href=\"https:\/\/www.is.fi\/haku\/?query=Bradley%20Marongon\" rel=\"nofollow noopener\" target=\"_blank\">Bradley Marongon<\/a> kanssa, keih\u00e4\u00e4nheitto vuoden 2015 maailmanmestarin <a class=\"font-bold underline-offset-[0.12em] [text-decoration:var(--person-link-text-decoration)] ![text-decoration-color:var(--person-link-text-decoration-color)]\" href=\"https:\/\/www.is.fi\/haku\/?query=Julius%20Yegon\" rel=\"nofollow noopener\" target=\"_blank\">Julius Yegon <\/a>kanssa sek\u00e4 vierailut paikallisella j\u00e4ttimarkkinoilla ja el\u00e4inten turvakodissa. L\u00e4hetyksens\u00e4 somesensaatio p\u00e4\u00e4tti hypp\u00e4\u00e4m\u00e4ll\u00e4 helikopterin kyytiin.<\/p>\n<p class=\"article-body mb-nof-24 px-nof-16\">L\u00e4hetyksen aikana tapahtui <a class=\"underline underline-offset-[0.12em] [text-decoration-thickness:var(--generic-link-underline-thickness)] [text-decoration-color:var(--generic-link-underline-color)] [text-decoration-skip-ink:var(--generic-link-underline-skip-ink)] break-words\" href=\"https:\/\/x.com\/richo\/status\/2010312130247987468\" rel=\"nofollow\">ik\u00e4v\u00e4 tilanne<\/a>, kun fani kolaroi autolla yritetty\u00e4\u00e4n saada IShowSpeedin huomion. T\u00e4htistriimaaja meni hetkeksi sanattomaksi n\u00e4kem\u00e4st\u00e4\u00e4n, mutta itse kolaria ei n\u00e4ytetty l\u00e4hetyksess\u00e4.<\/p>\n<p class=\"article-body mb-nof-24 px-nof-16\">IShowSpeedin vierailu ei j\u00e4\u00e4nyt Kenian medialta huomaamatta, sill\u00e4 se nousi uutisaiheeksi esimerkiksi <a class=\"underline underline-offset-[0.12em] [text-decoration-thickness:var(--generic-link-underline-thickness)] [text-decoration-color:var(--generic-link-underline-color)] [text-decoration-skip-ink:var(--generic-link-underline-skip-ink)] break-words\" href=\"https:\/\/www.youtube.com\/watch?v=BXPJnfXsC1I\" rel=\"nofollow noopener\" target=\"_blank\">TV47-kanavalla<\/a>. Presidentti <a class=\"font-bold underline-offset-[0.12em] [text-decoration:var(--person-link-text-decoration)] ![text-decoration-color:var(--person-link-text-decoration-color)]\" href=\"https:\/\/www.is.fi\/haku\/?query=William%20Ruto\" rel=\"nofollow noopener\" target=\"_blank\">William Ruto <\/a>puolestaan julkaisi somessa <a class=\"underline underline-offset-[0.12em] [text-decoration-thickness:var(--generic-link-underline-thickness)] [text-decoration-color:var(--generic-link-underline-color)] [text-decoration-skip-ink:var(--generic-link-underline-skip-ink)] break-words\" href=\"https:\/\/www.tiktok.com\/@thepresidentofkenya5\/video\/7594050869142801676\" rel=\"nofollow noopener\" target=\"_blank\">videon<\/a>, jossa h\u00e4n toivotti IShowSpeedin syd\u00e4mellisesti tervetulleeksi Keniaan.<\/p>\n<p class=\"article-body mb-nof-24 px-nof-16\">IShowSpeedin Afrikan-matkan kaksi katsotuinta l\u00e4hetyst\u00e4 ovat olleet nimenomaan Keniasta ja Etiopiasta. Molempia on katsottu yli yhdeks\u00e4n miljoonaa kertaa.<\/p>\n<p class=\"article-body mb-nof-24 px-nof-16\">T\u00e4llaista oli meno Etiopiassa:<\/p>\n<p class=\"article-body mb-nof-24 px-nof-16\">Minne tahansa p\u00e4in maailmaa IShowSpeed meneek\u00e4\u00e4n, valtava yleis\u00f6 yritt\u00e4\u00e4 saada t\u00e4hden huomion tavalla tai toisella. Norjassa ja Malesiassa h\u00e4n on j\u00e4\u00e4nyt esimerkiksi ravintolaan jumiin, kun ulkopuolella on ollut liikaa innokkaita faneja.<\/p>\n<p class=\"article-body mb-nof-24 px-nof-16\">Niin k\u00e4vi my\u00f6s kes\u00e4ll\u00e4 2025 hein\u00e4kuussa, kun striimaajan toinen Euroopan-kiertue rantautui p\u00e4iv\u00e4ksi Helsinkiin. Poliisi oli varautunut liikennehaittoihin, mutta Helsingin keskustaan pakkautui lopulta tuhatp\u00e4inen nuorisolauma, joka teki t\u00e4hden liikkumisesta l\u00e4hes mahdotonta.<\/p>\n<p class=\"article-body mb-nof-24 px-nof-16\">\u2013\u2009Kun siell\u00e4 oli satoja, hetkitt\u00e4in tuhansiakin seuraajia, on esimerkiksi nuorten s\u00e4nt\u00e4ilyyn liikenteen sekaan pyritty reagoimaan tarvittavalla tavalla, Helsingin poliisin komisario <a class=\"font-bold underline-offset-[0.12em] [text-decoration:var(--person-link-text-decoration)] ![text-decoration-color:var(--person-link-text-decoration-color)]\" href=\"https:\/\/www.is.fi\/haku\/?query=Katja%20Nissinen\" rel=\"nofollow noopener\" target=\"_blank\">Katja Nissinen<\/a> kommentoi kaaosta hein\u00e4kuussa IS:lle.<\/p>\n<p class=\"article-body mb-nof-24 px-nof-16\">\u2013 Oli esimerkiksi sellainen tilanne, jossa h\u00e4n (Watkins) oli saunalautalla Taivallahdella, ja nuoret olivat l\u00e4hteneet uimaan lauttaa kohti. Poliisivene oli ollut paikalla ja ohjannut uimarit takaisin rantaan.<\/p>\n<p class=\"article-body mb-nof-24 px-nof-16\">Lue lis\u00e4\u00e4: <a class=\"underline underline-offset-[0.12em] [text-decoration-thickness:var(--generic-link-underline-thickness)] [text-decoration-color:var(--generic-link-underline-color)] [text-decoration-skip-ink:var(--generic-link-underline-skip-ink)] break-words\" href=\"https:\/\/www.is.fi\/viihde\/art-2000011363875.html\" rel=\"nofollow noopener\" target=\"_blank\">Tilanne riist\u00e4ytyi k\u00e4sist\u00e4 Helsingin keskustassa \u2013 fanit juoksivat megat\u00e4hden per\u00e4ss\u00e4, poliisisaattue h\u00e4tiin<\/a><\/p>\n<p>Fakta<\/p>\n<p>IShowSpeed<\/p>\n<p class=\"article-body mb-nof-24 px-nof-16\">Oikealta nimelt\u00e4\u00e4n Darren Watkins Jr.<\/p>\n<p class=\"article-body mb-nof-24 px-nof-16\">Syntynyt Cincinnatissa, Ohiossa, Yhdysvalloissa, 21. tammikuuta 2005.<\/p>\n<p class=\"article-body mb-nof-24 px-nof-16\">Yksi maailman tunnetuimmista sis\u00e4ll\u00f6ntuottajista. Watkins tunnetaan striimaajana, mutta h\u00e4n luo aktiivisesti my\u00f6s musiikkia.<\/p>\n<p class=\"article-body mb-nof-24 px-nof-16\">YouTubessa 48 miljoonaa seuraajaa, TikTokissa 46 miljoonaa ja Instagramissa 43 miljoonaa.<\/p>\n<p class=\"article-body mb-nof-24 px-nof-16\">Watkinsin suoralla l\u00e4hetyksell\u00e4 on ollut parhaimmillaan 1,04 miljoonaa katsojaa samanaikaisesti.<\/p>\n<p><img decoding=\"async\" src=\"https:\/\/www.europesays.com\/fi\/wp-content\/uploads\/2026\/01\/1768425068_124_468.jpg\" alt=\"IShowSpeed kiert\u00e4\u00e4 Afrikkaa tammikuun loppuun asti.\" class=\"_Img_1rerz_1\" style=\"aspect-ratio:1.7777777777777777\" loading=\"eager\"\/><\/p>\n<p class=\"article-picture-caption\">IShowSpeed kiert\u00e4\u00e4 Afrikkaa tammikuun loppuun asti. Kuva:\u00a0Bertram Malgas\/ZUMA Press Wire<\/p>\n<p><script async src=\"\/\/www.tiktok.com\/embed.js\"><\/script><\/p>\n","protected":false},"excerpt":{"rendered":"IShowSpeed yll\u00e4ttyi saamastaan vastaanotosta. Huippusuosittu tubettaja ja striimaaja IShowSpeed eli Darren Watkins Jr. kiert\u00e4\u00e4 parhaillaan ensi kertaa Afrikkaa.&hellip;\n","protected":false},"author":2,"featured_media":142412,"comment_status":"","ping_status":"","sticky":false,"template":"","format":"standard","meta":{"footnotes":""},"categories":[136],"tags":[407,137,33,31,30,34,408,32,109],"class_list":{"0":"post-142411","1":"post","2":"type-post","3":"status-publish","4":"format-standard","5":"has-post-thumbnail","7":"category-julkkikset","8":"tag-celebrities","9":"tag-entertainment","10":"tag-fi","11":"tag-finland","12":"tag-finnish","13":"tag-ilta-sanomat","14":"tag-julkkikset","15":"tag-suomi","16":"tag-viihde"},"share_on_mastodon":{"url":"https:\/\/pubeurope.com\/@fi\/115895512785749095","error":""},"_links":{"self":[{"href":"https:\/\/www.europesays.com\/fi\/wp-json\/wp\/v2\/posts\/142411","targetHints":{"allow":["GET"]}}],"collection":[{"href":"https:\/\/www.europesays.com\/fi\/wp-json\/wp\/v2\/posts"}],"about":[{"href":"https:\/\/www.europesays.com\/fi\/wp-json\/wp\/v2\/types\/post"}],"author":[{"embeddable":true,"href":"https:\/\/www.europesays.com\/fi\/wp-json\/wp\/v2\/users\/2"}],"replies":[{"embeddable":true,"href":"https:\/\/www.europesays.com\/fi\/wp-json\/wp\/v2\/comments?post=142411"}],"version-history":[{"count":0,"href":"https:\/\/www.europesays.com\/fi\/wp-json\/wp\/v2\/posts\/142411\/revisions"}],"wp:featuredmedia":[{"embeddable":true,"href":"https:\/\/www.europesays.com\/fi\/wp-json\/wp\/v2\/media\/142412"}],"wp:attachment":[{"href":"https:\/\/www.europesays.com\/fi\/wp-json\/wp\/v2\/media?parent=142411"}],"wp:term":[{"taxonomy":"category","embeddable":true,"href":"https:\/\/www.europesays.com\/fi\/wp-json\/wp\/v2\/categories?post=142411"},{"taxonomy":"post_tag","embeddable":true,"href":"https:\/\/www.europesays.com\/fi\/wp-json\/wp\/v2\/tags?post=142411"}],"curies":[{"name":"wp","href":"https:\/\/api.w.org\/{rel}","templated":true}]}}