{"id":142419,"date":"2026-01-14T21:23:08","date_gmt":"2026-01-14T21:23:08","guid":{"rendered":"https:\/\/www.europesays.com\/fi\/142419\/"},"modified":"2026-01-14T21:23:08","modified_gmt":"2026-01-14T21:23:08","slug":"politico-eun-kallaksen-mielesta-nyt-olisi-hyva-hetki-aloittaa-juominen-uutisia-lyhyesti","status":"publish","type":"post","link":"https:\/\/www.europesays.com\/fi\/142419\/","title":{"rendered":"Politico: EU:n Kallaksen mielest\u00e4 \u201dnyt olisi hyv\u00e4 hetki aloittaa juominen\u201d | Uutisia lyhyesti"},"content":{"rendered":"<p class=\"aw-1gybjub aw-5vja16 kEtdKx kmuxyA yle__article__paragraph\">Kallakseen kerrotaan esitt\u00e4neen kommenttinsa samoihin aikoihin, kun Gr\u00f6nlannin ja Tanskan ulkoministerit olivat tapaamassa Yhdysvaltain johtoa Washingtonissa.<\/p>\n<p><img decoding=\"async\" alt=\"EU:n ulkosuhdejohtaja Kaja Kallas. \" src=\"https:\/\/www.europesays.com\/fi\/wp-content\/uploads\/2026\/01\/39-15593516925f11735b8d.jpeg\" class=\"aw-1l9m598 hKVVvP\"\/><\/p>\n<p>Avaa kuvien katselu<\/p>\n<p>Arkistokuva. EU:n ulko- ja turvallisuuspolitiikan korkea edustaja Kaja Kallas kuvattuna Brysseliss\u00e4 marraskuussa 2025. Kuva: EPA\/OLIVIER MATTHYS<\/p>\n<p>22:37\u2022P\u00e4ivitetty 22:57<\/p>\n<p class=\"aw-1gybjub aw-1p7kakr kEtdKx cEmitX yle__article__paragraph\">EU:n ulko- ja turvallisuuspolitiikan korkea edustaja <strong class=\"aw-ak79eh KyCXm yle__article__strong\">Kaja Kallas<\/strong> sanoi Euroopan parlamentin poliittisten ryhmien johtajille, ett\u00e4 maailmanlaajuisten tapahtumien valossa nyt olisi \u201dhyv\u00e4 hetki aloittaa juominen\u201d.<\/p>\n<p class=\"aw-1gybjub aw-1p7kakr kEtdKx cEmitX yle__article__paragraph\"><a class=\"aw-iao6s4 iHOxEa yle__article__link\" href=\"https:\/\/www.politico.eu\/article\/eu-chief-diplomat-kaja-kallas-state-world-means-time-start-drinking\/\" role=\"link\" rel=\"nofollow noopener\" target=\"_blank\">Politico-verkkomedian kahden l\u00e4hteen mukaan<\/a> Kallas oli kommentoinut asiaa ryhm\u00e4johtajille yksityisesti kokouksessa. L\u00e4hteiden mukaan Kallas sanoi, ett\u00e4 vaikka h\u00e4n ei pahemmin kuluta alkoholia, ovat kaikki parhaillaan k\u00e4ynniss\u00e4 olevat maailmanpoliittiset huolet hyv\u00e4 peruste aloittaa alkoholin k\u00e4ytt\u00f6.<\/p>\n<p class=\"aw-1gybjub aw-1p7kakr kEtdKx cEmitX yle__article__paragraph\">Kallakseen kerrotaan esitt\u00e4neen kommenttinsa samoihin aikoihin, kun Gr\u00f6nlannin ulkoministeri <strong class=\"aw-ak79eh KyCXm yle__article__strong\">Vivian Motzfeldt<\/strong> ja Tanskan ulkoministeri <strong class=\"aw-ak79eh KyCXm yle__article__strong\">Lars L\u00f6kke Rasmussen<\/strong> olivat tapaamassa Yhdysvaltain varapresidentti\u00e4 <strong class=\"aw-ak79eh KyCXm yle__article__strong\">J.D. Vancea<\/strong> ja ulkoministeri\u00e4 <strong class=\"aw-ak79eh KyCXm yle__article__strong\">Marco Rubiota<\/strong> Valkoisessa talossa keskiviikkona. Tapaamisen aiheena oli Yhdysvaltain presidentin <strong class=\"aw-ak79eh KyCXm yle__article__strong\">Donald Trumpin<\/strong> toistuvat uhkaukset Gr\u00f6nlannin liitt\u00e4misest\u00e4 osaksi Yhdysvaltoja.<\/p>\n<p class=\"aw-1gybjub aw-1p7kakr kEtdKx cEmitX yle__article__paragraph\">Kallas esitti kommenttinsa sen j\u00e4lkeen, kun keskeiset europarlamentaarikot alkoivat kokouksessa toivottaa toisilleen hyv\u00e4\u00e4 uutta vuotta. Samat europarlamentaarikot lis\u00e4siv\u00e4t, ettei uusi vuosi ollut alkanut onnellisesti globaalien tapahtumien vuoksi, l\u00e4hteet kertovat.<\/p>\n<p class=\"aw-1gybjub aw-1p7kakr kEtdKx cEmitX yle__article__paragraph\">Politicossa todetaan, ett\u00e4 pelko Gr\u00f6nlannin liitt\u00e4misest\u00e4 Yhdysvaltoihin Trumpin aloitteesta, Iranin on laajat protestit islamistista hallintoa vastaan, ja Ukrainan sek\u00e4 Gazan jatkuvat konfliktit sek\u00e4 Yhdysvaltojen operaatio Venezuelassa ovat tehneet maailmanpolitiikasta EU:n t\u00e4rkeimm\u00e4n kysymyksen.<\/p>\n<p class=\"aw-1gybjub aw-1p7kakr kEtdKx cEmitX yle__article__paragraph\">Kallaksen tiedottaja ei ole viel\u00e4 vastannut Politicon kommenttipyynt\u00f6\u00f6n.<\/p>\n","protected":false},"excerpt":{"rendered":"Kallakseen kerrotaan esitt\u00e4neen kommenttinsa samoihin aikoihin, kun Gr\u00f6nlannin ja Tanskan ulkoministerit olivat tapaamassa Yhdysvaltain johtoa Washingtonissa. Avaa kuvien&hellip;\n","protected":false},"author":2,"featured_media":142420,"comment_status":"","ping_status":"","sticky":false,"template":"","format":"standard","meta":{"footnotes":""},"categories":[14],"tags":[3039,22,23,1617,2267,26,27,33,31,30,17,5342,70,24,25,28,29,15,18,21,3107,32,19,20,56,16,59,60,61],"class_list":{"0":"post-142419","1":"post","2":"type-post","3":"status-publish","4":"format-standard","5":"has-post-thumbnail","7":"category-ulkomaat","8":"tag-alkoholijuomat","9":"tag-breaking-news","10":"tag-breakingnews","11":"tag-euroopan-unioni","12":"tag-eurooppa","13":"tag-featured-news","14":"tag-featurednews","15":"tag-fi","16":"tag-finland","17":"tag-finnish","18":"tag-headlines","19":"tag-kaja-kallas","20":"tag-kansainvalinen-politiikka","21":"tag-latest-news","22":"tag-latestnews","23":"tag-main-news","24":"tag-mainnews","25":"tag-news","26":"tag-otsikot","27":"tag-paauutiset","28":"tag-politico","29":"tag-suomi","30":"tag-top-stories","31":"tag-topstories","32":"tag-ulkomaat","33":"tag-uutiset","34":"tag-world","35":"tag-world-news","36":"tag-worldnews"},"share_on_mastodon":{"url":"https:\/\/pubeurope.com\/@fi\/115895560137502793","error":""},"_links":{"self":[{"href":"https:\/\/www.europesays.com\/fi\/wp-json\/wp\/v2\/posts\/142419","targetHints":{"allow":["GET"]}}],"collection":[{"href":"https:\/\/www.europesays.com\/fi\/wp-json\/wp\/v2\/posts"}],"about":[{"href":"https:\/\/www.europesays.com\/fi\/wp-json\/wp\/v2\/types\/post"}],"author":[{"embeddable":true,"href":"https:\/\/www.europesays.com\/fi\/wp-json\/wp\/v2\/users\/2"}],"replies":[{"embeddable":true,"href":"https:\/\/www.europesays.com\/fi\/wp-json\/wp\/v2\/comments?post=142419"}],"version-history":[{"count":0,"href":"https:\/\/www.europesays.com\/fi\/wp-json\/wp\/v2\/posts\/142419\/revisions"}],"wp:featuredmedia":[{"embeddable":true,"href":"https:\/\/www.europesays.com\/fi\/wp-json\/wp\/v2\/media\/142420"}],"wp:attachment":[{"href":"https:\/\/www.europesays.com\/fi\/wp-json\/wp\/v2\/media?parent=142419"}],"wp:term":[{"taxonomy":"category","embeddable":true,"href":"https:\/\/www.europesays.com\/fi\/wp-json\/wp\/v2\/categories?post=142419"},{"taxonomy":"post_tag","embeddable":true,"href":"https:\/\/www.europesays.com\/fi\/wp-json\/wp\/v2\/tags?post=142419"}],"curies":[{"name":"wp","href":"https:\/\/api.w.org\/{rel}","templated":true}]}}