{"id":142423,"date":"2026-01-14T21:25:08","date_gmt":"2026-01-14T21:25:08","guid":{"rendered":"https:\/\/www.europesays.com\/fi\/142423\/"},"modified":"2026-01-14T21:25:08","modified_gmt":"2026-01-14T21:25:08","slug":"kiekko-espoon-tappioputki-jatkui-kalpan-harski-hartikaisen-karusellissa-urheilu","status":"publish","type":"post","link":"https:\/\/www.europesays.com\/fi\/142423\/","title":{"rendered":"Kiekko-Espoon tappioputki jatkui KalPan &#8221;H\u00e4rski&#8221; Hartikaisen karusellissa | Urheilu"},"content":{"rendered":"<p>Hallitseva Suomen mestari KalPa kukisti keskiviikkona Kiekko-Espoon 2\u20131-lukemin vierasottelussa keskiviikkona j\u00e4\u00e4kiekkoliigassa.<\/p>\n<p>Maalinteko osoittautui haastavaksi molemmille joukkueille. KalPan yhdysvaltalaismaalivahti Stefanos Lekkas oli pelip\u00e4\u00e4ll\u00e4, kuten my\u00f6s espoolaismaalilla Sami Rajaniemi, joten avausmaalin merkitys korostui.<\/p>\n<p>Se n\u00e4htiin ajassa 26.46, kun Kiekko-Espoon Miro Keskitalo ampaisi hy\u00f6kk\u00e4yksen k\u00e4rkeen. Peruspuolustaja Keskitalo, jonka hartioihin asti ulottuvat pitk\u00e4t hiukset hulmuavat kyp\u00e4r\u00e4n alta, py\u00f6ritteli Jere V\u00e4is\u00e4sen kanssa avausmaalin hienolla mutta yksinkertaisella sy\u00f6tt\u00f6kuviolla kaksi vastaan yksi -hy\u00f6kk\u00e4yksest\u00e4.<\/p>\n<p>Seuraava maali n\u00e4htiin vasta kolmannen er\u00e4n lopussa, kun Kiekko-Espoon puolustuspeli herpaantui ja Andreas Okany karkasi l\u00e4piajoon. Rajaniemi torjui ensimm\u00e4isen yrityksen, mutta Patrick Curry suti reboundin sis\u00e4\u00e4n.<\/p>\n<p>Kiekko-Espoo menetti edellisess\u00e4 ottelussa lauantaina SaiPaa vastaan kahden maalin johdon kolmannessa er\u00e4ss\u00e4, joten ep\u00e4luulo kasvoi j\u00e4lleen kotiyleis\u00f6ss\u00e4.<\/p>\n<p>Jatkoajalle edennyt ottelu p\u00e4\u00e4ttyi KalPan juhliin Teemu &#8221;H\u00e4rski&#8221; Hartikaisen maalilla. Hartikainen pisti espoolaispuolustukseen karuselliin kiert\u00e4m\u00e4ll\u00e4 vastustamattomasti vastustajansa maalin ymp\u00e4ri, ja ampui kiekon yl\u00e4nurkkaan.<\/p>\n<p>KalPalle voitto oli kolmas per\u00e4kk\u00e4inen, Kiekko-Espoon tappioputki venyi nelj\u00e4\u00e4n otteluun.<\/p>\n","protected":false},"excerpt":{"rendered":"Hallitseva Suomen mestari KalPa kukisti keskiviikkona Kiekko-Espoon 2\u20131-lukemin vierasottelussa keskiviikkona j\u00e4\u00e4kiekkoliigassa. Maalinteko osoittautui haastavaksi molemmille joukkueille. KalPan yhdysvaltalaismaalivahti&hellip;\n","protected":false},"author":2,"featured_media":142424,"comment_status":"","ping_status":"","sticky":false,"template":"","format":"standard","meta":{"footnotes":""},"categories":[5],"tags":[22,23,400,26,27,33,31,30,17,405,6422,1143,24,25,28,29,1146,15,18,21,9492,32,1145,19,20,16],"class_list":{"0":"post-142423","1":"post","2":"type-post","3":"status-publish","4":"format-standard","5":"has-post-thumbnail","7":"category-otsikot","8":"tag-breaking-news","9":"tag-breakingnews","10":"tag-espoo","11":"tag-featured-news","12":"tag-featurednews","13":"tag-fi","14":"tag-finland","15":"tag-finnish","16":"tag-headlines","17":"tag-helsingin-seutukunta","18":"tag-hiukset","19":"tag-jaakiekko","20":"tag-latest-news","21":"tag-latestnews","22":"tag-main-news","23":"tag-mainnews","24":"tag-miesten-jaakiekko","25":"tag-news","26":"tag-otsikot","27":"tag-paauutiset","28":"tag-saipa","29":"tag-suomi","30":"tag-talviurheilu","31":"tag-top-stories","32":"tag-topstories","33":"tag-uutiset"},"share_on_mastodon":{"url":"https:\/\/pubeurope.com\/@fi\/115895567824496207","error":""},"_links":{"self":[{"href":"https:\/\/www.europesays.com\/fi\/wp-json\/wp\/v2\/posts\/142423","targetHints":{"allow":["GET"]}}],"collection":[{"href":"https:\/\/www.europesays.com\/fi\/wp-json\/wp\/v2\/posts"}],"about":[{"href":"https:\/\/www.europesays.com\/fi\/wp-json\/wp\/v2\/types\/post"}],"author":[{"embeddable":true,"href":"https:\/\/www.europesays.com\/fi\/wp-json\/wp\/v2\/users\/2"}],"replies":[{"embeddable":true,"href":"https:\/\/www.europesays.com\/fi\/wp-json\/wp\/v2\/comments?post=142423"}],"version-history":[{"count":0,"href":"https:\/\/www.europesays.com\/fi\/wp-json\/wp\/v2\/posts\/142423\/revisions"}],"wp:featuredmedia":[{"embeddable":true,"href":"https:\/\/www.europesays.com\/fi\/wp-json\/wp\/v2\/media\/142424"}],"wp:attachment":[{"href":"https:\/\/www.europesays.com\/fi\/wp-json\/wp\/v2\/media?parent=142423"}],"wp:term":[{"taxonomy":"category","embeddable":true,"href":"https:\/\/www.europesays.com\/fi\/wp-json\/wp\/v2\/categories?post=142423"},{"taxonomy":"post_tag","embeddable":true,"href":"https:\/\/www.europesays.com\/fi\/wp-json\/wp\/v2\/tags?post=142423"}],"curies":[{"name":"wp","href":"https:\/\/api.w.org\/{rel}","templated":true}]}}