{"id":142427,"date":"2026-01-14T21:41:08","date_gmt":"2026-01-14T21:41:08","guid":{"rendered":"https:\/\/www.europesays.com\/fi\/142427\/"},"modified":"2026-01-14T21:41:08","modified_gmt":"2026-01-14T21:41:08","slug":"lemmy-kilmister-kuuli-synkan-uutisen-kaksi-paivaa-myohemmin-han-oli-kuollut","status":"publish","type":"post","link":"https:\/\/www.europesays.com\/fi\/142427\/","title":{"rendered":"Lemmy Kilmister kuuli synk\u00e4n uutisen \u2013 Kaksi p\u00e4iv\u00e4\u00e4 my\u00f6hemmin h\u00e4n oli kuollut"},"content":{"rendered":"<p>Lemmy Kilmister, David Bowie ja Alan Rickman kuolivat muutaman viikon sis\u00e4ll\u00e4 toisistaan 10 vuotta sitten.<\/p>\n<p class=\"paragraph\">Kymmenen vuotta sitten viihdemaailma t\u00e4yttyi suru-uutisista, kun kolme kansainv\u00e4list\u00e4 t\u00e4hte\u00e4 <strong>Lemmy Kilmister<\/strong>, <strong>David Bowie<\/strong> ja <strong>Alan Rickman<\/strong> kuolivat vain viikkojen sis\u00e4ll\u00e4 toisistaan. Yht\u00e4l\u00e4isyyksi\u00e4 oli monia. Englantilaistaiteilijat olivat l\u00e4hes samanik\u00e4isi\u00e4 ja syntyneet reilun vuoden sis\u00e4ll\u00e4 toisistaan. Heist\u00e4 jokainen sairasti tahollaan sy\u00f6p\u00e4\u00e4. Bowie ja Rickman kuvattiin viimeist\u00e4 kertaa julkisuudessa samana p\u00e4iv\u00e4n\u00e4, eri puolilla maailmaa.<\/p>\n<p>Kaksi p\u00e4iv\u00e4\u00e4 diagnoosista<\/p>\n<p class=\"paragraph\">Englantilaisen Mot\u00f6rhead-rock-yhtyeen perustajaj\u00e4sen, laulunkirjoittaja ja laulaja-basisti Lemmy Kilmister menehtyi kolmikosta ensimm\u00e4isen\u00e4, 28. joulukuuta 2015. Muusikko oli t\u00e4ytt\u00e4nyt 70 vuotta vain nelj\u00e4 p\u00e4iv\u00e4\u00e4 aiemmin jouluaattona.<\/p>\n<p><img decoding=\"async\" class=\"image image-show image-preview\" src=\"https:\/\/www.europesays.com\/fi\/wp-content\/uploads\/2026\/01\/a1fc768026cd135b185bb4b95475cda476a705f5d219637bc3204209f76a79bf.jpg\" alt=\"\"\/><img decoding=\"async\" class=\"image image-show\" src=\"https:\/\/www.europesays.com\/fi\/wp-content\/uploads\/2026\/01\/1768426868_626_a1fc768026cd135b185bb4b95475cda476a705f5d219637bc3204209f76a79bf.jpg\" alt=\"\"\/><\/p>\n<p>Lemmy Kilmister kuoli vain kaksi p\u00e4iv\u00e4\u00e4 sy\u00f6p\u00e4diagnoosinsa j\u00e4lkeen. AOP<\/p>\n<p class=\"paragraph\">Lemmy oli kuullut sairastavansa aggressiivista sy\u00f6p\u00e4\u00e4 vain kaksi p\u00e4iv\u00e4\u00e4 ennen kuolemaansa, <a href=\"https:\/\/www.bbc.com\/news\/entertainment-arts-35192060\" target=\"_blank\" rel=\"noopener nofollow\">BBC<\/a> uutisoi kuoleman aikaan. <a href=\"https:\/\/www.tmz.com\/2016\/01\/19\/lemmy-motorhead-died-prostate-cancer-death-certificate\/\" target=\"_blank\" rel=\"noopener nofollow\">TMZ<\/a> uutisoi my\u00f6hemmin, ett\u00e4 viralliseksi kuolinsyyksi oli kirjattu eturauhassy\u00f6p\u00e4 ja syd\u00e4men vajaatoiminta.<\/p>\n<p class=\"paragraph\">Mot\u00f6rheadin entinen manageri <strong>Todd Singerman<\/strong> kertoi hiljattain <a href=\"https:\/\/www.loudersound.com\/bands-artists\/when-the-doctor-was-at-the-house-and-told-us-i-cried-right-there-i-couldnt-help-it-and-he-was-the-one-who-consoled-me-lemmys-nearest-and-dearest-on-how-the-motorhead-man-faced-death-like-a-champ\" target=\"_blank\" rel=\"noopener nofollow\">Metal Hammerin<\/a> haastattelussa, ett\u00e4 Lemmy otti kuoleman vastaan selk\u00e4 suorassa. Sy\u00f6p\u00e4diagnoosi j\u00e4lkeen Lemmyn kotiin tuotiin h\u00e4nen suosikkipelikoneensa, jota pelaten h\u00e4n vietti el\u00e4m\u00e4ns\u00e4 viimeiset hetket. Lemmy kuoli nukkuessaan 17 p\u00e4iv\u00e4\u00e4 viimeisen konserttiesiintymisens\u00e4 j\u00e4lkeen.<\/p>\n<p class=\"paragraph\">17 p\u00e4iv\u00e4\u00e4 viimeisen esiintymisens\u00e4 j\u00e4lkeen kuoli my\u00f6s <strong>Ozzy Osbourne<\/strong>, yhdeks\u00e4n ja puoli vuotta my\u00f6hemmin. <a href=\"https:\/\/www.iltalehti.fi\/viihdeuutiset\/1458ed2e-3730-40e4-a1ff-a4dc1118ae7a\" rel=\"nofollow noopener\" target=\"_blank\">Osbourne oli 76-vuotias<\/a>.<\/p>\n<p>Mot\u00f6rhead lopetti toimintansa Lemmy Kilmisterin kuoltua. Yksi yhtyeen viimeisist\u00e4 esiintymisist\u00e4 oli Helsingiss\u00e4 6. joulukuuta 2015, kolme viikkoa ennen laulajan kuolemaa. AOP<\/p>\n<p class=\"paragraph\">Lemmyn ruumis tuhkattiin. Tuhkia laitettiin luotien sis\u00e4lle. Luodeista tehtyj\u00e4 koruja jaettiin muusikon yst\u00e4ville. Muun muassa suomalaismuusikko <strong>Michael Monroella<\/strong> on hallussaan luoti, <a href=\"https:\/\/www.iltalehti.fi\/viihdeuutiset\/f9854dca-e874-4c67-b1c2-fc0c2b3ab877\" rel=\"nofollow noopener\" target=\"_blank\">jonka sis\u00e4ll\u00e4 on osa Lemmy Kilmisteri\u00e4<\/a>.<\/p>\n<p>Ei kertonut<\/p>\n<p class=\"paragraph\">Toisen t\u00e4htimuusikon kuolemasta uutisoitiin alle kaksi viikkoa my\u00f6hemmin. David Bowie kuoli 10. tammikuuta 2016 kaksi p\u00e4iv\u00e4\u00e4 sen j\u00e4lkeen, kun h\u00e4n oli julkaissut viimeiseksi j\u00e4\u00e4neen Blackstar-albuminsa 69-vuotissyntym\u00e4p\u00e4iv\u00e4n\u00e4\u00e4n.<\/p>\n<p>David Bowie oli yksi aikamme merkitt\u00e4vimmist\u00e4 muusikoista. AOP<\/p>\n<p class=\"paragraph\">Bowie oli sairastanut puolentoista vuoden ajan maksasy\u00f6p\u00e4\u00e4, tuottajayst\u00e4v\u00e4 <strong>Brian Eno<\/strong> kertoi <a href=\"https:\/\/www.independent.co.uk\/news\/people\/news\/david-bowie-died-from-liver-cancer-he-kept-secret-from-all-but-handful-of-people-friend-says-a6806596.html\" target=\"_blank\" rel=\"noopener nofollow\">The Independentille<\/a>. Bowie ei ollut hiiskunut diagnoosistaan julkisuuteen, ja kuolinuutinen tuli monelle suurena j\u00e4rkytyksen\u00e4. Edes kaikki Bowien kanssa ty\u00f6skennelleet ihmiset eiv\u00e4t tienneet, ett\u00e4 muusikko oli vakavasti sairas ja k\u00e4vi l\u00e4pi sy\u00f6p\u00e4hoitoja. Kuvatessaan musiikkivideota Lazarus-kappaleeseensa Bowie sai tiet\u00e4\u00e4, ett\u00e4 h\u00e4nen sy\u00f6p\u00e4ns\u00e4 on parantumaton. H\u00e4n kuoli kolme kuukautta my\u00f6hemmin.<\/p>\n<p class=\"paragraph\">Bowie ty\u00f6skenteli viimeisiin p\u00e4iviins\u00e4 saakka. Joulukuussa 2015 Bowie osallistui yhdess\u00e4 <strong>Ivo van Hoven<\/strong> kanssa kirjoittamansa Lazarus-musikaalin ensi-iltaan New Yorkissa. T\u00e4m\u00e4 j\u00e4i Bowien viimeiseksi julkiseksi esiintymiseksi.<\/p>\n<p>David Bowie edusti viimeist\u00e4 kertaa julkisuudessa 7. joulukuuta 2015 Lazarus-musikaalinsa ensi-illassa. Tuolloin h\u00e4n jo tiesi, ett\u00e4 vakava sairaus veisi h\u00e4nen henkens\u00e4. AOP<\/p>\n<p class=\"paragraph\">Englantilaissyntyinen muusikko kuoli kotonaan New Yorkissa. H\u00e4nelle ei j\u00e4rjestetty hautajaisia, <a href=\"https:\/\/people.com\/david-bowie-death-legacy-what-to-know-8671966\" target=\"_blank\" rel=\"noopener nofollow\">People<\/a> kertoo. Bowien ruumis tuhkattiin ja tuhkat ripoteltiin testamentin toiveiden mukaan Balille osana buddhalaista rituaalia.<\/p>\n<p>Sairaus oli j\u00e4rkytys<\/p>\n<p class=\"paragraph\">14. tammikuuta 2016 tuli kolmas suuri suru-uutinen, kun brittin\u00e4yttelij\u00e4 Alan Rickman kuoli niin ik\u00e4\u00e4n 69-vuotiaana. Rickman olisi t\u00e4ytt\u00e4nyt 70 vuotta saman vuoden helmikuussa.<\/p>\n<p>Alan Rickman oli sairastanut sy\u00f6v\u00e4n jo kertaalleen aiemmin el\u00e4m\u00e4ss\u00e4\u00e4n. AOP<\/p>\n<p class=\"paragraph\">Rickman kuoli haimasy\u00f6p\u00e4\u00e4n. H\u00e4n oli saanut diagnoosin puoli vuotta aiemmin. <a href=\"https:\/\/www.independent.co.uk\/news\/people\/alan-rickman-british-actor-died-from-pancreatic-cancer-a6814686.html\" target=\"_blank\" rel=\"noopener nofollow\">Independentin<\/a> mukaan sy\u00f6p\u00e4 oli l\u00f6ydetty edelt\u00e4v\u00e4n\u00e4 kes\u00e4n\u00e4, kun Rickman oli saanut liev\u00e4n aivoinfarktin.<\/p>\n<p class=\"paragraph\">Bowien tavoin Rickman ei kertonut sairaudestaan julkisuuteen. Sy\u00f6p\u00e4diagnoosista tiesiv\u00e4t vain h\u00e4nen l\u00e4heisimm\u00e4t perheenj\u00e4senet ja yst\u00e4v\u00e4t.<\/p>\n<p class=\"paragraph\">Rickmanin pitk\u00e4aikainen puoliso <strong>Rima Horton<\/strong> on Rickmanin kuoleman j\u00e4lkeen tehnyt hyv\u00e4ntekev\u00e4isyysty\u00f6t\u00e4 haimasy\u00f6p\u00e4tietoisuuden lis\u00e4\u00e4miseksi. Horton kertoi hiljattain <a href=\"https:\/\/www.independent.co.uk\/life-style\/alan-rickman-death-cancer-wife-b2734153.html\" target=\"_blank\" rel=\"noopener nofollow\">Independentille<\/a> liittyneens\u00e4 mukaan hyv\u00e4ntekev\u00e4isyysj\u00e4rjest\u00f6n toimintaan Rickmanin kuoleman j\u00e4lkeen, jotta kenenk\u00e4\u00e4n muun ei tarvitsisi kokea samanlaista kuolemaa.<\/p>\n<p class=\"paragraph\">Rickman oli jo aiemmin el\u00e4m\u00e4ss\u00e4\u00e4n sairastunut aggressiiviseen eturauhassy\u00f6p\u00e4\u00e4n vuonna 2005. Rickman k\u00e4vi l\u00e4pi sy\u00f6p\u00e4hoitoja juuri ennen Harry Potter ja Feeniksin kilta -elokuvan kuvauksia.<\/p>\n<p class=\"paragraph\">Kuolemaan johtanut sy\u00f6p\u00e4diagnoosi oli Hortonin mukaan suuri j\u00e4rkytys, sill\u00e4 he eiv\u00e4t olleet osanneet ep\u00e4ill\u00e4, ett\u00e4 Rickmanin oireet, kuten selk\u00e4kipu ja vatsaongelmat, olisivat johtuneet sy\u00f6v\u00e4st\u00e4.<\/p>\n<p>Alan Rickman kuvattiin viimeisen kerran julkisuudessa 7. joulukuuta 2015 Lontoossa. Kuusi viikkoa my\u00f6hemmin h\u00e4n oli kuollut. AOP<\/p>\n<p class=\"paragraph\">Rickmanin viimeinen elokuvarooli ilmestyi h\u00e4nen kuolemansa j\u00e4lkeen. Rickmanin \u00e4\u00e4nt\u00e4 kuultiin vuonna 2016 ilmestyneess\u00e4 Liisan seikkailut peilimaassa -elokuvassa. Rickman oli ehtinyt tehd\u00e4 osuutensa ennen kuolemaansa. Elokuva omistettiin h\u00e4nen muistolleen.<\/p>\n","protected":false},"excerpt":{"rendered":"Lemmy Kilmister, David Bowie ja Alan Rickman kuolivat muutaman viikon sis\u00e4ll\u00e4 toisistaan 10 vuotta sitten. Kymmenen vuotta sitten&hellip;\n","protected":false},"author":2,"featured_media":142428,"comment_status":"","ping_status":"","sticky":false,"template":"","format":"standard","meta":{"footnotes":""},"categories":[132],"tags":[35,138,137,33,31,30,195,47,141,532,32,484,109],"class_list":{"0":"post-142427","1":"post","2":"type-post","3":"status-publish","4":"format-standard","5":"has-post-thumbnail","7":"category-musiikki","8":"tag-24h","9":"tag-audio","10":"tag-entertainment","11":"tag-fi","12":"tag-finland","13":"tag-finnish","14":"tag-music","15":"tag-musiikki","16":"tag-muusikot-bandit","17":"tag-rock-ja-pop","18":"tag-suomi","19":"tag-taiteellinen-ilmaisu-ja-mediat","20":"tag-viihde"},"share_on_mastodon":{"url":"https:\/\/pubeurope.com\/@fi\/115895630771403433","error":""},"_links":{"self":[{"href":"https:\/\/www.europesays.com\/fi\/wp-json\/wp\/v2\/posts\/142427","targetHints":{"allow":["GET"]}}],"collection":[{"href":"https:\/\/www.europesays.com\/fi\/wp-json\/wp\/v2\/posts"}],"about":[{"href":"https:\/\/www.europesays.com\/fi\/wp-json\/wp\/v2\/types\/post"}],"author":[{"embeddable":true,"href":"https:\/\/www.europesays.com\/fi\/wp-json\/wp\/v2\/users\/2"}],"replies":[{"embeddable":true,"href":"https:\/\/www.europesays.com\/fi\/wp-json\/wp\/v2\/comments?post=142427"}],"version-history":[{"count":0,"href":"https:\/\/www.europesays.com\/fi\/wp-json\/wp\/v2\/posts\/142427\/revisions"}],"wp:featuredmedia":[{"embeddable":true,"href":"https:\/\/www.europesays.com\/fi\/wp-json\/wp\/v2\/media\/142428"}],"wp:attachment":[{"href":"https:\/\/www.europesays.com\/fi\/wp-json\/wp\/v2\/media?parent=142427"}],"wp:term":[{"taxonomy":"category","embeddable":true,"href":"https:\/\/www.europesays.com\/fi\/wp-json\/wp\/v2\/categories?post=142427"},{"taxonomy":"post_tag","embeddable":true,"href":"https:\/\/www.europesays.com\/fi\/wp-json\/wp\/v2\/tags?post=142427"}],"curies":[{"name":"wp","href":"https:\/\/api.w.org\/{rel}","templated":true}]}}