{"id":142431,"date":"2026-01-14T21:45:06","date_gmt":"2026-01-14T21:45:06","guid":{"rendered":"https:\/\/www.europesays.com\/fi\/142431\/"},"modified":"2026-01-14T21:45:06","modified_gmt":"2026-01-14T21:45:06","slug":"virallista-james-gunn-liitti-yllatyssarjan-dc-universumiin","status":"publish","type":"post","link":"https:\/\/www.europesays.com\/fi\/142431\/","title":{"rendered":"Virallista: James Gunn liitti yll\u00e4tyssarjan DC-universumiin"},"content":{"rendered":"<p><strong>James Gunnin<\/strong> ja <strong>Peter Safranin<\/strong> DC Studios py\u00f6ritt\u00e4\u00e4 Warnerin uutta DC-universumia. Tai pian se on luultavasti jonkinlainen Warner-Netflixin DC-universumi.<\/p>\n<p>Gunn pit\u00e4\u00e4 tunnetusti kaikista omituisista ja unohdetuista hahmoista, joita ei ole oikeastaan edes viel\u00e4 n\u00e4hty television tai valkokankaiden puolella.<\/p>\n<p>Lue my\u00f6s: <a href=\"https:\/\/www.episodi.fi\/uutiset\/dclla-on-kaksi-uutta-elokuvaa-tulossa-james-gunn-on-innoissaan-mysteerisarjasta\/\" title=\"DC:ll\u00e4 on kaksi uutta elokuvaa tulossa \u2013 James Gunn on innoissaan mysteerisarjasta\" class=\"underline-custom !font-montserrat !font-bold !underline-offset-4 !decoration-4 !decoration-episodi-blue !text-md\" rel=\"nofollow noopener\" target=\"_blank\">DC:ll\u00e4 on kaksi uutta elokuvaa tulossa \u2013 James Gunn on innoissaan mysteerisarjasta<\/a><\/p>\n<p>Lue my\u00f6s: <a href=\"https:\/\/www.episodi.fi\/uutiset\/paattelivatko-marvel-fanit-avengers-doomsdayn-trailereiden-piilotetun-salaisen-viestin\/\" title=\"P\u00e4\u00e4tteliv\u00e4tk\u00f6 Marvel-fanit Avengers: Doomsdayn trailereiden piilotetun salaisen viestin?\" class=\"underline-custom !font-montserrat !font-bold !underline-offset-4 !decoration-4 !decoration-episodi-blue !text-md\" rel=\"nofollow noopener\" target=\"_blank\">P\u00e4\u00e4tteliv\u00e4tk\u00f6 Marvel-fanit Avengers: Doomsdayn trailereiden piilotetun salaisen viestin?<\/a><\/p>\n<p>Er\u00e4s n\u00e4ist\u00e4 on Scott Free, eli Mister Miracle, jonka is\u00e4pappa on New Genesis -poppoon pomo Highfather.<\/p>\n<p><strong>Jack Kirbyn<\/strong> luoma hahmo n\u00e4htiin ensimm\u00e4isen kerran Mister Miracle -lehden numerossa yksi vuonna 1971.<\/p>\n<p>Viime vuoden kes\u00e4kuussa hahmon kerrottiin saavan oma sarjansa, jonka vet\u00e4j\u00e4ksi napattiin sarjakuvak\u00e4sikirjoittaja <strong>Tom King<\/strong>.<\/p>\n<p>Muuta animaatiosarjasta ei sitten paljastettu, ei edes sit\u00e4, sijoittuuko se DC:n p\u00e4\u00e4universumiin DCU:hun, vai onko se Elseworlds-tarina, kuten toinen tuleva animaatiosarja My Adventurs with Green Lantern and Starfire.<\/p>\n<p>Gunn vahvisti Instagramissa Mister Miraclen sijoittuvan DCU:hun. T\u00e4m\u00e4 tarkoittaa siis sit\u00e4, ett\u00e4 New Gods, Apokalips ja Darkseid ovat virallisesti osa DCU:ta.<\/p>\n<p>Alla Gunnin julkaisu.<\/p>\n<p>Lue my\u00f6s: <a href=\"https:\/\/www.episodi.fi\/uutiskirje\/?uutiskirjemainos=tekstilinkkimainos\" title=\"Tilaa Episodin uutiskirje ja voit voittaa leffalippuja! Nappaa tv-vinkit suoraan s\u00e4hk\u00f6postiin t\u00e4st\u00e4.\" class=\"underline-custom !font-montserrat !font-bold !underline-offset-4 !decoration-4 !decoration-episodi-blue !text-md\" rel=\"nofollow noopener\" target=\"_blank\">Tilaa Episodin uutiskirje ja voit voittaa leffalippuja! Nappaa katseluvinkit suoraan s\u00e4hk\u00f6postiin t\u00e4st\u00e4.<\/a><\/p>\n","protected":false},"excerpt":{"rendered":"James Gunnin ja Peter Safranin DC Studios py\u00f6ritt\u00e4\u00e4 Warnerin uutta DC-universumia. Tai pian se on luultavasti jonkinlainen Warner-Netflixin&hellip;\n","protected":false},"author":2,"featured_media":142432,"comment_status":"","ping_status":"","sticky":false,"template":"","format":"standard","meta":{"footnotes":""},"categories":[130],"tags":[179,137,33,31,30,180,24478,32,5403,109],"class_list":{"0":"post-142431","1":"post","2":"type-post","3":"status-publish","4":"format-standard","5":"has-post-thumbnail","7":"category-viihde","8":"tag-dc","9":"tag-entertainment","10":"tag-fi","11":"tag-finland","12":"tag-finnish","13":"tag-james-gunn","14":"tag-mister-miracle","15":"tag-suomi","16":"tag-supersankarit","17":"tag-viihde"},"share_on_mastodon":{"url":"https:\/\/pubeurope.com\/@fi\/115895646454232261","error":""},"_links":{"self":[{"href":"https:\/\/www.europesays.com\/fi\/wp-json\/wp\/v2\/posts\/142431","targetHints":{"allow":["GET"]}}],"collection":[{"href":"https:\/\/www.europesays.com\/fi\/wp-json\/wp\/v2\/posts"}],"about":[{"href":"https:\/\/www.europesays.com\/fi\/wp-json\/wp\/v2\/types\/post"}],"author":[{"embeddable":true,"href":"https:\/\/www.europesays.com\/fi\/wp-json\/wp\/v2\/users\/2"}],"replies":[{"embeddable":true,"href":"https:\/\/www.europesays.com\/fi\/wp-json\/wp\/v2\/comments?post=142431"}],"version-history":[{"count":0,"href":"https:\/\/www.europesays.com\/fi\/wp-json\/wp\/v2\/posts\/142431\/revisions"}],"wp:featuredmedia":[{"embeddable":true,"href":"https:\/\/www.europesays.com\/fi\/wp-json\/wp\/v2\/media\/142432"}],"wp:attachment":[{"href":"https:\/\/www.europesays.com\/fi\/wp-json\/wp\/v2\/media?parent=142431"}],"wp:term":[{"taxonomy":"category","embeddable":true,"href":"https:\/\/www.europesays.com\/fi\/wp-json\/wp\/v2\/categories?post=142431"},{"taxonomy":"post_tag","embeddable":true,"href":"https:\/\/www.europesays.com\/fi\/wp-json\/wp\/v2\/tags?post=142431"}],"curies":[{"name":"wp","href":"https:\/\/api.w.org\/{rel}","templated":true}]}}