{"id":142435,"date":"2026-01-14T21:49:08","date_gmt":"2026-01-14T21:49:08","guid":{"rendered":"https:\/\/www.europesays.com\/fi\/142435\/"},"modified":"2026-01-14T21:49:08","modified_gmt":"2026-01-14T21:49:08","slug":"yle-suomea-pyydetty-sotaharjoitukseen-gronlantiin","status":"publish","type":"post","link":"https:\/\/www.europesays.com\/fi\/142435\/","title":{"rendered":"Yle: Suomea pyydetty sotaharjoitukseen Gr\u00f6nlantiin"},"content":{"rendered":"<p>Asiasta ei ole tehty ulkoministeri Elina Valtosen mukaan p\u00e4\u00e4t\u00f6st\u00e4.<\/p>\n<p class=\"article-body mb-nof-24 px-nof-16\">Ulkoministeri <a class=\"font-bold underline-offset-[0.12em] [text-decoration:var(--person-link-text-decoration)] ![text-decoration-color:var(--person-link-text-decoration-color)]\" href=\"https:\/\/www.is.fi\/haku\/?query=Elina%20Valtonen\" rel=\"nofollow noopener\" target=\"_blank\">Elina Valtonen<\/a> (kok) kertoo <a class=\"underline underline-offset-[0.12em] [text-decoration-thickness:var(--generic-link-underline-thickness)] [text-decoration-color:var(--generic-link-underline-color)] [text-decoration-skip-ink:var(--generic-link-underline-skip-ink)] break-words\" href=\"https:\/\/yle.fi\/a\/74-20204328\" rel=\"nofollow noopener\" target=\"_blank\">Ylelle<\/a>, ett\u00e4 Suomi on saanut pyynn\u00f6n sotaharjoitukseen Gr\u00f6nlantiin.<\/p>\n<p class=\"article-body mb-nof-24 px-nof-16\">\u2013 Arvioimme sit\u00e4 rauhassa, h\u00e4n sanoo Ylelle.<\/p>\n<p class=\"article-body mb-nof-24 px-nof-16\">Tanska j\u00e4rjest\u00e4\u00e4 Gr\u00f6nlannissa Operation Arctic Endurance -sotaharjoituksen.<\/p>\n<p class=\"article-body mb-nof-24 px-nof-16\">Sotaharjoitukseen osallistuvat my\u00f6s ruotsalaiset sotilaat. Ruotsi kertoi t\u00e4n\u00e4\u00e4n l\u00e4hett\u00e4v\u00e4ns\u00e4 Gr\u00f6nlantiin pienen joukon ruotsalaisia upseereita.<\/p>\n<p class=\"article-body mb-nof-24 px-nof-16\">Lue lis\u00e4\u00e4: <a class=\"underline underline-offset-[0.12em] [text-decoration-thickness:var(--generic-link-underline-thickness)] [text-decoration-color:var(--generic-link-underline-color)] [text-decoration-skip-ink:var(--generic-link-underline-skip-ink)] break-words\" href=\"https:\/\/www.is.fi\/ulkomaat\/art-2000011749870.html\" rel=\"nofollow noopener\" target=\"_blank\">Ruotsi l\u00e4hett\u00e4\u00e4 sotilaita Gr\u00f6nlantiin<\/a><\/p>\n<p class=\"article-body mb-nof-24 px-nof-16\">Norjalaismedia <a class=\"underline underline-offset-[0.12em] [text-decoration-thickness:var(--generic-link-underline-thickness)] [text-decoration-color:var(--generic-link-underline-color)] [text-decoration-skip-ink:var(--generic-link-underline-skip-ink)] break-words\" href=\"https:\/\/www.vg.no\/nyheter\/i\/rrgVpa\/siste-nytt-om-groenland?pinnedEntry=64888\" rel=\"nofollow noopener\" target=\"_blank\">VG:n<\/a> mukaan my\u00f6s Norja on l\u00e4hett\u00e4m\u00e4ss\u00e4 kaksi sotilashenkil\u00f6\u00e4 Gr\u00f6nlantiin.<\/p>\n<p class=\"article-body mb-nof-24 px-nof-16\">Saksalaislehti <a class=\"underline underline-offset-[0.12em] [text-decoration-thickness:var(--generic-link-underline-thickness)] [text-decoration-color:var(--generic-link-underline-color)] [text-decoration-skip-ink:var(--generic-link-underline-skip-ink)] break-words\" href=\"https:\/\/www.bild.de\/politik\/ausland-und-internationales\/deutschland-schickt-soldaten-nach-groenland-6967ddcd587b0b1176afc001\" rel=\"nofollow noopener\" target=\"_blank\">Bildin<\/a> mukaan my\u00f6s Saksa on l\u00e4hett\u00e4m\u00e4ss\u00e4 sotilaita Gr\u00f6nlantiin.<\/p>\n<p class=\"article-body mb-nof-24 px-nof-16\">Tanska ilmoitti t\u00e4n\u00e4\u00e4n lis\u00e4\u00e4v\u00e4ns\u00e4 sotilaallista l\u00e4sn\u00e4oloaan Gr\u00f6nlannissa. Aluksi Gr\u00f6nlantiin menevien sotilaiden teht\u00e4v\u00e4n\u00e4 olisi valmistella logistiikkaa suuremman p\u00e4\u00e4joukon tuloa varten.<\/p>\n<p class=\"article-body mb-nof-24 px-nof-16\">Ulkoministeri Valtonen vierailee keskiviikkoiltana my\u00f6s Ylen A-studiossa.<\/p>\n<p class=\"article-body mb-nof-24 px-nof-16\">Valtonen kertoo ohjelmassa tilanteen Gr\u00f6nlannin kanssa olevan vakava, eik\u00e4 sellainen, \u201dmiss\u00e4 haluaisimme olla\u201d.<\/p>\n<p class=\"article-body mb-nof-24 px-nof-16\">Valtosen mukaan suomalaiset kuitenkin \u201dottavat rauhallisesti\u201d. Valtosen mukaan Suomi tukee Tanskan ja Gr\u00f6nlannin oikeutta p\u00e4\u00e4tt\u00e4\u00e4 omista asioistaan.<\/p>\n<p class=\"article-body mb-nof-24 px-nof-16\">Valtosen mukaan on Suomen pitk\u00e4n linjan mukaista hakea ratkaisuja arktiseen alueeseen, \u201dmy\u00f6s osana liittokuntaa\u201d.<\/p>\n<p class=\"article-body mb-nof-24 px-nof-16\">Valtosen mukaan Suomi on jatkuvassa yhteydess\u00e4 Tanskaan sek\u00e4 my\u00f6s muihin Pohjoismaihin ja my\u00f6s Baltian maihin. My\u00f6s Yhdysvaltoihin ollaan yhteydess\u00e4.<\/p>\n<p class=\"article-body mb-nof-24 px-nof-16\">Kysytt\u00e4ess\u00e4 siit\u00e4, ett\u00e4 Suomea on pyydetty osallistumaan sotaharjoitukseen Gr\u00f6nlannissa, Valtonen sanoo ett\u00e4 Suomi katsoo tilannetta rauhassa.<\/p>\n<p class=\"article-body mb-nof-24 px-nof-16\">Valtosen mukaan kyseinen operaatio on pieni ja harjoitustyyppinen.<\/p>\n<p class=\"article-body mb-nof-24 px-nof-16\">Valtosen mukaan Suomelle on t\u00e4rke\u00e4\u00e4, ett\u00e4 pohdinta Gr\u00f6nlannista tehd\u00e4\u00e4n Naton piiriss\u00e4.<\/p>\n<p class=\"article-body mb-nof-24 px-nof-16\">\u2013\u2009Jos p\u00e4\u00e4tet\u00e4\u00e4n osana liittokuntaa lis\u00e4t\u00e4 l\u00e4sn\u00e4oloa Gr\u00f6nlannissa tai laajemminkin satsata arktiseen turvallisuuteen, mik\u00e4 on t\u00e4ysin Suomen intressi my\u00f6s, niin totta kai me ollaan siin\u00e4 tavalla tai toisella mukana.<\/p>\n<p class=\"article-body mb-nof-24 px-nof-16\">Valtoselta kysyttiin Ylell\u00e4 my\u00f6s, tuomitseeko h\u00e4n Yhdysvaltojen toiminnan Gr\u00f6nlannin suhteen.<\/p>\n<p class=\"article-body mb-nof-24 px-nof-16\">Valtonen vastasi sanomalla, ett\u00e4 Yhdysvaltain presidentti Donald Trumpin retoriikka on \u201derilaista, kuin mihin olemme tottuneet\u201d.<\/p>\n<p class=\"article-body mb-nof-24 px-nof-16\">Toimittaja kysyi Valtoselta t\u00e4m\u00e4n j\u00e4lkeen uudelleen, miksei voida tuomita suoraan, kun Yhdysvallat uhkailee liittolaismaataan.<\/p>\n<p class=\"article-body mb-nof-24 px-nof-16\">\u2013\u2009Kyll\u00e4h\u00e4n se minusta aika huonolta kuulostaa. Ja t\u00e4ytyy sanoa, etteiv\u00e4t n\u00e4m\u00e4 viime p\u00e4iv\u00e4t ole olleet kovin helppoja nek\u00e4\u00e4n, Valtonen sanoo.<\/p>\n<p class=\"article-body mb-nof-24 px-nof-16\">Valtonen kiist\u00e4\u00e4, ett\u00e4 Suomen johto olisi ollut ulostuloissaan pid\u00e4ttyv\u00e4inen Gr\u00f6nlannin tiimoilta. H\u00e4n korostaa Suomen tukeneen Tanskaa alusta saakka. Suomella on kuitenkin my\u00f6s hyv\u00e4t yhteydet Yhdysvaltoihin, ja pyrkii vaikuttamaan tilanteeseen poissa julkisuudessa, Valtonen sanoo.<\/p>\n<p class=\"article-body mb-nof-24 px-nof-16\">\u2013\u2009Mutta sen voin sanoa suoraan, ettei t\u00e4m\u00e4 helppo tilanne ole, h\u00e4n sanoo.<\/p>\n<p class=\"article-body mb-nof-24 px-nof-16\">Valtonen toivoo, ettei Gr\u00f6nlannin-tilanne aja Natoa kriisiin.<\/p>\n<p class=\"article-body mb-nof-24 px-nof-16\">\u2013\u2009Haluamme ratkaista t\u00e4m\u00e4n vaikean asian neuvottelemalla, h\u00e4n sanoo.<\/p>\n<p class=\"article-body mb-nof-24 px-nof-16\">Valtonen kommentoi Ylen A-studiossa my\u00f6s Yhdysvaltain, Tanskan ja Gr\u00f6nlannin ulkoministerien keskiviikkoista tapaamista Washington DC:ss\u00e4, johon osallistui my\u00f6s Yhdysvaltain varapresidentti <a class=\"font-bold underline-offset-[0.12em] [text-decoration:var(--person-link-text-decoration)] ![text-decoration-color:var(--person-link-text-decoration-color)]\" href=\"https:\/\/www.is.fi\/haku\/?query=JD%20Vance\" rel=\"nofollow noopener\" target=\"_blank\">JD Vance<\/a>.<\/p>\n<p class=\"article-body mb-nof-24 px-nof-16\">Valtosen mukaan puheet Gr\u00f6nlannista Yhdysvaltojen taholta ovat eskaloituneet viime p\u00e4ivien aikana kovalla vauhdilla, ja on hyv\u00e4, ett\u00e4 asiasta \u201dotettiin nyt koppia\u201d tapaamisessa.<\/p>\n<p class=\"article-body mb-nof-24 px-nof-16\">Valtonen korostaa, ettei Gr\u00f6nlannin kanssa ole nyt mit\u00e4\u00e4n \u201dakuuttia h\u00e4t\u00e4\u00e4\u201d. Valtosen mukaan Suomi pyrkii vakuuttamaan t\u00e4st\u00e4 my\u00f6s Yhdysvallat.<\/p>\n<p class=\"article-body mb-nof-24 px-nof-16\">\u2013\u2009Kiinan ja Ven\u00e4j\u00e4n l\u00e4sn\u00e4olo Gr\u00f6nlannin maaper\u00e4ll\u00e4 ja merialueella on minimaalista juuri nyt, Valtonen sanoo Ylell\u00e4.<\/p>\n<p class=\"article-body mb-nof-24 px-nof-16\">Valtonen sanoo, ettei tilanteen jatkumista t\u00e4llaisena kuitenkaan oteta selvyyten\u00e4. Valtosen mukaan ilmastonmuutoksen edetess\u00e4 arktiset merireitit tulevat aukeamaan nykyist\u00e4 enemm\u00e4n, ja mineraalien \u201dkaupallinen hy\u00f6dynt\u00e4minen tulee helpottumaan\u201d.<\/p>\n","protected":false},"excerpt":{"rendered":"Asiasta ei ole tehty ulkoministeri Elina Valtosen mukaan p\u00e4\u00e4t\u00f6st\u00e4. Ulkoministeri Elina Valtonen (kok) kertoo Ylelle, ett\u00e4 Suomi on&hellip;\n","protected":false},"author":2,"featured_media":142436,"comment_status":"","ping_status":"","sticky":false,"template":"","format":"standard","meta":{"footnotes":""},"categories":[14],"tags":[22,23,26,27,33,31,30,17,34,24,25,28,29,15,18,21,32,19,20,56,16,59,60,61],"class_list":{"0":"post-142435","1":"post","2":"type-post","3":"status-publish","4":"format-standard","5":"has-post-thumbnail","7":"category-ulkomaat","8":"tag-breaking-news","9":"tag-breakingnews","10":"tag-featured-news","11":"tag-featurednews","12":"tag-fi","13":"tag-finland","14":"tag-finnish","15":"tag-headlines","16":"tag-ilta-sanomat","17":"tag-latest-news","18":"tag-latestnews","19":"tag-main-news","20":"tag-mainnews","21":"tag-news","22":"tag-otsikot","23":"tag-paauutiset","24":"tag-suomi","25":"tag-top-stories","26":"tag-topstories","27":"tag-ulkomaat","28":"tag-uutiset","29":"tag-world","30":"tag-world-news","31":"tag-worldnews"},"share_on_mastodon":{"url":"https:\/\/pubeurope.com\/@fi\/115895662279682204","error":""},"_links":{"self":[{"href":"https:\/\/www.europesays.com\/fi\/wp-json\/wp\/v2\/posts\/142435","targetHints":{"allow":["GET"]}}],"collection":[{"href":"https:\/\/www.europesays.com\/fi\/wp-json\/wp\/v2\/posts"}],"about":[{"href":"https:\/\/www.europesays.com\/fi\/wp-json\/wp\/v2\/types\/post"}],"author":[{"embeddable":true,"href":"https:\/\/www.europesays.com\/fi\/wp-json\/wp\/v2\/users\/2"}],"replies":[{"embeddable":true,"href":"https:\/\/www.europesays.com\/fi\/wp-json\/wp\/v2\/comments?post=142435"}],"version-history":[{"count":0,"href":"https:\/\/www.europesays.com\/fi\/wp-json\/wp\/v2\/posts\/142435\/revisions"}],"wp:featuredmedia":[{"embeddable":true,"href":"https:\/\/www.europesays.com\/fi\/wp-json\/wp\/v2\/media\/142436"}],"wp:attachment":[{"href":"https:\/\/www.europesays.com\/fi\/wp-json\/wp\/v2\/media?parent=142435"}],"wp:term":[{"taxonomy":"category","embeddable":true,"href":"https:\/\/www.europesays.com\/fi\/wp-json\/wp\/v2\/categories?post=142435"},{"taxonomy":"post_tag","embeddable":true,"href":"https:\/\/www.europesays.com\/fi\/wp-json\/wp\/v2\/tags?post=142435"}],"curies":[{"name":"wp","href":"https:\/\/api.w.org\/{rel}","templated":true}]}}