{"id":142441,"date":"2026-01-14T22:03:07","date_gmt":"2026-01-14T22:03:07","guid":{"rendered":"https:\/\/www.europesays.com\/fi\/142441\/"},"modified":"2026-01-14T22:03:07","modified_gmt":"2026-01-14T22:03:07","slug":"nayttelija-maria-ylipaan-tytar-taytti-18-onpas-han-aitinsa-nakoinen","status":"publish","type":"post","link":"https:\/\/www.europesays.com\/fi\/142441\/","title":{"rendered":"N\u00e4yttelij\u00e4 Maria Ylip\u00e4\u00e4n tyt\u00e4r t\u00e4ytti 18 &#8211; onpas h\u00e4n \u00e4itins\u00e4 n\u00e4k\u00f6inen"},"content":{"rendered":"<p>N\u00e4yttelij\u00e4 Maria Ylip\u00e4\u00e4 muistetaan monista tv-rooleistaan (esimerkiksi Aallonmurtaja), mutta h\u00e4n on my\u00f6s laulaja, kuten kulturellimmat tiet\u00e4v\u00e4t.<\/p>\n<p>Monilahjakkuudella on ollut \u201djarisillanp\u00e4\u00e4m\u00e4ist\u00e4\u201d huumoria nimetess\u00e4\u00e4n Instagram-sivunsa. Siin\u00e4 miss\u00e4 Siltsun firma on nimelt\u00e4\u00e4n Bridgehead niin Marian Insta-tili tuntee nimen Overhead. P\u00e4\u00e4 on p\u00e4\u00e4asia!<\/p>\n<p>Nyt 44-vuotias nainen on tehnyt p\u00e4ivityksen perheasioistaan. H\u00e4nen Inari-tytt\u00e4rens\u00e4 on t\u00e4ytt\u00e4nyt 18 vuotta, ja on juhlittu h\u00e4nen t\u00e4ysi-ik\u00e4isyytt\u00e4\u00e4n.<\/p>\n<p>\u2013 Esikoisemme. Inari. Kahdeksantoista, Maria kirjoittaa.<\/p>\n<p>Kuten moni, niin Mariakin taivastelee ajan nopeaa kulumista:<\/p>\n<p>\u2013 Uskomatonta. Olen niin ylpe\u00e4, h\u00e4n toteaa.<\/p>\n<p>Julkaisussa on useita kuvia juhlista, ja my\u00f6s vieraita, kuten esimerkiksi n\u00e4yttelij\u00e4 Anna-Maija Tuokko. Marialla ja h\u00e4nen miehell\u00e4\u00e4n Matti Pentik\u00e4isell\u00e4 on kolme lasta.<\/p>\n<p>Yhdenn\u00e4k\u00f6isyytt\u00e4 riitt\u00e4\u00e4 \u2013 \u00e4iti ja tyt\u00e4r ovat kuin kaksi marjaa<\/p>\n<p>Lue my\u00f6s: <a href=\"https:\/\/www.como.fi\/uutiset\/muistatko-aallonmurtaja-sarjan-iloisia-uutisia-tv-katsojille\/\" title=\"Muistatko Aallonmurtaja-sarjan? Iloisia uutisia tv-katsojille\" class=\"underline-custom !font-montserrat !font-bold !underline-offset-4 !decoration-4 !decoration-red-600 !text-md\" rel=\"nofollow noopener\" target=\"_blank\">Muistatko Aallonmurtaja-sarjan? Iloisia uutisia tv-katsojille<\/a><\/p>\n<p>Lue my\u00f6s: <a href=\"https:\/\/www.como.fi\/uutiset\/talta-nayttaa-uusi-luottomies-elokuva-katso-traileri\/\" title=\"T\u00e4lt\u00e4 n\u00e4ytt\u00e4\u00e4 uusi Luottomies-elokuva \u2013 katso traileri\" class=\"underline-custom !font-montserrat !font-bold !underline-offset-4 !decoration-4 !decoration-red-600 !text-md\" rel=\"nofollow noopener\" target=\"_blank\">T\u00e4lt\u00e4 n\u00e4ytt\u00e4\u00e4 uusi Luottomies-elokuva \u2013 katso traileri<\/a><\/p>\n<p>Katso kuvat <strong><a href=\"https:\/\/www.instagram.com\/p\/DTdZ-pyjSl4\/?img_index=1\" rel=\"nofollow noopener\" target=\"_blank\">t\u00e4st\u00e4 linkist\u00e4 <\/a><\/strong>tai alapuolelta.<\/p>\n<p>Lue my\u00f6s: <a href=\"https:\/\/www.como.fi\/tilaa-comon-uutiskirje\/\" title=\"Tilaa Comon uutiskirje ja tied\u00e4t mist\u00e4 kahvitauolla puhutaan! Nappaa kotimaan tv-vinkit ja puheenaiheet suoraan s\u00e4hk\u00f6postiin t\u00e4st\u00e4.\" class=\"underline-custom !font-montserrat !font-bold !underline-offset-4 !decoration-4 !decoration-red-600 !text-md\" rel=\"nofollow noopener\" target=\"_blank\">Tilaa Comon uutiskirje ja tied\u00e4t mist\u00e4 kahvitauolla puhutaan! Nappaa kotimaan tv-vinkit ja puheenaiheet suoraan s\u00e4hk\u00f6postiin t\u00e4st\u00e4.<\/a><\/p>\n<p>\t\t\t<script async src=\"\/\/www.instagram.com\/embed.js\"><\/script><\/p>\n","protected":false},"excerpt":{"rendered":"N\u00e4yttelij\u00e4 Maria Ylip\u00e4\u00e4 muistetaan monista tv-rooleistaan (esimerkiksi Aallonmurtaja), mutta h\u00e4n on my\u00f6s laulaja, kuten kulturellimmat tiet\u00e4v\u00e4t. Monilahjakkuudella on&hellip;\n","protected":false},"author":2,"featured_media":142442,"comment_status":"","ping_status":"","sticky":false,"template":"","format":"standard","meta":{"footnotes":""},"categories":[136],"tags":[407,137,33,31,30,408,24479,32,109],"class_list":{"0":"post-142441","1":"post","2":"type-post","3":"status-publish","4":"format-standard","5":"has-post-thumbnail","7":"category-julkkikset","8":"tag-celebrities","9":"tag-entertainment","10":"tag-fi","11":"tag-finland","12":"tag-finnish","13":"tag-julkkikset","14":"tag-maria-ylipu00e4u00e4","15":"tag-suomi","16":"tag-viihde"},"share_on_mastodon":{"url":"https:\/\/pubeurope.com\/@fi\/115895717276586657","error":""},"_links":{"self":[{"href":"https:\/\/www.europesays.com\/fi\/wp-json\/wp\/v2\/posts\/142441","targetHints":{"allow":["GET"]}}],"collection":[{"href":"https:\/\/www.europesays.com\/fi\/wp-json\/wp\/v2\/posts"}],"about":[{"href":"https:\/\/www.europesays.com\/fi\/wp-json\/wp\/v2\/types\/post"}],"author":[{"embeddable":true,"href":"https:\/\/www.europesays.com\/fi\/wp-json\/wp\/v2\/users\/2"}],"replies":[{"embeddable":true,"href":"https:\/\/www.europesays.com\/fi\/wp-json\/wp\/v2\/comments?post=142441"}],"version-history":[{"count":0,"href":"https:\/\/www.europesays.com\/fi\/wp-json\/wp\/v2\/posts\/142441\/revisions"}],"wp:featuredmedia":[{"embeddable":true,"href":"https:\/\/www.europesays.com\/fi\/wp-json\/wp\/v2\/media\/142442"}],"wp:attachment":[{"href":"https:\/\/www.europesays.com\/fi\/wp-json\/wp\/v2\/media?parent=142441"}],"wp:term":[{"taxonomy":"category","embeddable":true,"href":"https:\/\/www.europesays.com\/fi\/wp-json\/wp\/v2\/categories?post=142441"},{"taxonomy":"post_tag","embeddable":true,"href":"https:\/\/www.europesays.com\/fi\/wp-json\/wp\/v2\/tags?post=142441"}],"curies":[{"name":"wp","href":"https:\/\/api.w.org\/{rel}","templated":true}]}}