{"id":142447,"date":"2026-01-14T22:11:07","date_gmt":"2026-01-14T22:11:07","guid":{"rendered":"https:\/\/www.europesays.com\/fi\/142447\/"},"modified":"2026-01-14T22:11:07","modified_gmt":"2026-01-14T22:11:07","slug":"hanna-wass-kertoo-avoimesti-tilanteestaan-kuulonaleneman-kanssa","status":"publish","type":"post","link":"https:\/\/www.europesays.com\/fi\/142447\/","title":{"rendered":"Hanna Wass kertoo avoimesti tilanteestaan kuulonaleneman kanssa"},"content":{"rendered":"<p>Wass kertoo, ett\u00e4 h\u00e4nell\u00e4 olisi paloa takaisin ty\u00f6el\u00e4m\u00e4\u00e4n.<\/p>\n<p>14.1. 23:18<\/p>\n<p class=\"article-body mb-nof-24 px-nof-16\">Politiikan tutkija<a class=\"font-bold underline-offset-[0.12em] [text-decoration:var(--person-link-text-decoration)] ![text-decoration-color:var(--person-link-text-decoration-color)]\" href=\"https:\/\/www.is.fi\/haku\/?query=%20Hanna%20Wass\" rel=\"nofollow noopener\" target=\"_blank\"> Hanna Wass<\/a> kertoo <a class=\"underline underline-offset-[0.12em] [text-decoration-thickness:var(--generic-link-underline-thickness)] [text-decoration-color:var(--generic-link-underline-color)] [text-decoration-skip-ink:var(--generic-link-underline-skip-ink)] break-words\" href=\"https:\/\/www.instagram.com\/p\/DTgL2X3gkoi\/\" rel=\"nofollow noopener\" target=\"_blank\">Instagramissa<\/a> olevansa edelleen sairauslomalla.<\/p>\n<p class=\"article-body mb-nof-24 px-nof-16\">\u2013\u2009Olen ollut nyt yht\u00e4jaksoisesti nelj\u00e4 ja puoli kuukautta sairauslomalla, mik\u00e4 on melkoisen pitk\u00e4 aika, h\u00e4n kirjoittaa.<\/p>\n<p class=\"article-body mb-nof-24 px-nof-16\">Wass on kertonut k\u00e4rsineens\u00e4 \u00e4killisest\u00e4 kuulonalenemasta viime kev\u00e4\u00e4st\u00e4 l\u00e4htien. H\u00e4n kertoi Helsingin Sanomille viime kes\u00e4n\u00e4, ett\u00e4 kuulonalenema on vienyt h\u00e4nen ty\u00f6kykyns\u00e4. Kuulonalenemisen lis\u00e4ksi Wass kertoi k\u00e4rsiv\u00e4ns\u00e4 voimakkaasta korvien soimisesta ja \u00e4\u00e4niyliherkkyydest\u00e4.<\/p>\n<p class=\"article-body mb-nof-24 px-nof-16\">Lue lis\u00e4\u00e4: <a class=\"underline underline-offset-[0.12em] [text-decoration-thickness:var(--generic-link-underline-thickness)] [text-decoration-color:var(--generic-link-underline-color)] [text-decoration-skip-ink:var(--generic-link-underline-skip-ink)] break-words\" href=\"https:\/\/www.is.fi\/kotimaa\/art-2000011392957.html\" rel=\"nofollow noopener\" target=\"_blank\">HS: Hanna Wassilta karu kuvaus terveydest\u00e4\u00e4n: \u201dTuntuu ep\u00e4todelliselta, miten koko el\u00e4m\u00e4 ja ura voi tuhoutua yhdess\u00e4 y\u00f6ss\u00e4\u201d<\/a><\/p>\n<p class=\"article-body mb-nof-24 px-nof-16\">Wass kertoo nyt seuraavansa maailman tapahtumia ja kollegoidensa kommentointia.<\/p>\n<p class=\"article-body mb-nof-24 px-nof-16\">\u2013\u2009Oma palo takaisin ty\u00f6el\u00e4m\u00e4\u00e4n on niin suuri, ett\u00e4 aloin vuoden alusta toteuttaa omatoimista ja varsin kokeellista kuntoutusohjelmaa, h\u00e4n kirjoittaa Instagramissa.<\/p>\n<p class=\"article-body mb-nof-24 px-nof-16\">Wass kertoo k\u00e4yneens\u00e4 kuulonsa suojanneena ensin l\u00e4hikaupassa, sitten lyhyill\u00e4 k\u00e4velyill\u00e4 ja sitten pidemmill\u00e4 k\u00e4velylenkeill\u00e4.<\/p>\n<p class=\"article-body mb-nof-24 px-nof-16\">Instagram-p\u00e4ivityksens\u00e4 yhteydess\u00e4 Wass on julkaissut kuvan ulkoa kaupunkiymp\u00e4rist\u00f6st\u00e4.<\/p>\n<p class=\"article-body mb-nof-24 px-nof-16\">P\u00e4ivityksess\u00e4 Wass kertoo avoimesti terveystilanteestaan.<\/p>\n<p class=\"article-body mb-nof-24 px-nof-16\">\u2013\u2009Vaurioituneesta korvastani ei kuulu mit\u00e4\u00e4n yksitt\u00e4ist\u00e4 \u201d\u00e4\u00e4nt\u00e4\u201d , vaan tuntuu pikemminkin silt\u00e4 kuin kuulohermosolut olisi heitetty moottorivikaiseen blenderiin tai tuhat t\u00e4htisadetikkua suihkisi p\u00e4\u00e4ss\u00e4ni yht\u00e4aikaisesti, h\u00e4n kirjoittaa.<\/p>\n<p class=\"article-body mb-nof-24 px-nof-16\">Wass kertoo pohtivansa, miten pystyy tilanteessaan tekem\u00e4\u00e4n opetus- ja tutkimusty\u00f6t\u00e4. Lis\u00e4ksi h\u00e4n kertoo oman sairastumisensa sek\u00e4 vastaavassa tilanteessa olevien kokemusten rapauttaneen h\u00e4nen luottamustaan suomalaiseen otologiaan, eli korvaa ja kuuloa k\u00e4sittelev\u00e4\u00e4n l\u00e4\u00e4ketieteen osa-alueeseen. Wass kertoo kuitenkin odottavansa seuraavaa vastaanottoaikaansa.<\/p>\n<p class=\"article-body mb-nof-24 px-nof-16\">Wassin mukaan monet yst\u00e4v\u00e4t ja kollegat ovat vakuuttaneet h\u00e4nelle, ett\u00e4 h\u00e4n pystyy viel\u00e4 jatkamaan uraansa.<\/p>\n<p class=\"article-body mb-nof-24 px-nof-16\">\u2013\u2009Lukuisissa saamissani yhteydenotoissa painotetaan miten luovuttaa ei saa ja el\u00e4m\u00e4 jatkuu. Miljoonaneuronisateen keskell\u00e4 yrit\u00e4n rohkaista itse\u00e4ni sill\u00e4, ett\u00e4 t\u00e4m\u00e4 ei nujerra minua ja kaikki niin ammatilliset kuin yksityiset unelmat ovat edelleen saavutettavissa, h\u00e4n kirjoittaa.<\/p>\n<p><script async src=\"\/\/www.instagram.com\/embed.js\"><\/script><\/p>\n","protected":false},"excerpt":{"rendered":"Wass kertoo, ett\u00e4 h\u00e4nell\u00e4 olisi paloa takaisin ty\u00f6el\u00e4m\u00e4\u00e4n. 14.1. 23:18 Politiikan tutkija Hanna Wass kertoo Instagramissa olevansa edelleen&hellip;\n","protected":false},"author":2,"featured_media":142448,"comment_status":"","ping_status":"","sticky":false,"template":"","format":"standard","meta":{"footnotes":""},"categories":[130],"tags":[137,33,31,30,34,32,109],"class_list":{"0":"post-142447","1":"post","2":"type-post","3":"status-publish","4":"format-standard","5":"has-post-thumbnail","7":"category-viihde","8":"tag-entertainment","9":"tag-fi","10":"tag-finland","11":"tag-finnish","12":"tag-ilta-sanomat","13":"tag-suomi","14":"tag-viihde"},"share_on_mastodon":{"url":"https:\/\/pubeurope.com\/@fi\/115895748674532733","error":""},"_links":{"self":[{"href":"https:\/\/www.europesays.com\/fi\/wp-json\/wp\/v2\/posts\/142447","targetHints":{"allow":["GET"]}}],"collection":[{"href":"https:\/\/www.europesays.com\/fi\/wp-json\/wp\/v2\/posts"}],"about":[{"href":"https:\/\/www.europesays.com\/fi\/wp-json\/wp\/v2\/types\/post"}],"author":[{"embeddable":true,"href":"https:\/\/www.europesays.com\/fi\/wp-json\/wp\/v2\/users\/2"}],"replies":[{"embeddable":true,"href":"https:\/\/www.europesays.com\/fi\/wp-json\/wp\/v2\/comments?post=142447"}],"version-history":[{"count":0,"href":"https:\/\/www.europesays.com\/fi\/wp-json\/wp\/v2\/posts\/142447\/revisions"}],"wp:featuredmedia":[{"embeddable":true,"href":"https:\/\/www.europesays.com\/fi\/wp-json\/wp\/v2\/media\/142448"}],"wp:attachment":[{"href":"https:\/\/www.europesays.com\/fi\/wp-json\/wp\/v2\/media?parent=142447"}],"wp:term":[{"taxonomy":"category","embeddable":true,"href":"https:\/\/www.europesays.com\/fi\/wp-json\/wp\/v2\/categories?post=142447"},{"taxonomy":"post_tag","embeddable":true,"href":"https:\/\/www.europesays.com\/fi\/wp-json\/wp\/v2\/tags?post=142447"}],"curies":[{"name":"wp","href":"https:\/\/api.w.org\/{rel}","templated":true}]}}