{"id":142451,"date":"2026-01-14T22:15:08","date_gmt":"2026-01-14T22:15:08","guid":{"rendered":"https:\/\/www.europesays.com\/fi\/142451\/"},"modified":"2026-01-14T22:15:08","modified_gmt":"2026-01-14T22:15:08","slug":"mies-vei-vaimoaan-lennolle-teneriffalla-turvatarkastaja-tarttui-naisen-kateen-ja-teki-jarkyttavan-havainnon","status":"publish","type":"post","link":"https:\/\/www.europesays.com\/fi\/142451\/","title":{"rendered":"Mies vei vaimoaan lennolle Teneriffalla \u2013 Turvatarkastaja tarttui naisen k\u00e4teen ja teki j\u00e4rkytt\u00e4v\u00e4n havainnon"},"content":{"rendered":"<p>Miehen suunnitelma paljastui turvatarkastuksen aikana.<\/p>\n<p><img decoding=\"async\" class=\"image image-show image-preview\" src=\"https:\/\/www.europesays.com\/fi\/wp-content\/uploads\/2026\/01\/0ead80c84dfee67884743ec8dcf1ca85cae9f8555a19a1b5bfde4a1b0d053524.jpg\" alt=\"\"\/><img decoding=\"async\" class=\"image image-show\" src=\"https:\/\/www.europesays.com\/fi\/wp-content\/uploads\/2026\/01\/1768428908_5_0ead80c84dfee67884743ec8dcf1ca85cae9f8555a19a1b5bfde4a1b0d053524.jpg\" alt=\"\"\/><\/p>\n<p>Tapaus sattui Teneriffan lentoasemalla. Kuvituskuva. All over press<\/p>\n<p class=\"paragraph\">80-vuotias mies yritti ottaa kuolleen vaimonsa mukaan lennolle Teneriffan etel\u00e4isell\u00e4 lentoasemalla, uutisoi <a href=\"https:\/\/www.canarianweekly.com\/posts\/Man-arrested-trying-to-board-flight-at-Tenerife-South-Airport-with-his-dead-wife\" target=\"_blank\" rel=\"noopener nofollow\">Canarian Weekly<\/a>.<\/p>\n<p class=\"paragraph\">Nainen oli aseteltu py\u00f6r\u00e4tuoliin. Miehen suunnitelma paljastui kuitenkin turvatarkastuksen aikana, vaikka aluksi mik\u00e4\u00e4n ei ollut her\u00e4tt\u00e4nyt ep\u00e4ilyksi\u00e4.<\/p>\n<p class=\"paragraph\">Vasta pariskunnan kuljettua metallinpaljastimen l\u00e4pi turvatarkastaja huomasi, ettei nainen reagoinut mihink\u00e4\u00e4n. Kun turvatarkastaja lopulta tarttui naisen k\u00e4teen, havaitsi h\u00e4n t\u00e4m\u00e4n olevan kylm\u00e4 eik\u00e4 hengitt\u00e4v\u00e4n.<\/p>\n<p class=\"paragraph\">80-vuotias kertoi henkil\u00f6kunnalle vaimonsa kuolleen vain muutamia tunteja aiemmin, miehen mukaan lentoaseman tiloissa. H\u00e4net otettiin kiinni tapahtumapaikalla. Mediatietojen mukaan h\u00e4n kuitenkin teki yhteisty\u00f6t\u00e4 poliisin kanssa.<\/p>\n<p class=\"paragraph\">Tutkinta naisen kuolinsyyst\u00e4 ja siit\u00e4, onko miest\u00e4 syyt\u00e4 ep\u00e4ill\u00e4 rikoksesta, on edelleen k\u00e4ynniss\u00e4.<\/p>\n","protected":false},"excerpt":{"rendered":"Miehen suunnitelma paljastui turvatarkastuksen aikana. Tapaus sattui Teneriffan lentoasemalla. Kuvituskuva. All over press 80-vuotias mies yritti ottaa kuolleen&hellip;\n","protected":false},"author":2,"featured_media":142452,"comment_status":"","ping_status":"","sticky":false,"template":"","format":"standard","meta":{"footnotes":""},"categories":[14],"tags":[35,22,23,26,27,33,31,30,17,24,25,28,29,15,18,21,122,54,52,103,32,19,20,546,56,16,59,60,61],"class_list":{"0":"post-142451","1":"post","2":"type-post","3":"status-publish","4":"format-standard","5":"has-post-thumbnail","7":"category-ulkomaat","8":"tag-24h","9":"tag-breaking-news","10":"tag-breakingnews","11":"tag-featured-news","12":"tag-featurednews","13":"tag-fi","14":"tag-finland","15":"tag-finnish","16":"tag-headlines","17":"tag-latest-news","18":"tag-latestnews","19":"tag-main-news","20":"tag-mainnews","21":"tag-news","22":"tag-otsikot","23":"tag-paauutiset","24":"tag-pelastaminen","25":"tag-pelastuspalvelut","26":"tag-poliisi","27":"tag-sosiaalikysymykset","28":"tag-suomi","29":"tag-top-stories","30":"tag-topstories","31":"tag-turvallisuus","32":"tag-ulkomaat","33":"tag-uutiset","34":"tag-world","35":"tag-world-news","36":"tag-worldnews"},"share_on_mastodon":{"url":"https:\/\/pubeurope.com\/@fi\/115895764558128522","error":""},"_links":{"self":[{"href":"https:\/\/www.europesays.com\/fi\/wp-json\/wp\/v2\/posts\/142451","targetHints":{"allow":["GET"]}}],"collection":[{"href":"https:\/\/www.europesays.com\/fi\/wp-json\/wp\/v2\/posts"}],"about":[{"href":"https:\/\/www.europesays.com\/fi\/wp-json\/wp\/v2\/types\/post"}],"author":[{"embeddable":true,"href":"https:\/\/www.europesays.com\/fi\/wp-json\/wp\/v2\/users\/2"}],"replies":[{"embeddable":true,"href":"https:\/\/www.europesays.com\/fi\/wp-json\/wp\/v2\/comments?post=142451"}],"version-history":[{"count":0,"href":"https:\/\/www.europesays.com\/fi\/wp-json\/wp\/v2\/posts\/142451\/revisions"}],"wp:featuredmedia":[{"embeddable":true,"href":"https:\/\/www.europesays.com\/fi\/wp-json\/wp\/v2\/media\/142452"}],"wp:attachment":[{"href":"https:\/\/www.europesays.com\/fi\/wp-json\/wp\/v2\/media?parent=142451"}],"wp:term":[{"taxonomy":"category","embeddable":true,"href":"https:\/\/www.europesays.com\/fi\/wp-json\/wp\/v2\/categories?post=142451"},{"taxonomy":"post_tag","embeddable":true,"href":"https:\/\/www.europesays.com\/fi\/wp-json\/wp\/v2\/tags?post=142451"}],"curies":[{"name":"wp","href":"https:\/\/api.w.org\/{rel}","templated":true}]}}