{"id":142453,"date":"2026-01-14T22:16:07","date_gmt":"2026-01-14T22:16:07","guid":{"rendered":"https:\/\/www.europesays.com\/fi\/142453\/"},"modified":"2026-01-14T22:16:07","modified_gmt":"2026-01-14T22:16:07","slug":"biovoiman-lampolaitoksella-raumalla-syttyi-tulipalo","status":"publish","type":"post","link":"https:\/\/www.europesays.com\/fi\/142453\/","title":{"rendered":"Biovoiman l\u00e4mp\u00f6laitoksella Raumalla syttyi tulipalo"},"content":{"rendered":"<p>Satakunnan pelastuslaitos sai suuren rakennuspaloh\u00e4lytyksen kello 19.49.<\/p>\n<p>14.1. 21:10<\/p>\n<p class=\"article-body mb-nof-24 px-nof-16\">Rauma<\/p>\n<p class=\"article-body mb-nof-24 px-nof-16\">Biovoiman l\u00e4mp\u00f6laitoksella Rauman Tikkalantiell\u00e4 syttyi tulipalo keskiviikkoiltana hieman ennen kello kahdeksaa. Palo syttyi p\u00e4ivyst\u00e4v\u00e4n palomestarin <a class=\"font-bold underline-offset-[0.12em] [text-decoration:var(--person-link-text-decoration)] ![text-decoration-color:var(--person-link-text-decoration-color)]\" href=\"https:\/\/www.satakunnankansa.fi\/haku\/?query=Mats%20Palorannan\" rel=\"nofollow noopener\" target=\"_blank\">Mats Palorannan<\/a> mukaan j\u00e4tekasassa joka odotti polttoon menoa. Kukaan ei loukkaantunut tilanteessa.<\/p>\n<p class=\"article-body mb-nof-24 px-nof-16\">Palo huomattiin riitt\u00e4v\u00e4n ajoissa, joten se ei p\u00e4\u00e4ssyt levi\u00e4m\u00e4\u00e4n. Palorannan mukaan palo ei my\u00f6sk\u00e4\u00e4n n\u00e4ill\u00e4 n\u00e4kymin aiheuta haittaa laitoksen tuotannolle.<\/p>\n<p class=\"article-body mb-nof-24 px-nof-16\">Syttymissyyst\u00e4 ei ole varmuutta.<\/p>\n<p class=\"article-body mb-nof-24 px-nof-16\">\u201dSit\u00e4 ei pysty tarkkaan kukaan sanomaan, koska ei tiedet\u00e4 mit\u00e4 kaikkea j\u00e4tteen seassa on. Voi olla, ett\u00e4 kyse oli hankauss\u00e4hk\u00f6n aiheuttamasta kipin\u00e4st\u00e4 tai esimerkiksi spray-pullosta.\u201d<\/p>\n<p class=\"article-body mb-nof-24 px-nof-16\">Paloranta kertoi hieman ennen kello 21 illalla, ett\u00e4 palokunta on ker\u00e4\u00e4m\u00e4ss\u00e4 tavaroitaan ja poistumassa paikalta.<\/p>\n","protected":false},"excerpt":{"rendered":"Satakunnan pelastuslaitos sai suuren rakennuspaloh\u00e4lytyksen kello 19.49. 14.1. 21:10 Rauma Biovoiman l\u00e4mp\u00f6laitoksella Rauman Tikkalantiell\u00e4 syttyi tulipalo keskiviikkoiltana hieman&hellip;\n","protected":false},"author":2,"featured_media":142454,"comment_status":"","ping_status":"","sticky":false,"template":"","format":"standard","meta":{"footnotes":""},"categories":[12],"tags":[22,23,26,27,33,31,30,17,24,25,28,29,15,18,21,80,32,19,20,16],"class_list":{"0":"post-142453","1":"post","2":"type-post","3":"status-publish","4":"format-standard","5":"has-post-thumbnail","7":"category-suomi","8":"tag-breaking-news","9":"tag-breakingnews","10":"tag-featured-news","11":"tag-featurednews","12":"tag-fi","13":"tag-finland","14":"tag-finnish","15":"tag-headlines","16":"tag-latest-news","17":"tag-latestnews","18":"tag-main-news","19":"tag-mainnews","20":"tag-news","21":"tag-otsikot","22":"tag-paauutiset","23":"tag-satakunnan-kansa","24":"tag-suomi","25":"tag-top-stories","26":"tag-topstories","27":"tag-uutiset"},"share_on_mastodon":{"url":"https:\/\/pubeurope.com\/@fi\/115895768428183513","error":""},"_links":{"self":[{"href":"https:\/\/www.europesays.com\/fi\/wp-json\/wp\/v2\/posts\/142453","targetHints":{"allow":["GET"]}}],"collection":[{"href":"https:\/\/www.europesays.com\/fi\/wp-json\/wp\/v2\/posts"}],"about":[{"href":"https:\/\/www.europesays.com\/fi\/wp-json\/wp\/v2\/types\/post"}],"author":[{"embeddable":true,"href":"https:\/\/www.europesays.com\/fi\/wp-json\/wp\/v2\/users\/2"}],"replies":[{"embeddable":true,"href":"https:\/\/www.europesays.com\/fi\/wp-json\/wp\/v2\/comments?post=142453"}],"version-history":[{"count":0,"href":"https:\/\/www.europesays.com\/fi\/wp-json\/wp\/v2\/posts\/142453\/revisions"}],"wp:featuredmedia":[{"embeddable":true,"href":"https:\/\/www.europesays.com\/fi\/wp-json\/wp\/v2\/media\/142454"}],"wp:attachment":[{"href":"https:\/\/www.europesays.com\/fi\/wp-json\/wp\/v2\/media?parent=142453"}],"wp:term":[{"taxonomy":"category","embeddable":true,"href":"https:\/\/www.europesays.com\/fi\/wp-json\/wp\/v2\/categories?post=142453"},{"taxonomy":"post_tag","embeddable":true,"href":"https:\/\/www.europesays.com\/fi\/wp-json\/wp\/v2\/tags?post=142453"}],"curies":[{"name":"wp","href":"https:\/\/api.w.org\/{rel}","templated":true}]}}