{"id":142455,"date":"2026-01-14T22:17:08","date_gmt":"2026-01-14T22:17:08","guid":{"rendered":"https:\/\/www.europesays.com\/fi\/142455\/"},"modified":"2026-01-14T22:17:08","modified_gmt":"2026-01-14T22:17:08","slug":"trumpin-tietojen-mukaan-tappaminen-iranissa-on-loppumassa-uutisia-lyhyesti","status":"publish","type":"post","link":"https:\/\/www.europesays.com\/fi\/142455\/","title":{"rendered":"Trumpin tietojen mukaan tappaminen Iranissa on loppumassa | Uutisia lyhyesti"},"content":{"rendered":"<p class=\"aw-1gybjub aw-5vja16 kEtdKx kmuxyA yle__article__paragraph\">Trump kertoi tietojensa olevan luotettavasta l\u00e4hteest\u00e4, mutta ei tarkentanut enemp\u00e4\u00e4, mist\u00e4 tiedot olivat per\u00e4isin.<\/p>\n<p>14.1. 23:03\u2022P\u00e4ivitetty 14.1. 23:20<\/p>\n<p class=\"aw-1gybjub aw-1p7kakr kEtdKx cEmitX yle__article__paragraph\">Yhdysvaltain presidentti <strong class=\"aw-ak79eh KyCXm yle__article__strong\">Donald Trumpin<\/strong> mukaan h\u00e4nelle on kerrottu, ett\u00e4 tappaminen Iranissa olisi loppumassa. Trump kertoi asiasta t\u00e4n\u00e4\u00e4n Valkoisessa talossa j\u00e4rjestetyss\u00e4 <a class=\"aw-iao6s4 iHOxEa yle__article__link\" href=\"https:\/\/www.youtube.com\/live\/ydE7Gkl6MmI?si=MH-rXr6C6sZtabZG\" role=\"link\" rel=\"nofollow noopener\" target=\"_blank\">allekirjoitusseremoniassa<\/a>.<\/p>\n<p class=\"aw-1gybjub aw-1p7kakr kEtdKx cEmitX yle__article__paragraph\">\u2013 Meille on kerrottu, ett\u00e4 tappaminen Iranissa on loppumassa. Se on loppunut, loppumassa. Suunnitelmissa ei ole teloituksia tai teloitusta, Trump sanoi.<\/p>\n<p class=\"aw-1gybjub aw-1p7kakr kEtdKx cEmitX yle__article__paragraph\">\u2013 N\u00e4in minulle on kerrottu luotettavasta l\u00e4hteest\u00e4. Saamme tiet\u00e4\u00e4, mit\u00e4 tapahtuu, h\u00e4n jatkoi.<\/p>\n<p class=\"aw-1gybjub aw-1p7kakr kEtdKx cEmitX yle__article__paragraph\">Trump ei tarkentanut enemp\u00e4\u00e4, mist\u00e4 h\u00e4nen saamansa tiedot olivat per\u00e4isin.<\/p>\n<p class=\"aw-1gybjub aw-1p7kakr kEtdKx cEmitX yle__article__paragraph\">Trump sanoi aiemmin, ett\u00e4 Yhdysvallat reagoisi vahvasti, jos Iran alkaa teloittaa mielenosoittajia.<\/p>\n<p class=\"aw-1gybjub aw-1p7kakr kEtdKx cEmitX yle__article__paragraph\">Trumpin mukaan he olisivat eritt\u00e4in huolestuneita, jos teloituksia toteutettaisiin.<\/p>\n<p class=\"aw-1gybjub aw-1p7kakr kEtdKx cEmitX yle__article__paragraph\">Iranin ulkoministeri kertoi Fox News -kanavan haastattelussa, ett\u00e4 levottomuudet Iranissa ovat hiipumassa.<\/p>\n<p class=\"aw-1gybjub aw-1p7kakr kEtdKx cEmitX yle__article__paragraph\">\u2013 Terroristien kolme p\u00e4iv\u00e4\u00e4 jatkuneiden toimien j\u00e4lkeen tilanne on nyt tyyni. Meill\u00e4 on t\u00e4ysi hallinta, Iranin ulkoministeri <strong class=\"aw-ak79eh KyCXm yle__article__strong\">Abbas Araghchi<\/strong> sanoi.<\/p>\n<p class=\"aw-1gybjub aw-1p7kakr kEtdKx cEmitX yle__article__paragraph\">L\u00e4hde: AFP<\/p>\n","protected":false},"excerpt":{"rendered":"Trump kertoi tietojensa olevan luotettavasta l\u00e4hteest\u00e4, mutta ei tarkentanut enemp\u00e4\u00e4, mist\u00e4 tiedot olivat per\u00e4isin. 14.1. 23:03\u2022P\u00e4ivitetty 14.1. 23:20&hellip;\n","protected":false},"author":2,"featured_media":74,"comment_status":"","ping_status":"","sticky":false,"template":"","format":"standard","meta":{"footnotes":""},"categories":[5],"tags":[22,23,585,26,27,33,31,30,17,3648,70,992,24,25,28,29,2571,15,18,21,32,19,20,56,16,619],"class_list":{"0":"post-142455","1":"post","2":"type-post","3":"status-publish","4":"format-standard","5":"has-post-thumbnail","7":"category-otsikot","8":"tag-breaking-news","9":"tag-breakingnews","10":"tag-donald-trump","11":"tag-featured-news","12":"tag-featurednews","13":"tag-fi","14":"tag-finland","15":"tag-finnish","16":"tag-headlines","17":"tag-iran","18":"tag-kansainvalinen-politiikka","19":"tag-lahi-ita","20":"tag-latest-news","21":"tag-latestnews","22":"tag-main-news","23":"tag-mainnews","24":"tag-mielenosoitukset","25":"tag-news","26":"tag-otsikot","27":"tag-paauutiset","28":"tag-suomi","29":"tag-top-stories","30":"tag-topstories","31":"tag-ulkomaat","32":"tag-uutiset","33":"tag-yhdysvallat"},"share_on_mastodon":{"url":"https:\/\/pubeurope.com\/@fi\/115895772353719679","error":""},"_links":{"self":[{"href":"https:\/\/www.europesays.com\/fi\/wp-json\/wp\/v2\/posts\/142455","targetHints":{"allow":["GET"]}}],"collection":[{"href":"https:\/\/www.europesays.com\/fi\/wp-json\/wp\/v2\/posts"}],"about":[{"href":"https:\/\/www.europesays.com\/fi\/wp-json\/wp\/v2\/types\/post"}],"author":[{"embeddable":true,"href":"https:\/\/www.europesays.com\/fi\/wp-json\/wp\/v2\/users\/2"}],"replies":[{"embeddable":true,"href":"https:\/\/www.europesays.com\/fi\/wp-json\/wp\/v2\/comments?post=142455"}],"version-history":[{"count":0,"href":"https:\/\/www.europesays.com\/fi\/wp-json\/wp\/v2\/posts\/142455\/revisions"}],"wp:featuredmedia":[{"embeddable":true,"href":"https:\/\/www.europesays.com\/fi\/wp-json\/wp\/v2\/media\/74"}],"wp:attachment":[{"href":"https:\/\/www.europesays.com\/fi\/wp-json\/wp\/v2\/media?parent=142455"}],"wp:term":[{"taxonomy":"category","embeddable":true,"href":"https:\/\/www.europesays.com\/fi\/wp-json\/wp\/v2\/categories?post=142455"},{"taxonomy":"post_tag","embeddable":true,"href":"https:\/\/www.europesays.com\/fi\/wp-json\/wp\/v2\/tags?post=142455"}],"curies":[{"name":"wp","href":"https:\/\/api.w.org\/{rel}","templated":true}]}}