{"id":142456,"date":"2026-01-14T22:18:09","date_gmt":"2026-01-14T22:18:09","guid":{"rendered":"https:\/\/www.europesays.com\/fi\/142456\/"},"modified":"2026-01-14T22:18:09","modified_gmt":"2026-01-14T22:18:09","slug":"ilveksia-pannoitetaan-lounais-suomessa-metsa","status":"publish","type":"post","link":"https:\/\/www.europesays.com\/fi\/142456\/","title":{"rendered":"Ilveksi\u00e4 pannoitetaan Lounais-Suomessa &#8211; Mets\u00e4"},"content":{"rendered":"<p>Luonnonvarakeskus (Luke) pannoittaa ilveksi\u00e4 Uudenmaan, Varsinais-Suomen, Satakunnan ja Etel\u00e4-H\u00e4meen alueilla.<\/p>\n<p><a class=\"ArticleImage_imageContainer__e0EST\" href=\"https:\/\/www.europesays.com\/fi\/wp-content\/uploads\/2026\/01\/3vDSY1uLLvdzSi3aSr0WHlmA-MU.jpg\"><img decoding=\"async\" src=\"https:\/\/www.europesays.com\/fi\/wp-content\/uploads\/2026\/01\/3vDSY1uLLvdzSi3aSr0WHlmA-MU.jpg\" alt=\"Ilveksell\u00e4 k\u00e4ytett\u00e4v\u00e4 panta painaa reilut 300 grammaa.\" loading=\"lazy\"\/><\/a><\/p>\n<p>Ilveksell\u00e4 k\u00e4ytett\u00e4v\u00e4 panta painaa reilut 300 grammaa.\u00a0Kuva: Kuva: Pixabay ja kuvakaappaus videolta<\/p>\n<p class=\"RichTextParagraph_richTextParagraph__Wxs3t undefined\">Pannoituksilla ker\u00e4t\u00e4\u00e4n tietoa ilveksen ravinnonk\u00e4yt\u00f6st\u00e4, liikkumisesta ja elinpiirien koosta. Pannoitus on osa petojen ja pienten hirviel\u00e4inten tutkimusta.<\/p>\n<p class=\"RichTextParagraph_richTextParagraph__Wxs3t undefined\">Pannoitukset aloitettiin jo viime kev\u00e4\u00e4n\u00e4. Luke on saanut alunperin luvat 50 ilveksen pannoitukseen. Ilveksell\u00e4 k\u00e4ytett\u00e4v\u00e4 panta painaa reilut 300 grammaa.<\/p>\n<p class=\"RichTextParagraph_richTextParagraph__Wxs3t undefined\">Luke merkitsee ilveksi\u00e4 harkinnan mukaan silloin, kun ne ovat v\u00e4hint\u00e4\u00e4n kymmenen kilon painoisia. Luke kertoo, ettei se pannoita ilveksi\u00e4 luonnonsuojelualueilla.<\/p>\n<p class=\"RichTextParagraph_richTextParagraph__Wxs3t undefined\">Hanketta rahoittaa maa- ja mets\u00e4talousministeri\u00f6.<\/p>\n<p class=\"RichTextParagraph_richTextParagraph__Wxs3t undefined\">Suomen riistakeskuksen julkaisemassa Mets\u00e4st\u00e4j\u00e4-lehdess\u00e4  mets\u00e4st\u00e4ji\u00e4 pyydet\u00e4\u00e4n ilmoittamaan Lukelle loukkuun j\u00e4\u00e4neist\u00e4 ilveksist\u00e4. Luke ohjeistaa, ett\u00e4 jos loukussa ei ole lukkoja, tulee loukun p\u00e4\u00e4lle laittaa kunnollinen paino, sill\u00e4 ilvekset karkaavat loukuista helposti. Loukku kannattaa peitt\u00e4\u00e4 pressulla tai muulla peitteell\u00e4 el\u00e4imen rauhoittamiseksi,on huomattavan hankalaa.<\/p>\n","protected":false},"excerpt":{"rendered":"Luonnonvarakeskus (Luke) pannoittaa ilveksi\u00e4 Uudenmaan, Varsinais-Suomen, Satakunnan ja Etel\u00e4-H\u00e4meen alueilla. Ilveksell\u00e4 k\u00e4ytett\u00e4v\u00e4 panta painaa reilut 300 grammaa.\u00a0Kuva: Kuva:&hellip;\n","protected":false},"author":2,"featured_media":142457,"comment_status":"","ping_status":"","sticky":false,"template":"","format":"standard","meta":{"footnotes":""},"categories":[117],"tags":[33,31,30,72,476,118,32,119,477],"class_list":{"0":"post-142456","1":"post","2":"type-post","3":"status-publish","4":"format-standard","5":"has-post-thumbnail","7":"category-luonto","8":"tag-fi","9":"tag-finland","10":"tag-finnish","11":"tag-luonto","12":"tag-nature","13":"tag-science","14":"tag-suomi","15":"tag-tiede","16":"tag-wildlife"},"share_on_mastodon":{"url":"https:\/\/pubeurope.com\/@fi\/115895776262140060","error":""},"_links":{"self":[{"href":"https:\/\/www.europesays.com\/fi\/wp-json\/wp\/v2\/posts\/142456","targetHints":{"allow":["GET"]}}],"collection":[{"href":"https:\/\/www.europesays.com\/fi\/wp-json\/wp\/v2\/posts"}],"about":[{"href":"https:\/\/www.europesays.com\/fi\/wp-json\/wp\/v2\/types\/post"}],"author":[{"embeddable":true,"href":"https:\/\/www.europesays.com\/fi\/wp-json\/wp\/v2\/users\/2"}],"replies":[{"embeddable":true,"href":"https:\/\/www.europesays.com\/fi\/wp-json\/wp\/v2\/comments?post=142456"}],"version-history":[{"count":0,"href":"https:\/\/www.europesays.com\/fi\/wp-json\/wp\/v2\/posts\/142456\/revisions"}],"wp:featuredmedia":[{"embeddable":true,"href":"https:\/\/www.europesays.com\/fi\/wp-json\/wp\/v2\/media\/142457"}],"wp:attachment":[{"href":"https:\/\/www.europesays.com\/fi\/wp-json\/wp\/v2\/media?parent=142456"}],"wp:term":[{"taxonomy":"category","embeddable":true,"href":"https:\/\/www.europesays.com\/fi\/wp-json\/wp\/v2\/categories?post=142456"},{"taxonomy":"post_tag","embeddable":true,"href":"https:\/\/www.europesays.com\/fi\/wp-json\/wp\/v2\/tags?post=142456"}],"curies":[{"name":"wp","href":"https:\/\/api.w.org\/{rel}","templated":true}]}}