{"id":142458,"date":"2026-01-14T22:29:07","date_gmt":"2026-01-14T22:29:07","guid":{"rendered":"https:\/\/www.europesays.com\/fi\/142458\/"},"modified":"2026-01-14T22:29:07","modified_gmt":"2026-01-14T22:29:07","slug":"halus-esitella-taas-pyllynsa-erika-vikmanin-sensuellit-lomakuvat-saivat-somen-pyorryksiin","status":"publish","type":"post","link":"https:\/\/www.europesays.com\/fi\/142458\/","title":{"rendered":"&#8221;Halus esitell\u00e4 taas pyllyns\u00e4&#8221; \u2013 Erika Vikmanin sensuellit lomakuvat saivat somen py\u00f6rryksiin"},"content":{"rendered":"<p>Laulaja <strong>Erika Vikman<\/strong> julkaisi sosiaalisessa mediassa lomap\u00e4ivityksen, jonka sijainniksi on merkitty Bali, Indonesia.<\/p>\n<p>P\u00e4ivityksen kuvissa Vikman nauttii l\u00e4mm\u00f6st\u00e4 upeissa bikiniasuissa ja mekoissa.<\/p>\n<p>Lue my\u00f6s: <a href=\"https:\/\/www.voice.fi\/ilmiot\/a-235881\" title=\"Erika Vikman julkaisi Instagramissa ajatuksia her\u00e4tt\u00e4v\u00e4n postauksen \u2013 asetettiin 18 vuoden alaik\u00e4raja\" class=\"underline-custom !font-montserrat !font-bold !underline-offset-4 !decoration-4 !decoration-tilt-light !text-md\" rel=\"nofollow noopener\" target=\"_blank\">Erika Vikman julkaisi Instagramissa ajatuksia her\u00e4tt\u00e4v\u00e4n postauksen \u2013 asetettiin 18 vuoden alaik\u00e4raja<\/a><\/p>\n<p>Lue my\u00f6s: <a href=\"https:\/\/www.voice.fi\/muoti-ja-kauneus\/a-178551\" title=\"Erika Vikman n\u00e4ytt\u00e4\u00e4, miten py\u00f6r\u00e4ilyhousut puetaan tyylill\u00e4 \u2013 asu, josta kannattaa ottaa mallia\" class=\"underline-custom !font-montserrat !font-bold !underline-offset-4 !decoration-4 !decoration-tilt-light !text-md\" rel=\"nofollow noopener\" target=\"_blank\">Erika Vikman n\u00e4ytt\u00e4\u00e4, miten py\u00f6r\u00e4ilyhousut puetaan tyylill\u00e4 \u2013 asu, josta kannattaa ottaa mallia<\/a><\/p>\n<p>Mukaan mahtuu my\u00f6s otoksia kuonoaan lipovasta ranskanbulldoggista, houkuttelevan n\u00e4k\u00f6isist\u00e4 juomista sek\u00e4 pieni videop\u00e4tk\u00e4 l\u00e4hes aaltojen viem\u00e4st\u00e4 kaunottaresta.<\/p>\n<blockquote class=\"instagram-media\" data-instgrm-captioned=\"\" data-instgrm-permalink=\"https:\/\/www.instagram.com\/p\/DTaEFG1lELU\/?utm_source=ig_embed&amp;utm_campaign=loading\" data-instgrm-version=\"14\" style=\" background:#FFF; border:0; border-radius:3px; box-shadow:0 0 1px 0 rgba(0,0,0,0.5),0 1px 10px 0 rgba(0,0,0,0.15); margin: 1px; max-width:500px; min-width:326px; padding:0; width:99.375%; width:-webkit-calc(100% - 2px); width:calc(100% - 2px);\"><p> <a href=\"https:\/\/www.instagram.com\/p\/DTaEFG1lELU\/?utm_source=ig_embed&amp;utm_campaign=loading\" style=\" background:#FFFFFF; line-height:0; padding:0 0; text-align:center; text-decoration:none; width:100%;\" target=\"_blank\" rel=\"nofollow noopener\">       <\/p>\n<p>View this post on Instagram<\/p>\n<p>            <\/a><\/p><\/blockquote>\n<p>Vikmanin someseuraajat ovat villiintyneet p\u00e4ivityksest\u00e4.<\/p>\n<p>\u2013 N\u00e4yt\u00e4t upealta! Toivottavasti on ollut ihana loma.<\/p>\n<p>\u2013 Ihanaa ja turvallista lomaa Balille Erika. Kaunista siell\u00e4.<\/p>\n<p>\u2013 N\u00e4ytt\u00e4\u00e4 ihanalta.<\/p>\n<p>\u2013 Mik\u00e4 kaunotar.<\/p>\n<p>Lue my\u00f6s: <a href=\"https:\/\/www.voice.fi\/musiikki\/a-233114\" title=\"Erika Vikman hyvinvoinnistaan: \u2019Joskus tuntuu, ett\u00e4 oon ihan sekoamispisteess\u00e4\u2019\" class=\"underline-custom !font-montserrat !font-bold !underline-offset-4 !decoration-4 !decoration-tilt-light !text-md\" rel=\"nofollow noopener\" target=\"_blank\">Erika Vikman hyvinvoinnistaan: \u2019Joskus tuntuu, ett\u00e4 oon ihan sekoamispisteess\u00e4\u2019<\/a><\/p>\n<p>Lue my\u00f6s: <a href=\"https:\/\/www.voice.fi\/viihde\/tekisi-mieli-vieda-kaulaliina-erika-vikmanin-esiintymisasu-puhuttaa\" title=\"\u201dTekisi mieli vied\u00e4 kaulaliina\u201d \u2013 Erika Vikmanin esiintymisasu puhuttaa\" class=\"underline-custom !font-montserrat !font-bold !underline-offset-4 !decoration-4 !decoration-tilt-light !text-md\" rel=\"nofollow noopener\" target=\"_blank\">\u201dTekisi mieli vied\u00e4 kaulaliina\u201d \u2013 Erika Vikmanin esiintymisasu puhuttaa<\/a><\/p>\n<p>\u2013 N\u00e4ytt\u00e4\u00e4 niin ihanalta.<\/p>\n<p>\u2013 Kaunis nainen.<\/p>\n<p>\u2013 Nyt kyll\u00e4 voisi olla tuolla auringossa ja l\u00e4mm\u00f6ss\u00e4.<\/p>\n<p>\u2013 \u00d6\u00f6, niin hot!<\/p>\n<p>\u2013 En tii\u00e4 mut luulen et Erika on jumalatar.<\/p>\n<p>\u2013 Ihanaa lomaa. Upeita kuvia upeasta naisesta.<\/p>\n<p>\u2013 Ihana paikka, niin rauhallinen.<\/p>\n<p>\u2013 Kyll\u00e4 olet lomasi ansainnut.<\/p>\n<p>\u2013 Wow mik\u00e4 kroppa.<\/p>\n<p>Kaikki eiv\u00e4t tietenk\u00e4\u00e4n kykene olemaan vilpitt\u00f6m\u00e4sti onnellisia toisten lomatunnelmista.<\/p>\n<p>\u2013 Halus esitell\u00e4 taas pyllyns\u00e4.<\/p>\n<p>\u2013 Bali on so last season\u2026 Nyt suomijulkkikset menee sinne kilpaa n\u00e4ytt\u00e4\u00e4 et rahaa on vaikka kaikki hotellit siell\u00e4 n\u00e4ytt\u00e4\u00e4 tuolta. Bali on kulttuurikohde ja Aussie surffilomakohde eik\u00e4 mik\u00e4\u00e4n narsistinen n\u00e4yttelyparikseen.<\/p>\n<p>\u2013 Hyvin riippunutta lihaa tarjolla n\u00e4k\u00f6j\u00e4\u00e4n.<\/p>\n<p>\u2013 Bali on paska mesta!<\/p>\n<p>\t\t\t\t\t\t<script async src=\"\/\/www.instagram.com\/embed.js\"><\/script><\/p>\n","protected":false},"excerpt":{"rendered":"Laulaja Erika Vikman julkaisi sosiaalisessa mediassa lomap\u00e4ivityksen, jonka sijainniksi on merkitty Bali, Indonesia. P\u00e4ivityksen kuvissa Vikman nauttii l\u00e4mm\u00f6st\u00e4&hellip;\n","protected":false},"author":2,"featured_media":142459,"comment_status":"","ping_status":"","sticky":false,"template":"","format":"standard","meta":{"footnotes":""},"categories":[136],"tags":[5892,407,137,11144,33,31,30,408,16378,17249,32,109],"class_list":{"0":"post-142458","1":"post","2":"type-post","3":"status-publish","4":"format-standard","5":"has-post-thumbnail","7":"category-julkkikset","8":"tag-bikinikuva","9":"tag-celebrities","10":"tag-entertainment","11":"tag-erika-vikman","12":"tag-fi","13":"tag-finland","14":"tag-finnish","15":"tag-julkkikset","16":"tag-lomakuvat","17":"tag-sensuelli","18":"tag-suomi","19":"tag-viihde"},"share_on_mastodon":{"url":"https:\/\/pubeurope.com\/@fi\/115895819497004748","error":""},"_links":{"self":[{"href":"https:\/\/www.europesays.com\/fi\/wp-json\/wp\/v2\/posts\/142458","targetHints":{"allow":["GET"]}}],"collection":[{"href":"https:\/\/www.europesays.com\/fi\/wp-json\/wp\/v2\/posts"}],"about":[{"href":"https:\/\/www.europesays.com\/fi\/wp-json\/wp\/v2\/types\/post"}],"author":[{"embeddable":true,"href":"https:\/\/www.europesays.com\/fi\/wp-json\/wp\/v2\/users\/2"}],"replies":[{"embeddable":true,"href":"https:\/\/www.europesays.com\/fi\/wp-json\/wp\/v2\/comments?post=142458"}],"version-history":[{"count":0,"href":"https:\/\/www.europesays.com\/fi\/wp-json\/wp\/v2\/posts\/142458\/revisions"}],"wp:featuredmedia":[{"embeddable":true,"href":"https:\/\/www.europesays.com\/fi\/wp-json\/wp\/v2\/media\/142459"}],"wp:attachment":[{"href":"https:\/\/www.europesays.com\/fi\/wp-json\/wp\/v2\/media?parent=142458"}],"wp:term":[{"taxonomy":"category","embeddable":true,"href":"https:\/\/www.europesays.com\/fi\/wp-json\/wp\/v2\/categories?post=142458"},{"taxonomy":"post_tag","embeddable":true,"href":"https:\/\/www.europesays.com\/fi\/wp-json\/wp\/v2\/tags?post=142458"}],"curies":[{"name":"wp","href":"https:\/\/api.w.org\/{rel}","templated":true}]}}