{"id":142460,"date":"2026-01-14T22:36:08","date_gmt":"2026-01-14T22:36:08","guid":{"rendered":"https:\/\/www.europesays.com\/fi\/142460\/"},"modified":"2026-01-14T22:36:08","modified_gmt":"2026-01-14T22:36:08","slug":"hifklle-selkasauna-olli-jokinen-ei-silitellyt-omiaan","status":"publish","type":"post","link":"https:\/\/www.europesays.com\/fi\/142460\/","title":{"rendered":"HIFK:lle selk\u00e4sauna \u2013 Olli Jokinen ei silitellyt omiaan"},"content":{"rendered":"<p>J\u00e4\u00e4kiekko|HIFK k\u00e4rsi jo toisen murskatappion per\u00e4kk\u00e4in. Olli Jokinen n\u00e4ki runsaasti ongelmia.<\/p>\n<p>14.1. 22:56<\/p>\n<p class=\"article-body mb-nof-24 px-nof-16\">Helsingin IFK k\u00e4rsi keskiviikkona murskatappion kotikent\u00e4ll\u00e4\u00e4n, kun KooKoo haki pisteet selvin lukemin 6\u20131. Edellisess\u00e4 ottelussa Ilves tyrm\u00e4si HIFK:n lukemin 6\u20130.<\/p>\n<p class=\"article-body mb-nof-24 px-nof-16\">HIFK oli kaksi er\u00e4\u00e4 pelin p\u00e4\u00e4ll\u00e4, ja 40 minuutin j\u00e4lkeen laukaukset olivat is\u00e4nnille tyrm\u00e4\u00e4v\u00e4sti 25\u201310. Tulostaululla komeili kuitenkin KooKoon johto lukemin 3\u20130. Kolmannessa er\u00e4ss\u00e4 peli tasoittui, mutta KooKoo jatkoi maalitehtailua.<\/p>\n<p class=\"article-body mb-nof-24 px-nof-16\">HIFK:n p\u00e4\u00e4valmentajalla <a class=\"font-bold underline-offset-[0.12em] [text-decoration:var(--person-link-text-decoration)] ![text-decoration-color:var(--person-link-text-decoration-color)]\" href=\"https:\/\/www.hs.fi\/haku\/?query=Olli%20Jokisella\" rel=\"nofollow noopener\" target=\"_blank\">Olli Jokisella<\/a> ei ollut juurikaan hyv\u00e4\u00e4 sanottavaa omiensa esityksest\u00e4 ottelun j\u00e4lkeen. Suusta putoili tiukkaa teksti\u00e4.<\/p>\n<p class=\"article-body mb-nof-24 px-nof-16\">\u201dKaveri oli tehokas ja tyly maalipaikoissa. Maalivahtipeli oli heill\u00e4 erinomaista, meilt\u00e4 jollain tapaa n\u00e4enn\u00e4ist\u00e4 pelin p\u00e4\u00e4ll\u00e4 olemista ensimm\u00e4iset kaksi er\u00e4\u00e4\u201d, Jokinen kommentoi lehdist\u00f6tilaisuudessa.<\/p>\n<p class=\"article-body mb-nof-24 px-nof-16\">\u201dKyll\u00e4 maalille meneminen, maalin varjelu ja sellainen pehmeys jotenkin korosti meid\u00e4n koko ottelua. Tunnetilan s\u00e4\u00e4t\u00e4minen ihan \u00e4\u00e4rimm\u00e4isyyksiin, sit\u00e4 ei t\u00e4n\u00e4\u00e4n n\u00e4kynyt. T\u00e4t\u00e4 peli\u00e4 on aika vaikea pelata ilman, ett\u00e4 tunteet ja aistit ovat ihan siell\u00e4, miss\u00e4 pit\u00e4\u00e4.\u201d<\/p>\n<p class=\"article-body mb-nof-24 px-nof-16\">KooKoon maalivahti <a class=\"font-bold underline-offset-[0.12em] [text-decoration:var(--person-link-text-decoration)] ![text-decoration-color:var(--person-link-text-decoration-color)]\" href=\"https:\/\/www.hs.fi\/haku\/?query=Eetu%20Randelin\" rel=\"nofollow noopener\" target=\"_blank\">Eetu Randelin<\/a> torjui lopulta 39 laukausta. Jokista kahden er\u00e4n hallinta ei l\u00e4mmitt\u00e4nyt.<\/p>\n<p class=\"article-body mb-nof-24 px-nof-16\">\u201dHalvalla kaverille pisteet annettiin. Jatkopelaaminen ja maalille meneminen oli n\u00e4enn\u00e4ist\u00e4 t\u00e4n\u00e4\u00e4n.\u201d<\/p>\n<p class=\"article-body mb-nof-24 px-nof-16\">\u201dKahteen ensimm\u00e4iseen er\u00e4\u00e4n luotiin enemm\u00e4n paikkoja kuin vastustaja. Fakta on se, ett\u00e4 meill\u00e4 on yksi 5v5-maali kolmeen viimeiseen peliin. \u201d<\/p>\n<p><img decoding=\"async\" src=\"https:\/\/www.europesays.com\/fi\/wp-content\/uploads\/2026\/01\/1768428607_804_468.jpg\" alt=\"Eetu Randelin pys\u00e4ytti HIFK:n.\" class=\"_Img_1rerz_1\" style=\"aspect-ratio:1.5\" loading=\"eager\"\/><\/p>\n<p class=\"article-picture-caption\">Eetu Randelin pys\u00e4ytti HIFK:n. Kuva:\u00a0Rio Gandara \/ HS<\/p>\n<p class=\"article-body mb-nof-24 px-nof-16\">Tehokkuuden lis\u00e4ksi Jokinen per\u00e4\u00e4nkuulutti omiltaan pelisuunnitelmassa pysymist\u00e4.<\/p>\n<p class=\"article-body mb-nof-24 px-nof-16\">\u201dTarvitaan sit\u00e4, ett\u00e4 pysytt\u00e4isiin rakenteessa. Ettei l\u00e4hdet\u00e4 soittamaan omia sointuja. Kun tuska kasvaa, on ilmeisesti vaikea pit\u00e4\u00e4 sovittuja juttuja. Tulee aina korvien v\u00e4li kysymykseen.\u201d<\/p>\n<p class=\"article-body mb-nof-24 px-nof-16\">\u201dToivottavasti meid\u00e4n koppi her\u00e4\u00e4 seuraavaan peliin.\u201d<\/p>\n<p class=\"article-body mb-nof-24 px-nof-16\">HIFK on sarjassa sijalla 11. KooKoo on nelj\u00e4nten\u00e4. HIFK:n pisteiden mets\u00e4stys ei seuraavassa ottelussa helpotu, sill\u00e4 se matkaa perjantaina sarjajohtaja Tapparan vieraaksi Tampereelle.<\/p>\n","protected":false},"excerpt":{"rendered":"J\u00e4\u00e4kiekko|HIFK k\u00e4rsi jo toisen murskatappion per\u00e4kk\u00e4in. Olli Jokinen n\u00e4ki runsaasti ongelmia. 14.1. 22:56 Helsingin IFK k\u00e4rsi keskiviikkona murskatappion&hellip;\n","protected":false},"author":2,"featured_media":142461,"comment_status":"","ping_status":"","sticky":false,"template":"","format":"standard","meta":{"footnotes":""},"categories":[158],"tags":[33,31,30,46,159,32,160],"class_list":{"0":"post-142460","1":"post","2":"type-post","3":"status-publish","4":"format-standard","5":"has-post-thumbnail","7":"category-urheilu","8":"tag-fi","9":"tag-finland","10":"tag-finnish","11":"tag-helsingin-sanomat","12":"tag-sports","13":"tag-suomi","14":"tag-urheilu"},"share_on_mastodon":{"url":"https:\/\/pubeurope.com\/@fi\/115895847085513068","error":""},"_links":{"self":[{"href":"https:\/\/www.europesays.com\/fi\/wp-json\/wp\/v2\/posts\/142460","targetHints":{"allow":["GET"]}}],"collection":[{"href":"https:\/\/www.europesays.com\/fi\/wp-json\/wp\/v2\/posts"}],"about":[{"href":"https:\/\/www.europesays.com\/fi\/wp-json\/wp\/v2\/types\/post"}],"author":[{"embeddable":true,"href":"https:\/\/www.europesays.com\/fi\/wp-json\/wp\/v2\/users\/2"}],"replies":[{"embeddable":true,"href":"https:\/\/www.europesays.com\/fi\/wp-json\/wp\/v2\/comments?post=142460"}],"version-history":[{"count":0,"href":"https:\/\/www.europesays.com\/fi\/wp-json\/wp\/v2\/posts\/142460\/revisions"}],"wp:featuredmedia":[{"embeddable":true,"href":"https:\/\/www.europesays.com\/fi\/wp-json\/wp\/v2\/media\/142461"}],"wp:attachment":[{"href":"https:\/\/www.europesays.com\/fi\/wp-json\/wp\/v2\/media?parent=142460"}],"wp:term":[{"taxonomy":"category","embeddable":true,"href":"https:\/\/www.europesays.com\/fi\/wp-json\/wp\/v2\/categories?post=142460"},{"taxonomy":"post_tag","embeddable":true,"href":"https:\/\/www.europesays.com\/fi\/wp-json\/wp\/v2\/tags?post=142460"}],"curies":[{"name":"wp","href":"https:\/\/api.w.org\/{rel}","templated":true}]}}