{"id":142464,"date":"2026-01-14T22:40:12","date_gmt":"2026-01-14T22:40:12","guid":{"rendered":"https:\/\/www.europesays.com\/fi\/142464\/"},"modified":"2026-01-14T22:40:12","modified_gmt":"2026-01-14T22:40:12","slug":"joka-toinen-konkari-ei-varaudu-elakkeelle-jaamiseen-nama-asiat-kannattaa-ottaa-huomioon","status":"publish","type":"post","link":"https:\/\/www.europesays.com\/fi\/142464\/","title":{"rendered":"Joka toinen konkari ei varaudu el\u00e4kkeelle j\u00e4\u00e4miseen \u2013 n\u00e4m\u00e4 asiat kannattaa ottaa huomioon"},"content":{"rendered":"<p>\u00a0<\/p>\n<p>El\u00e4kkeelle j\u00e4\u00e4neist\u00e4 51 % ei valmistautunut el\u00e4k\u00f6itymiseen juuri mitenk\u00e4\u00e4n. Alle puolet el\u00e4k\u00f6ityneist\u00e4 s\u00e4\u00e4sti el\u00e4kett\u00e4 varten. Alimman el\u00e4kei\u00e4n t\u00e4ytt\u00e4minen oli 45 %:lle merkitt\u00e4vin syy el\u00e4kkeelle j\u00e4\u00e4misen ajankohtaan. T\u00e4m\u00e4 k\u00e4vi ilmi, kun l\u00e4hes 800 alle 75 vuotiasta vanhuusel\u00e4kkeen saajaa vastasi ty\u00f6el\u00e4keyhti\u00f6 Elon asiakaskyselyyn.<\/p>\n<p>El\u00e4kkeelle siirtyminen muuttaa arkea monella tavalla. Kun valmistautumisen aloittaa ajoissa, siirtyminen uuteen el\u00e4m\u00e4nvaiheeseen sujuu huomattavasti helpommin. El\u00e4k\u00f6ityminen vaikuttaa moneen asiaan: talouteen ja toimeentuloon, vapaa aikaan sek\u00e4 sosiaalisiin suhteisiin. Huolellinen ennakointi auttaa l\u00f6yt\u00e4m\u00e4\u00e4n oman rytmin ja turvan my\u00f6s ty\u00f6uran j\u00e4lkeen.\n<\/p>\n<p>Tulevaan el\u00e4keturvaan tutustuminen<br \/>\nEl\u00e4keasioihin on hyv\u00e4 alkaa perehty\u00e4 viimeist\u00e4\u00e4n 3\u20134 kuukautta ennen el\u00e4kkeelle j\u00e4\u00e4mist\u00e4. Varmista, milloin voit j\u00e4\u00e4d\u00e4 el\u00e4kkeelle ja keskustele aikeistasi ty\u00f6paikalla.<\/p>\n<p>Vanhuusel\u00e4keik\u00e4 m\u00e4\u00e4r\u00e4ytyy syntym\u00e4vuoden mukaan. Vuonna 2026 alimman el\u00e4kei\u00e4n saavuttavat vuonna 1961 syntyneet.  Heid\u00e4n el\u00e4keik\u00e4ns\u00e4 on 64 vuotta 9 kuukautta.  Osa vuonna 1961 syntyneist\u00e4 tuli el\u00e4keik\u00e4\u00e4n jo viime vuoden loppupuolella.<\/p>\n<p>El\u00e4ke voi alkaa aikaisintaan alimman el\u00e4kei\u00e4n t\u00e4ytt\u00e4mist\u00e4 seuraavan kuukauden alusta.  Esimerkiksi jos olet syntynyt elokuussa vuonna 1961, voit j\u00e4\u00e4d\u00e4 vanhuusel\u00e4kkeelle aikaisintaan 1.6.2026.<\/p>\n<p>Vanhuusel\u00e4kkeen alkaminen edellytt\u00e4\u00e4 aina ty\u00f6suhteen p\u00e4\u00e4ttymist\u00e4. El\u00e4ke voi alkaa vasta ty\u00f6suhteen p\u00e4\u00e4ttymist\u00e4 seuraavan kuukauden alusta. Yritt\u00e4j\u00e4 voi el\u00e4kei\u00e4n t\u00e4ytetty\u00e4\u00e4n hakea vanhuusel\u00e4kkeen, vaikka yritt\u00e4j\u00e4toiminta jatkuisi.<\/p>\n<p>El\u00e4kkeelle j\u00e4\u00e4dess\u00e4 ty\u00f6suhde tulee irtisanoa normaaleja irtisanomisaikoja noudattaen. Tyypillisesti irtisanomisaika on yksi kuukausi, mutta oma irtisanomisaika on hyv\u00e4 varmistaa ajoissa etuk\u00e4teen.\n<\/p>\n<p>Arvio tulevan el\u00e4kkeen m\u00e4\u00e4r\u00e4st\u00e4<br \/>\nP\u00e4\u00e4s\u00e4\u00e4nt\u00f6isesti el\u00e4ke on ty\u00f6aikaisia ansioita pienempi. Siksi kannattaa katsoa el\u00e4kearvio, kun pohtii el\u00e4kkeelle j\u00e4\u00e4mist\u00e4.<\/p>\n<p>Kun omat el\u00e4ke-eurot ovat selvill\u00e4, voit suunnitella itsellesi oikeaa ajankohtaa j\u00e4\u00e4d\u00e4 el\u00e4kkeelle. Mit\u00e4 pitemp\u00e4\u00e4n ty\u00f6skentelet, sit\u00e4 suuremman el\u00e4kkeen kerryt\u00e4t itsellesi. El\u00e4kett\u00e4 kertyy vuosiansioista tai yritt\u00e4j\u00e4n YEL-tulosta 1,5 % vuodessa. Jos ansiot tai YEL-ty\u00f6tulo on esimerkiksi 36 000 euroa vuodessa, siit\u00e4 kertyy vuodessa 45 euroa kuukausiel\u00e4kkeeseen.<\/p>\n<p>Jos et j\u00e4\u00e4 el\u00e4kkeelle viel\u00e4 alimmassa el\u00e4kei\u00e4ss\u00e4, sinut palkitaan lykk\u00e4yskorotuksella. Lykk\u00e4yskorotus on 0,4 % per kuukausi. Toisin sanoen, jos siirr\u00e4t el\u00e4kkeelle j\u00e4\u00e4mist\u00e4 vuodella, saat 4,8 %:n pysyv\u00e4n korotuksen el\u00e4kkeeseesi. Jos olet kerrytt\u00e4nyt itsellesi alimmassa el\u00e4kei\u00e4ss\u00e4 esimerkiksi 1 545 euron kuukausiel\u00e4kkeen ja lykk\u00e4\u00e4t el\u00e4kkeelle j\u00e4\u00e4mist\u00e4 vuodella, saat el\u00e4kkeeseen pysyv\u00e4sti 74 euroa lis\u00e4\u00e4. Lis\u00e4ksi ty\u00f6skentelyst\u00e4 saa el\u00e4kekertym\u00e4n.\n<\/p>\n<p>El\u00e4kkeen hakeminen<br \/>\nEl\u00e4kett\u00e4 kannattaa hakea verkossa noin kahta viikkoa ennen el\u00e4kkeen alkamista. Yksi hakemus riitt\u00e4\u00e4, vaikka olisit ty\u00f6skennellyt ty\u00f6uran varrella eri ty\u00f6suhteissa ja julkisissa palvelussuhteissa sek\u00e4 toiminut yritt\u00e4j\u00e4n\u00e4. Samalla hakemuksella voi my\u00f6s hakea vanhuusel\u00e4kett\u00e4 Kelasta. Kelan vanhuusel\u00e4kett\u00e4 voi saada, jos oma ty\u00f6el\u00e4ke on yksinel\u00e4v\u00e4ll\u00e4 enint\u00e4\u00e4n 1 624,63 euroa kuukaudessa ja avio- tai avoliitossa tai rekister\u00f6idyss\u00e4 parisuhteessa olevalla enint\u00e4\u00e4n 1 455,88 euroa kuukaudessa (vuoden 2026 indeksitasossa).<\/p>\n<p>El\u00e4kep\u00e4\u00e4t\u00f6st\u00e4 kannattaa odottaa rauhassa. Ensimm\u00e4inen el\u00e4ke maksetaan noin viikon kuluttua siit\u00e4, kun p\u00e4\u00e4t\u00f6s on annettu tai p\u00e4\u00e4t\u00f6ksess\u00e4 mainitun alkamiskuukauden alusta. Jatkossa el\u00e4kkeenmaksup\u00e4iv\u00e4 on kuukauden ensimm\u00e4inen pankkip\u00e4iv\u00e4.<\/p>\n<p>El\u00e4ke on veronalaista ansiota. Kun olet saanut el\u00e4kep\u00e4\u00e4t\u00f6ksen, tulee sinun pyyt\u00e4\u00e4 Verohallinnosta verokortti el\u00e4kett\u00e4 varten.<\/p>\n<p>Ent\u00e4 ty\u00f6skentely el\u00e4kkeen aikana?<br \/>\nVanhuusel\u00e4kkeen saaminen edellytt\u00e4\u00e4, ett\u00e4 ty\u00f6skentely p\u00e4\u00e4ttyy. Vanhuusel\u00e4kkeen aikana voi kuitenkin ty\u00f6skennell\u00e4 vapaasti ilman ansiorajoja, ty\u00f6 vakuutetaan ja siit\u00e4 kertyy lis\u00e4\u00e4 el\u00e4kett\u00e4.<\/p>\n<p>Sinun on kuitenkin hyv\u00e4 huomioida, ett\u00e4 jos jatkat ty\u00f6skentely\u00e4 v\u00e4litt\u00f6m\u00e4sti vanhuusel\u00e4kkeen alettua saman ty\u00f6nantajan palveluksessa, t\u00e4ytyy ty\u00f6ehdoissa tapahtua olennainen muutos. Olennainen muutos voi olla esimerkiksi ty\u00f6ajan tai ty\u00f6teht\u00e4vien muutos.<\/p>\n<p>My\u00f6s yritt\u00e4j\u00e4toimintaa voi harjoittaa vanhuusel\u00e4kkeen aikana rajoituksetta ilman YEL-vakuutusmaksuja. Yritt\u00e4j\u00e4toiminnasta ei t\u00e4ll\u00f6in kartu lis\u00e4\u00e4 el\u00e4kett\u00e4. Halutessaan voi ottaa vapaaehtoisen YEL-vakuutuksen, jolloin ty\u00f6skentelyst\u00e4 karttuu lis\u00e4\u00e4 el\u00e4kett\u00e4.<\/p>\n<p>Vanhuusel\u00e4kkeen aikana tehdyst\u00e4 ty\u00f6st\u00e4 kertyneen el\u00e4kkeen saa hakemuksesta maksuun ylimm\u00e4ss\u00e4 el\u00e4kei\u00e4ss\u00e4.\n<\/p>\n<p> Tutustu turvaasi<br \/>\n<a rel=\"noopener noreferrer nofollow\" href=\"https:\/\/www.elo.fi\/verkossa\" target=\"_blank\">Elon henkil\u00f6asiakkaan verkkopalvelu &gt;<\/a><\/p>\n","protected":false},"excerpt":{"rendered":"\u00a0 El\u00e4kkeelle j\u00e4\u00e4neist\u00e4 51 % ei valmistautunut el\u00e4k\u00f6itymiseen juuri mitenk\u00e4\u00e4n. Alle puolet el\u00e4k\u00f6ityneist\u00e4 s\u00e4\u00e4sti el\u00e4kett\u00e4 varten. Alimman el\u00e4kei\u00e4n&hellip;\n","protected":false},"author":2,"featured_media":142465,"comment_status":"","ping_status":"","sticky":false,"template":"","format":"standard","meta":{"footnotes":""},"categories":[76],"tags":[79,77,33,31,30,32,78],"class_list":{"0":"post-142464","1":"post","2":"type-post","3":"status-publish","4":"format-standard","5":"has-post-thumbnail","7":"category-talous","8":"tag-business","9":"tag-economy","10":"tag-fi","11":"tag-finland","12":"tag-finnish","13":"tag-suomi","14":"tag-talous"},"share_on_mastodon":{"url":"https:\/\/pubeurope.com\/@fi\/115895862882610233","error":""},"_links":{"self":[{"href":"https:\/\/www.europesays.com\/fi\/wp-json\/wp\/v2\/posts\/142464","targetHints":{"allow":["GET"]}}],"collection":[{"href":"https:\/\/www.europesays.com\/fi\/wp-json\/wp\/v2\/posts"}],"about":[{"href":"https:\/\/www.europesays.com\/fi\/wp-json\/wp\/v2\/types\/post"}],"author":[{"embeddable":true,"href":"https:\/\/www.europesays.com\/fi\/wp-json\/wp\/v2\/users\/2"}],"replies":[{"embeddable":true,"href":"https:\/\/www.europesays.com\/fi\/wp-json\/wp\/v2\/comments?post=142464"}],"version-history":[{"count":0,"href":"https:\/\/www.europesays.com\/fi\/wp-json\/wp\/v2\/posts\/142464\/revisions"}],"wp:featuredmedia":[{"embeddable":true,"href":"https:\/\/www.europesays.com\/fi\/wp-json\/wp\/v2\/media\/142465"}],"wp:attachment":[{"href":"https:\/\/www.europesays.com\/fi\/wp-json\/wp\/v2\/media?parent=142464"}],"wp:term":[{"taxonomy":"category","embeddable":true,"href":"https:\/\/www.europesays.com\/fi\/wp-json\/wp\/v2\/categories?post=142464"},{"taxonomy":"post_tag","embeddable":true,"href":"https:\/\/www.europesays.com\/fi\/wp-json\/wp\/v2\/tags?post=142464"}],"curies":[{"name":"wp","href":"https:\/\/api.w.org\/{rel}","templated":true}]}}