{"id":142466,"date":"2026-01-14T22:41:07","date_gmt":"2026-01-14T22:41:07","guid":{"rendered":"https:\/\/www.europesays.com\/fi\/142466\/"},"modified":"2026-01-14T22:41:07","modified_gmt":"2026-01-14T22:41:07","slug":"il-niinisto-laatii-raporttia-euroopan-puolustuksesta-ilman-usata","status":"publish","type":"post","link":"https:\/\/www.europesays.com\/fi\/142466\/","title":{"rendered":"IL: Niinist\u00f6 laatii raporttia Euroopan puolustuksesta ilman USA:ta"},"content":{"rendered":"<p>Presidentin mukaan raporttia ty\u00f6stet\u00e4\u00e4n kovalla kiireell\u00e4.<\/p>\n<p>14.1. 21:14<\/p>\n<p class=\"article-body mb-nof-24 px-nof-16\">Presidentti <a class=\"font-bold underline-offset-[0.12em] [text-decoration:var(--person-link-text-decoration)] ![text-decoration-color:var(--person-link-text-decoration-color)]\" href=\"https:\/\/www.is.fi\/haku\/?query=Sauli%20Niinist%C3%B6\" rel=\"nofollow noopener\" target=\"_blank\">Sauli Niinist\u00f6<\/a> johtaa ty\u00f6ryhm\u00e4\u00e4, joka laatii raportin siit\u00e4, miten Euroopan puolustus taataan ilman Yhdysvaltain sitoutumista siihen, kertoo <a class=\"underline underline-offset-[0.12em] [text-decoration-thickness:var(--generic-link-underline-thickness)] [text-decoration-color:var(--generic-link-underline-color)] [text-decoration-skip-ink:var(--generic-link-underline-skip-ink)] break-words\" href=\"https:\/\/www.iltalehti.fi\/politiikka\/a\/6fbdf432-babd-4815-9a06-641b6f17432f\" rel=\"nofollow noopener\" target=\"_blank\">Iltalehti<\/a>.<\/p>\n<p class=\"article-body mb-nof-24 px-nof-16\">\u2013 Vastaus siihen voi olla eurooppalaisempi Nato, Niinist\u00f6 kertoi IL:lle.<\/p>\n<p class=\"article-body mb-nof-24 px-nof-16\">Raportissa haetaan konkreettisia ratkaisuja silt\u00e4 varalta, ett\u00e4 Yhdysvaltojen sitoutuminen Natoon heikentyy.<\/p>\n<p class=\"article-body mb-nof-24 px-nof-16\">Niinist\u00f6n mukaan eurooppalaisen armeijan perustamista k\u00e4sitell\u00e4\u00e4n raportissa.<\/p>\n<p class=\"article-body mb-nof-24 px-nof-16\">Raportin julkaisee ajatushautomo CEPS (Centre for European Policy Studies).<\/p>\n<p class=\"article-body mb-nof-24 px-nof-16\">Raportin on tarkoitus valmistua maaliskuuhun menness\u00e4. Niinist\u00f6n mukaan kiire on eritt\u00e4in kova.<\/p>\n","protected":false},"excerpt":{"rendered":"Presidentin mukaan raporttia ty\u00f6stet\u00e4\u00e4n kovalla kiireell\u00e4. 14.1. 21:14 Presidentti Sauli Niinist\u00f6 johtaa ty\u00f6ryhm\u00e4\u00e4, joka laatii raportin siit\u00e4, miten&hellip;\n","protected":false},"author":2,"featured_media":142467,"comment_status":"","ping_status":"","sticky":false,"template":"","format":"standard","meta":{"footnotes":""},"categories":[14],"tags":[22,23,26,27,33,31,30,17,34,24,25,28,29,15,18,21,32,19,20,56,16,59,60,61],"class_list":{"0":"post-142466","1":"post","2":"type-post","3":"status-publish","4":"format-standard","5":"has-post-thumbnail","7":"category-ulkomaat","8":"tag-breaking-news","9":"tag-breakingnews","10":"tag-featured-news","11":"tag-featurednews","12":"tag-fi","13":"tag-finland","14":"tag-finnish","15":"tag-headlines","16":"tag-ilta-sanomat","17":"tag-latest-news","18":"tag-latestnews","19":"tag-main-news","20":"tag-mainnews","21":"tag-news","22":"tag-otsikot","23":"tag-paauutiset","24":"tag-suomi","25":"tag-top-stories","26":"tag-topstories","27":"tag-ulkomaat","28":"tag-uutiset","29":"tag-world","30":"tag-world-news","31":"tag-worldnews"},"share_on_mastodon":{"url":"https:\/\/pubeurope.com\/@fi\/115895866716274903","error":""},"_links":{"self":[{"href":"https:\/\/www.europesays.com\/fi\/wp-json\/wp\/v2\/posts\/142466","targetHints":{"allow":["GET"]}}],"collection":[{"href":"https:\/\/www.europesays.com\/fi\/wp-json\/wp\/v2\/posts"}],"about":[{"href":"https:\/\/www.europesays.com\/fi\/wp-json\/wp\/v2\/types\/post"}],"author":[{"embeddable":true,"href":"https:\/\/www.europesays.com\/fi\/wp-json\/wp\/v2\/users\/2"}],"replies":[{"embeddable":true,"href":"https:\/\/www.europesays.com\/fi\/wp-json\/wp\/v2\/comments?post=142466"}],"version-history":[{"count":0,"href":"https:\/\/www.europesays.com\/fi\/wp-json\/wp\/v2\/posts\/142466\/revisions"}],"wp:featuredmedia":[{"embeddable":true,"href":"https:\/\/www.europesays.com\/fi\/wp-json\/wp\/v2\/media\/142467"}],"wp:attachment":[{"href":"https:\/\/www.europesays.com\/fi\/wp-json\/wp\/v2\/media?parent=142466"}],"wp:term":[{"taxonomy":"category","embeddable":true,"href":"https:\/\/www.europesays.com\/fi\/wp-json\/wp\/v2\/categories?post=142466"},{"taxonomy":"post_tag","embeddable":true,"href":"https:\/\/www.europesays.com\/fi\/wp-json\/wp\/v2\/tags?post=142466"}],"curies":[{"name":"wp","href":"https:\/\/api.w.org\/{rel}","templated":true}]}}