{"id":142468,"date":"2026-01-14T22:42:08","date_gmt":"2026-01-14T22:42:08","guid":{"rendered":"https:\/\/www.europesays.com\/fi\/142468\/"},"modified":"2026-01-14T22:42:08","modified_gmt":"2026-01-14T22:42:08","slug":"jaamaratonrata-ei-avaudu-viela-taksi-viikonlopuksi-new-articles","status":"publish","type":"post","link":"https:\/\/www.europesays.com\/fi\/142468\/","title":{"rendered":"J\u00e4\u00e4maratonrata ei avaudu viel\u00e4 t\u00e4ksi viikonlopuksi | New Articles"},"content":{"rendered":"<p>Kuopion sataman j\u00e4\u00e4maratonrata ei nykytiedolla avaudu viel\u00e4 loppuviikosta. Kuopion Seikkailukeskuksen luistinvuokraamo p\u00e4ivitti sosiaaliseen mediaansa keskiviikkoiltana tiedon, ett\u00e4 luistinrata ei avaudu viel\u00e4 lauantaina 17. tammikuuta. Queen R -laivalla toimiva vuokraamo oli viime viikolla kertonut, ett\u00e4 tavoitteena on, ett\u00e4 luistinrata avautuisi tuolloin.<\/p>\n<p>Keskiviikkoisessa p\u00e4ivityksess\u00e4 kuitenkin kerrotaan, ett\u00e4 j\u00e4\u00e4ss\u00e4 on kuoppia, joten j\u00e4\u00e4t\u00e4 yritet\u00e4\u00e4n korjata vett\u00e4 pumppaamalla.<\/p>\n<p><strong class=\"diks-storyline__impact\">Finland Ice<\/strong> Marathonin ratamestari <strong>Kai Aho<\/strong> arvioi toimitukselle maanantaina, ett\u00e4 rata saataisiin auki joko t\u00e4n\u00e4 viikonloppuna tai ensi viikonloppuun menness\u00e4.<\/p>\n<p>\u2013\u2009Jos kaikki menee nappiin ja ihan t\u00e4ydellisesti, tulevana viikonloppuna voi luistella jonkin verran. Olen kuitenkin niin monesti pettynyt luontoon, ett\u00e4 en l\u00e4hde lupailemaan mit\u00e4\u00e4n. Jos ei t\u00e4n\u00e4 viikonloppuna, niin seuraavana viikonloppuna, Aho kommentoi maanantaina.<\/p>\n<p>\t\t\t\t\t<img class=\"diks-card__image\" src=\"https:\/\/www.europesays.com\/fi\/wp-content\/uploads\/2026\/01\/1768430528_765_6908465.jpg\"   loading=\"lazy\" decoding=\"sync\" alt=\"\"\/><\/p>\n<p>Finland Ice Marathon kertoi Facebook-p\u00e4ivityksess\u00e4\u00e4n maanantaina, ett\u00e4 rata on ty\u00f6n alla, koska se ei ollut viel\u00e4 koneellisesti kunnostettavissa.<\/p>\n","protected":false},"excerpt":{"rendered":"Kuopion sataman j\u00e4\u00e4maratonrata ei nykytiedolla avaudu viel\u00e4 loppuviikosta. Kuopion Seikkailukeskuksen luistinvuokraamo p\u00e4ivitti sosiaaliseen mediaansa keskiviikkoiltana tiedon, ett\u00e4 luistinrata&hellip;\n","protected":false},"author":2,"featured_media":142469,"comment_status":"","ping_status":"","sticky":false,"template":"","format":"standard","meta":{"footnotes":""},"categories":[12],"tags":[22,23,26,27,33,31,30,17,1132,24,25,41,15197,28,29,15,18,21,32,9764,1145,19,20,16],"class_list":{"0":"post-142468","1":"post","2":"type-post","3":"status-publish","4":"format-standard","5":"has-post-thumbnail","7":"category-suomi","8":"tag-breaking-news","9":"tag-breakingnews","10":"tag-featured-news","11":"tag-featurednews","12":"tag-fi","13":"tag-finland","14":"tag-finnish","15":"tag-headlines","16":"tag-kuopio","17":"tag-latest-news","18":"tag-latestnews","19":"tag-liikunta-ja-urheilu","20":"tag-luistelu","21":"tag-main-news","22":"tag-mainnews","23":"tag-news","24":"tag-otsikot","25":"tag-paauutiset","26":"tag-suomi","27":"tag-talvi","28":"tag-talviurheilu","29":"tag-top-stories","30":"tag-topstories","31":"tag-uutiset"},"share_on_mastodon":{"url":"https:\/\/pubeurope.com\/@fi\/115895870763234966","error":""},"_links":{"self":[{"href":"https:\/\/www.europesays.com\/fi\/wp-json\/wp\/v2\/posts\/142468","targetHints":{"allow":["GET"]}}],"collection":[{"href":"https:\/\/www.europesays.com\/fi\/wp-json\/wp\/v2\/posts"}],"about":[{"href":"https:\/\/www.europesays.com\/fi\/wp-json\/wp\/v2\/types\/post"}],"author":[{"embeddable":true,"href":"https:\/\/www.europesays.com\/fi\/wp-json\/wp\/v2\/users\/2"}],"replies":[{"embeddable":true,"href":"https:\/\/www.europesays.com\/fi\/wp-json\/wp\/v2\/comments?post=142468"}],"version-history":[{"count":0,"href":"https:\/\/www.europesays.com\/fi\/wp-json\/wp\/v2\/posts\/142468\/revisions"}],"wp:featuredmedia":[{"embeddable":true,"href":"https:\/\/www.europesays.com\/fi\/wp-json\/wp\/v2\/media\/142469"}],"wp:attachment":[{"href":"https:\/\/www.europesays.com\/fi\/wp-json\/wp\/v2\/media?parent=142468"}],"wp:term":[{"taxonomy":"category","embeddable":true,"href":"https:\/\/www.europesays.com\/fi\/wp-json\/wp\/v2\/categories?post=142468"},{"taxonomy":"post_tag","embeddable":true,"href":"https:\/\/www.europesays.com\/fi\/wp-json\/wp\/v2\/tags?post=142468"}],"curies":[{"name":"wp","href":"https:\/\/api.w.org\/{rel}","templated":true}]}}