{"id":142470,"date":"2026-01-14T22:43:09","date_gmt":"2026-01-14T22:43:09","guid":{"rendered":"https:\/\/www.europesays.com\/fi\/142470\/"},"modified":"2026-01-14T22:43:09","modified_gmt":"2026-01-14T22:43:09","slug":"tallaisia-yllatyksia-king-colisin-yllatyspaketeista-loytyi","status":"publish","type":"post","link":"https:\/\/www.europesays.com\/fi\/142470\/","title":{"rendered":"T\u00e4llaisia yll\u00e4tyksi\u00e4 King Colisin yll\u00e4tyspaketeista l\u00f6ytyi"},"content":{"rendered":"<p>Mysteerikaupoilla k\u00e4yneet kertovat, millaisia kikkoja he k\u00e4yttiv\u00e4t l\u00f6yt\u00f6jen etsimiseen.<\/p>\n<p>IS:n testiss\u00e4 mysteeripaketeista l\u00f6ytyi liukuvoidetta ja hiustenkuivaaja. Video: Lassi Rinne<\/p>\n<p>14.1. 20:15<\/p>\n<p class=\"article-body mb-nof-24 px-nof-16\">Seikkailunhalu King Colis -mysteeripakettikaupassa ei tarjonnut kaikille hy\u00f6dyllisi\u00e4 l\u00f6yt\u00f6j\u00e4. Turkulainen <a class=\"font-bold underline-offset-[0.12em] [text-decoration:var(--person-link-text-decoration)] ![text-decoration-color:var(--person-link-text-decoration-color)]\" href=\"https:\/\/www.is.fi\/haku\/?query=Milla%20Aurala\" rel=\"nofollow noopener\" target=\"_blank\">Milla Aurala<\/a> arvioi, ett\u00e4 h\u00e4n l\u00f6ysi mysteeripaketeista tavaroita noin 200 euron arvosta, mutta mik\u00e4\u00e4n h\u00e4nen l\u00f6yd\u00f6ist\u00e4\u00e4n ei ole tulossa omaan k\u00e4ytt\u00f6\u00f6n.<\/p>\n<p class=\"article-body mb-nof-24 px-nof-16\">Auralan paketeista l\u00f6ytyi muun muassa kompassi, miesten retkeilyhousut, pelihiiri ja jouluvalot. Rahaa h\u00e4n kulutti itse hieman yli 100 euroa.<\/p>\n<p class=\"article-body mb-nof-24 px-nof-16\">\u2013 Sill\u00e4 tavalla olen tyytyv\u00e4inen, ett\u00e4 niit\u00e4 voi yritt\u00e4\u00e4 myyd\u00e4. Toisaalta mik\u00e4\u00e4n noista ei tule omaan k\u00e4ytt\u00f6\u00f6n.<\/p>\n<p class=\"article-body mb-nof-24 px-nof-16\">Kampin kauppakeskuksessa toimii t\u00e4ll\u00e4 viikolla King Colis -pakettikaupan pop-up-myym\u00e4l\u00e4, joka myy yll\u00e4tyspaketteja kilohinnalla. Yritys j\u00e4lleenmyy paketteja, jotka ovat verkkokaupan toimitusketjujen varrella eksyneet.<\/p>\n<p class=\"article-body mb-nof-24 px-nof-16\">Niin kutsutut tavalliset standard-paketit maksavat 2,49 euroa sadalta grammalta ja premium-paketit 2,99 euroa sadalta grammalta. Standard-pakettien sis\u00e4lt\u00f6 on todenn\u00e4k\u00f6isemmin kiinalaisista verkkokaupoista kuten Temusta, ja premium-paketin esimerkiksi Amazonista.<\/p>\n<p class=\"article-body mb-nof-24 px-nof-16\">Tiistaina pakettikauppa aiheutti pitk\u00e4n jonon Kampissa.<\/p>\n<p class=\"article-body mb-nof-24 px-nof-16\">Paketteja saa katsella ja tunnustella. Aurala kertoo, ett\u00e4 h\u00e4n ravisteli ja tunnusteli paketteja etsiess\u00e4\u00e4n mieleisi\u00e4\u00e4n tavaroita.<\/p>\n<p class=\"article-body mb-nof-24 px-nof-16\">Aurala toteaa, ett\u00e4 h\u00e4n l\u00e4hti etsim\u00e4\u00e4n pakettikaupoilta enemm\u00e4n kokemusta ja seikkailua kuin jotain oikeasti hy\u00f6dyllist\u00e4. H\u00e4n vertaa mysteeripakettien ostamista uhkapeleihin.<\/p>\n<p class=\"article-body mb-nof-24 px-nof-16\">\u2013 T\u00e4m\u00e4 on kuin laittaisi loton. On tosi pieni mahdollisuus voittaa jotain todella hyv\u00e4\u00e4. T\u00e4ytyy menn\u00e4 asenteella, ett\u00e4 laittaa rahaa, jonka pystyy niin sanotusti h\u00e4vi\u00e4m\u00e4\u00e4n.<\/p>\n<p class=\"article-body mb-nof-24 px-nof-16\">Aurala sanoo, ett\u00e4 voisi k\u00e4yd\u00e4 pop-up-kaupassa my\u00f6s uudestaan.<\/p>\n<p><img decoding=\"async\" src=\"https:\/\/www.europesays.com\/fi\/wp-content\/uploads\/2026\/01\/1768430588_967_468.jpg\" alt=\"Mysteeripaketit aiheuttivat pitk\u00e4n jonon Kampin kauppakeskukseen.\" class=\"_Img_1rerz_1\" style=\"aspect-ratio:1.5\" loading=\"eager\"\/><\/p>\n<p class=\"article-picture-caption\">Mysteeripaketit aiheuttivat pitk\u00e4n jonon Kampin kauppakeskukseen. Kuva:\u00a0Lassi Rinne<\/p>\n<p class=\"article-body mb-nof-24 px-nof-16\">Iloisen yll\u00e4tyksen mysteeripakettikaupoilta sai turkulainen <a class=\"font-bold underline-offset-[0.12em] [text-decoration:var(--person-link-text-decoration)] ![text-decoration-color:var(--person-link-text-decoration-color)]\" href=\"https:\/\/www.is.fi\/haku\/?query=Mari%20Kiviniemi\" rel=\"nofollow noopener\" target=\"_blank\">Mari Kiviniemi<\/a>. H\u00e4n l\u00f6ysi yll\u00e4tyspaketista suhteellisen arvokkaan hiustenkuivaajan. Kiviniemi kertoo, ett\u00e4 l\u00f6yt\u00f6 tulee h\u00e4nelle omaan k\u00e4ytt\u00f6\u00f6n.<\/p>\n<p class=\"article-body mb-nof-24 px-nof-16\">\u2013 En odottanutkaan, ett\u00e4 jotain luksusta l\u00f6yd\u00e4n. Uteliaana ajattelin, ett\u00e4 jos l\u00f6yd\u00e4n jotain kivaa.<\/p>\n<p class=\"article-body mb-nof-24 px-nof-16\">Lis\u00e4ksi paketeista l\u00f6ytyi muun muassa napakoruja, langaton n\u00e4pp\u00e4imist\u00f6 ja jonkinlaisia ty\u00f6kaluja, joihin Kiviniemi ei ole ehtinyt tutustua tarkemmin.<\/p>\n<p class=\"article-body mb-nof-24 px-nof-16\">Kiviniemi tunnusteli ja ravisteli paketteja ja kuunteli paketeista kuuluvia \u00e4\u00e4ni\u00e4.<\/p>\n<p class=\"article-body mb-nof-24 px-nof-16\">\u2013 Etsin pakettia, joka on keskikokoinen ja tiivis. Sellaisessa, joka on hyvin paketoitu, voi olla jotain parempaa.<\/p>\n<p><img decoding=\"async\" src=\"https:\/\/www.europesays.com\/fi\/wp-content\/uploads\/2026\/01\/1768430588_614_468.jpg\" alt=\"Paketteja sai tunnustella ja hypistell\u00e4 mysteeripakettien kaupassa.\" class=\"_Img_1rerz_1\" style=\"aspect-ratio:1.5\" loading=\"eager\"\/><\/p>\n<p class=\"article-picture-caption\">Paketteja sai tunnustella ja hypistell\u00e4 mysteeripakettien kaupassa. Kuva:\u00a0Lassi Rinne<\/p>\n<p class=\"article-body mb-nof-24 px-nof-16\">Varta vasten pop-up-kauppaa varten Helsinkiin matkustanut Kiviniemi arvioi, ett\u00e4 h\u00e4nen saamansa tavarat ovat yhteens\u00e4 noin sadan euron arvoisia. H\u00e4n itse k\u00e4ytti kaupoilla noin 30 euroa.<\/p>\n<p class=\"article-body mb-nof-24 px-nof-16\">Kiviniemi ihmettelee, ett\u00e4 toiset tuntuivat k\u00e4ytt\u00e4v\u00e4n paketteihin isoja summia. Pienill\u00e4 summilla h\u00e4n pit\u00e4\u00e4 hauskana seikkailuna.<\/p>\n<p class=\"article-body mb-nof-24 px-nof-16\">\u2013 30\u201340 euroa voin laittaa. Se ei ole minun maailmaani r\u00e4j\u00e4ytt\u00e4v\u00e4 summa. Voidaan pit\u00e4\u00e4 v\u00e4h\u00e4n hauskaakin.<\/p>\n<p><img decoding=\"async\" src=\"https:\/\/www.europesays.com\/fi\/wp-content\/uploads\/2026\/01\/1768430589_846_468.jpg\" alt=\"King Colisin pop-up-kauppa aiheutti yleis\u00f6rynt\u00e4yksen Kampin kauppakeskuksessa.\" class=\"_Img_1rerz_1\" style=\"aspect-ratio:1.5\" loading=\"eager\"\/><\/p>\n<p class=\"article-picture-caption\">King Colisin pop-up-kauppa aiheutti yleis\u00f6rynt\u00e4yksen Kampin kauppakeskuksessa. Kuva:\u00a0Lassi Rinne<\/p>\n<p class=\"article-body mb-nof-24 px-nof-16\">Sen sijaan <a class=\"font-bold underline-offset-[0.12em] [text-decoration:var(--person-link-text-decoration)] ![text-decoration-color:var(--person-link-text-decoration-color)]\" href=\"https:\/\/www.is.fi\/haku\/?query=Markolle\" rel=\"nofollow noopener\" target=\"_blank\">Markolle<\/a> mysteeripaketit olivat pettymys. H\u00e4n kuvaili, ett\u00e4 paketeista l\u00f6ytyi \u201dpelkk\u00e4\u00e4 paskaa\u201d. H\u00e4n kiitt\u00e4\u00e4 onneaan, ettei varta vasten l\u00e4htenyt Helsinkiin yll\u00e4tyspakettien per\u00e4ss\u00e4.<\/p>\n<p class=\"article-body mb-nof-24 px-nof-16\">\u2013 Ei nyt tarvitse uudestaan l\u00e4hte\u00e4. Ymm\u00e4rsin, miksei n\u00e4it\u00e4 paketteja ole haluttu takaisin, h\u00e4n sanoo.<\/p>\n<p class=\"article-body mb-nof-24 px-nof-16\">Marko kertoo k\u00e4ytt\u00e4neens\u00e4 paketteihin noin 250 euroa. Sill\u00e4 h\u00e4n sai halpoja valaisimia, monta n\u00e4pp\u00e4imist\u00f6\u00e4 ja korvakorut. Arvokkaimpana h\u00e4n pit\u00e4\u00e4 saamaansa tarra\u00adtulostinta.<\/p>\n<p class=\"article-body mb-nof-24 px-nof-16\">H\u00e4n vei tavarat varastolleen. Markon mukaan ne saa ottaa, jos joku tavaroita kaipaa. H\u00e4n toteaa, ettei saanut mysteeripaketeista \u201dsuuria kiksej\u00e4\u201d.<\/p>\n<p class=\"article-body mb-nof-24 px-nof-16\">H\u00e4n kertoo aiemmin k\u00e4yneens\u00e4 Tullin j\u00e4rjest\u00e4miss\u00e4 huutokaupoissa, joissa saattoi oikeasti tehd\u00e4 hyvi\u00e4 l\u00f6yt\u00f6j\u00e4. King Colisin yll\u00e4tyspaketit ovat Markon mielest\u00e4 sen sijaan \u201dTemu-kamaa\u201d.<\/p>\n<p class=\"article-body mb-nof-24 px-nof-16\">\u2013 Nyt oli v\u00e4h\u00e4n pettymys. T\u00e4m\u00e4 paljasti, ett\u00e4 siell\u00e4 on ihan j\u00e4tett\u00e4 ja tuommoista, mill\u00e4 ei ole mit\u00e4\u00e4n merkityst\u00e4.<\/p>\n","protected":false},"excerpt":{"rendered":"Mysteerikaupoilla k\u00e4yneet kertovat, millaisia kikkoja he k\u00e4yttiv\u00e4t l\u00f6yt\u00f6jen etsimiseen. IS:n testiss\u00e4 mysteeripaketeista l\u00f6ytyi liukuvoidetta ja hiustenkuivaaja. Video: Lassi&hellip;\n","protected":false},"author":2,"featured_media":142471,"comment_status":"","ping_status":"","sticky":false,"template":"","format":"standard","meta":{"footnotes":""},"categories":[5],"tags":[22,23,26,27,33,31,30,17,34,24,25,28,29,15,18,21,32,19,20,16],"class_list":{"0":"post-142470","1":"post","2":"type-post","3":"status-publish","4":"format-standard","5":"has-post-thumbnail","7":"category-otsikot","8":"tag-breaking-news","9":"tag-breakingnews","10":"tag-featured-news","11":"tag-featurednews","12":"tag-fi","13":"tag-finland","14":"tag-finnish","15":"tag-headlines","16":"tag-ilta-sanomat","17":"tag-latest-news","18":"tag-latestnews","19":"tag-main-news","20":"tag-mainnews","21":"tag-news","22":"tag-otsikot","23":"tag-paauutiset","24":"tag-suomi","25":"tag-top-stories","26":"tag-topstories","27":"tag-uutiset"},"share_on_mastodon":{"url":"https:\/\/pubeurope.com\/@fi\/115895874587213568","error":""},"_links":{"self":[{"href":"https:\/\/www.europesays.com\/fi\/wp-json\/wp\/v2\/posts\/142470","targetHints":{"allow":["GET"]}}],"collection":[{"href":"https:\/\/www.europesays.com\/fi\/wp-json\/wp\/v2\/posts"}],"about":[{"href":"https:\/\/www.europesays.com\/fi\/wp-json\/wp\/v2\/types\/post"}],"author":[{"embeddable":true,"href":"https:\/\/www.europesays.com\/fi\/wp-json\/wp\/v2\/users\/2"}],"replies":[{"embeddable":true,"href":"https:\/\/www.europesays.com\/fi\/wp-json\/wp\/v2\/comments?post=142470"}],"version-history":[{"count":0,"href":"https:\/\/www.europesays.com\/fi\/wp-json\/wp\/v2\/posts\/142470\/revisions"}],"wp:featuredmedia":[{"embeddable":true,"href":"https:\/\/www.europesays.com\/fi\/wp-json\/wp\/v2\/media\/142471"}],"wp:attachment":[{"href":"https:\/\/www.europesays.com\/fi\/wp-json\/wp\/v2\/media?parent=142470"}],"wp:term":[{"taxonomy":"category","embeddable":true,"href":"https:\/\/www.europesays.com\/fi\/wp-json\/wp\/v2\/categories?post=142470"},{"taxonomy":"post_tag","embeddable":true,"href":"https:\/\/www.europesays.com\/fi\/wp-json\/wp\/v2\/tags?post=142470"}],"curies":[{"name":"wp","href":"https:\/\/api.w.org\/{rel}","templated":true}]}}