{"id":142472,"date":"2026-01-14T22:56:07","date_gmt":"2026-01-14T22:56:07","guid":{"rendered":"https:\/\/www.europesays.com\/fi\/142472\/"},"modified":"2026-01-14T22:56:07","modified_gmt":"2026-01-14T22:56:07","slug":"julio-iglesiasta-tutkitaan-seksuaalirikoksista-espanjassa","status":"publish","type":"post","link":"https:\/\/www.europesays.com\/fi\/142472\/","title":{"rendered":"Julio Iglesiasta tutkitaan seksuaalirikoksista Espanjassa"},"content":{"rendered":"<p><strong class=\"typography-bold\">Espanjalaista laulajat\u00e4hti Julio Iglesiasta vastaan on aloitettu tutkinta seksuaalirikoksista.\u00a0<\/strong><\/p>\n<p>Espanjassa tutkitaan v\u00e4itteit\u00e4, joiden mukaan laulaja <strong class=\"typography-bold\">Julio Iglesias<\/strong>, 82, olisi seksuaalisesti ahdistellut kahta entist\u00e4 ty\u00f6ntekij\u00e4\u00e4ns\u00e4 h\u00e4nen kodeissaan Dominikaanisessa tasavallassa ja Bahamalla. Asiasta kertovat muun muassa espanjalaislehti <a class=\"underline\" data-testid=\"external-link\" href=\"https:\/\/elpais.com\/sociedad\/2026-01-14\/la-fiscalia-de-la-audiencia-nacional-tomara-declaracion-como-testigos-protegidas-a-las-dos-extrabajadoras-de-julio-iglesias.html\" rel=\"noopener noreferrer nofollow\" data-sentry-component=\"ExternalLink\" data-sentry-source-file=\"ExternalLink.tsx\" target=\"_blank\">El Pa\u00eds<\/a> ja <a class=\"underline\" data-testid=\"external-link\" href=\"https:\/\/www.reuters.com\/business\/media-telecom\/spain-opens-inquiry-into-womens-allegations-against-julio-iglesias-2026-01-13\/\" rel=\"noopener noreferrer nofollow\" data-sentry-component=\"ExternalLink\" data-sentry-source-file=\"ExternalLink.tsx\" target=\"_blank\">Reuters<\/a>.<\/p>\n<p>Espanjan syytt\u00e4j\u00e4nviraston mukaan tutkinta liittyy aiemmin t\u00e4ll\u00e4 viikolla mediassa kerrottuihin tietoihin, joiden mukaan Iglesias on seksuaalisesti ja fyysisesti ahdistelleen kahta naista, jotka ty\u00f6skenteliv\u00e4t h\u00e4nen Karibian asunnoissaan vuonna 2021.\u00a0<\/p>\n<p>Iglesias ei ole kommentoinut v\u00e4itteit\u00e4 julkisesti. My\u00f6sk\u00e4\u00e4n t\u00e4hden levy-yhti\u00f6 Sony ei ole kommentoinut asiaa.\u00a0<\/p>\n<p>Julio Iglesias on yksi maailman myydyimmist\u00e4 espanjankielisist\u00e4 artisteista. H\u00e4nen levyj\u00e4\u00e4n on myyty yli 300 miljoonaa 14 eri kielell\u00e4. \u00a0 \u00a0 \u00a0 \u00a0 \u00a0 \u00a0 \u00a0 \u00a0 \u00a0 \u00a0 \u00a0 \u00a0 \u00a0 \u00a0 \u00a0 \u00a0 \u00a0\u00a0<\/p>\n","protected":false},"excerpt":{"rendered":"Espanjalaista laulajat\u00e4hti Julio Iglesiasta vastaan on aloitettu tutkinta seksuaalirikoksista.\u00a0 Espanjassa tutkitaan v\u00e4itteit\u00e4, joiden mukaan laulaja Julio Iglesias, 82,&hellip;\n","protected":false},"author":2,"featured_media":142473,"comment_status":"","ping_status":"","sticky":false,"template":"","format":"standard","meta":{"footnotes":""},"categories":[136],"tags":[407,137,33,31,30,408,32,109],"class_list":{"0":"post-142472","1":"post","2":"type-post","3":"status-publish","4":"format-standard","5":"has-post-thumbnail","7":"category-julkkikset","8":"tag-celebrities","9":"tag-entertainment","10":"tag-fi","11":"tag-finland","12":"tag-finnish","13":"tag-julkkikset","14":"tag-suomi","15":"tag-viihde"},"share_on_mastodon":{"url":"https:\/\/pubeurope.com\/@fi\/115895925623135070","error":""},"_links":{"self":[{"href":"https:\/\/www.europesays.com\/fi\/wp-json\/wp\/v2\/posts\/142472","targetHints":{"allow":["GET"]}}],"collection":[{"href":"https:\/\/www.europesays.com\/fi\/wp-json\/wp\/v2\/posts"}],"about":[{"href":"https:\/\/www.europesays.com\/fi\/wp-json\/wp\/v2\/types\/post"}],"author":[{"embeddable":true,"href":"https:\/\/www.europesays.com\/fi\/wp-json\/wp\/v2\/users\/2"}],"replies":[{"embeddable":true,"href":"https:\/\/www.europesays.com\/fi\/wp-json\/wp\/v2\/comments?post=142472"}],"version-history":[{"count":0,"href":"https:\/\/www.europesays.com\/fi\/wp-json\/wp\/v2\/posts\/142472\/revisions"}],"wp:featuredmedia":[{"embeddable":true,"href":"https:\/\/www.europesays.com\/fi\/wp-json\/wp\/v2\/media\/142473"}],"wp:attachment":[{"href":"https:\/\/www.europesays.com\/fi\/wp-json\/wp\/v2\/media?parent=142472"}],"wp:term":[{"taxonomy":"category","embeddable":true,"href":"https:\/\/www.europesays.com\/fi\/wp-json\/wp\/v2\/categories?post=142472"},{"taxonomy":"post_tag","embeddable":true,"href":"https:\/\/www.europesays.com\/fi\/wp-json\/wp\/v2\/tags?post=142472"}],"curies":[{"name":"wp","href":"https:\/\/api.w.org\/{rel}","templated":true}]}}