{"id":142480,"date":"2026-01-14T23:08:08","date_gmt":"2026-01-14T23:08:08","guid":{"rendered":"https:\/\/www.europesays.com\/fi\/142480\/"},"modified":"2026-01-14T23:08:08","modified_gmt":"2026-01-14T23:08:08","slug":"eun-ulkopolitiikan-korkea-edustaja-vitsailee-alkoholista","status":"publish","type":"post","link":"https:\/\/www.europesays.com\/fi\/142480\/","title":{"rendered":"EU:n ulkopolitiikan korkea edustaja vitsailee alkoholista"},"content":{"rendered":"<p>Maailmantilanne saa Kaja Kallasin harkitsemaan juomisen aloittamista.<\/p>\n<p>14.1. 23:00<\/p>\n<p class=\"article-body mb-nof-24 px-nof-16\">Euroopan unionin ulkopolitiikan korkea edustaja <a class=\"font-bold underline-offset-[0.12em] [text-decoration:var(--person-link-text-decoration)] ![text-decoration-color:var(--person-link-text-decoration-color)]\" href=\"https:\/\/www.is.fi\/haku\/?query=Kaja%20Kallas\" rel=\"nofollow noopener\" target=\"_blank\">Kaja Kallas<\/a> on kertonut yksityisesti poliittisten ryhmien johtajille, ett\u00e4 maailmantilanteen ollessa t\u00e4llainen saattaisi olla hyv\u00e4 hetki alkaa juomaan, kertoo <a class=\"underline underline-offset-[0.12em] [text-decoration-thickness:var(--generic-link-underline-thickness)] [text-decoration-color:var(--generic-link-underline-color)] [text-decoration-skip-ink:var(--generic-link-underline-skip-ink)] break-words\" href=\"https:\/\/www.politico.eu\/article\/eu-chief-diplomat-kaja-kallas-state-world-means-time-start-drinking\/\" rel=\"nofollow noopener\" target=\"_blank\">Politico<\/a> keskiviikkona.<\/p>\n<p class=\"article-body mb-nof-24 px-nof-16\">Kallas mainitsi, ettei ole kovin innokas nauttimaan alkoholia, mutta ett\u00e4 nyt olisi kenties aika aloittaa ottaen huomioon, mit\u00e4 tapahtuu ymp\u00e4ri maailmaa. Politicolle t\u00e4st\u00e4 kertoi kaksi ihmist\u00e4, jotka olivat samassa huoneessa.<\/p>\n<p class=\"article-body mb-nof-24 px-nof-16\">Politicon mukaan Kallas viittasi siihen, ett\u00e4 Trump on vaatinut Gr\u00f6nlantia Yhdysvalloille. Kallaksen heitto mepeille osui siihen kohtaan, kun he toivottivat toisilleen onnellista uutta vuotta.<\/p>\n<p class=\"article-body mb-nof-24 px-nof-16\">Vuoden alussa on raportoitu muun muassa massamielenosoituksista Iranissa, Ukrainan ja Gazan jatkuvista konflikteista sek\u00e4 Yhdysvaltojen operaatiosta Venezuelassa.<\/p>\n<p class=\"article-body mb-nof-24 px-nof-16\">Politico kertoi Kallaksen vitsailusta my\u00f6s <a class=\"underline underline-offset-[0.12em] [text-decoration-thickness:var(--generic-link-underline-thickness)] [text-decoration-color:var(--generic-link-underline-color)] [text-decoration-skip-ink:var(--generic-link-underline-skip-ink)] break-words\" href=\"https:\/\/x.com\/POLITICOEurope\/status\/2011504119593181587\" rel=\"nofollow\">viestipalvelu X:ss\u00e4<\/a>.<\/p>\n<p class=\"article-body mb-nof-24 px-nof-16\">Euroopan parlamentin j\u00e4sen <a class=\"font-bold underline-offset-[0.12em] [text-decoration:var(--person-link-text-decoration)] ![text-decoration-color:var(--person-link-text-decoration-color)]\" href=\"https:\/\/www.is.fi\/haku\/?query=Mika%20Aaltola\" rel=\"nofollow noopener\" target=\"_blank\">Mika Aaltola <\/a>kommentoi siihen seuraavasti:<\/p>\n<p class=\"article-body mb-nof-24 px-nof-16\">\u2013 Sandelssia suosittelen, jos on pakko. Mutta oikeassa on. T\u00e4ytyy kuitenkin pysy\u00e4 selv\u00e4p\u00e4isen\u00e4. Tilanne on p\u00e4\u00e4ll\u00e4, eik\u00e4 paremmaksi muutu parin vuoden sis\u00e4\u00e4n.<\/p>\n<p><img decoding=\"async\" src=\"https:\/\/www.europesays.com\/fi\/wp-content\/uploads\/2026\/01\/1768432088_625_468.jpg\" alt=\"Euroopan parlamentin j\u00e4sen Mika Aaltola (kok).\" class=\"_Img_1rerz_1\" style=\"aspect-ratio:1.5\" loading=\"eager\"\/><\/p>\n<p class=\"article-picture-caption\">Euroopan parlamentin j\u00e4sen Mika Aaltola (kok). Kuva:\u00a0Petteri Tuohinen \/ HS<\/p>\n","protected":false},"excerpt":{"rendered":"Maailmantilanne saa Kaja Kallasin harkitsemaan juomisen aloittamista. 14.1. 23:00 Euroopan unionin ulkopolitiikan korkea edustaja Kaja Kallas on kertonut&hellip;\n","protected":false},"author":2,"featured_media":142481,"comment_status":"","ping_status":"","sticky":false,"template":"","format":"standard","meta":{"footnotes":""},"categories":[14],"tags":[22,23,26,27,33,31,30,17,34,24,25,28,29,15,18,21,32,19,20,56,16,59,60,61],"class_list":{"0":"post-142480","1":"post","2":"type-post","3":"status-publish","4":"format-standard","5":"has-post-thumbnail","7":"category-ulkomaat","8":"tag-breaking-news","9":"tag-breakingnews","10":"tag-featured-news","11":"tag-featurednews","12":"tag-fi","13":"tag-finland","14":"tag-finnish","15":"tag-headlines","16":"tag-ilta-sanomat","17":"tag-latest-news","18":"tag-latestnews","19":"tag-main-news","20":"tag-mainnews","21":"tag-news","22":"tag-otsikot","23":"tag-paauutiset","24":"tag-suomi","25":"tag-top-stories","26":"tag-topstories","27":"tag-ulkomaat","28":"tag-uutiset","29":"tag-world","30":"tag-world-news","31":"tag-worldnews"},"share_on_mastodon":{"url":"https:\/\/pubeurope.com\/@fi\/115895972933923983","error":""},"_links":{"self":[{"href":"https:\/\/www.europesays.com\/fi\/wp-json\/wp\/v2\/posts\/142480","targetHints":{"allow":["GET"]}}],"collection":[{"href":"https:\/\/www.europesays.com\/fi\/wp-json\/wp\/v2\/posts"}],"about":[{"href":"https:\/\/www.europesays.com\/fi\/wp-json\/wp\/v2\/types\/post"}],"author":[{"embeddable":true,"href":"https:\/\/www.europesays.com\/fi\/wp-json\/wp\/v2\/users\/2"}],"replies":[{"embeddable":true,"href":"https:\/\/www.europesays.com\/fi\/wp-json\/wp\/v2\/comments?post=142480"}],"version-history":[{"count":0,"href":"https:\/\/www.europesays.com\/fi\/wp-json\/wp\/v2\/posts\/142480\/revisions"}],"wp:featuredmedia":[{"embeddable":true,"href":"https:\/\/www.europesays.com\/fi\/wp-json\/wp\/v2\/media\/142481"}],"wp:attachment":[{"href":"https:\/\/www.europesays.com\/fi\/wp-json\/wp\/v2\/media?parent=142480"}],"wp:term":[{"taxonomy":"category","embeddable":true,"href":"https:\/\/www.europesays.com\/fi\/wp-json\/wp\/v2\/categories?post=142480"},{"taxonomy":"post_tag","embeddable":true,"href":"https:\/\/www.europesays.com\/fi\/wp-json\/wp\/v2\/tags?post=142480"}],"curies":[{"name":"wp","href":"https:\/\/api.w.org\/{rel}","templated":true}]}}