{"id":142482,"date":"2026-01-14T23:09:08","date_gmt":"2026-01-14T23:09:08","guid":{"rendered":"https:\/\/www.europesays.com\/fi\/142482\/"},"modified":"2026-01-14T23:09:08","modified_gmt":"2026-01-14T23:09:08","slug":"suomen-kovatuloisin-k-kauppias-osti-rekallisen-hernekeittoa-talta-nayttaa-hirmuinen-vuori","status":"publish","type":"post","link":"https:\/\/www.europesays.com\/fi\/142482\/","title":{"rendered":"Suomen kovatuloisin K-kauppias osti rekallisen hernekeittoa \u2013 T\u00e4lt\u00e4 n\u00e4ytt\u00e4\u00e4 hirmuinen vuori"},"content":{"rendered":"<p>Laskiainen l\u00e4hestyy, ja hernekeittosesonki on k\u00e4ynniss\u00e4.<\/p>\n<p><img decoding=\"async\" class=\"image image-show image-preview\" src=\"https:\/\/www.europesays.com\/fi\/wp-content\/uploads\/2026\/01\/4b378b17a1255f83bb1fae8f6f8f312a479e23b190335acf73dfc99152a19bc1.jpg\" alt=\"\"\/><img decoding=\"async\" class=\"image image-show\" src=\"https:\/\/www.europesays.com\/fi\/wp-content\/uploads\/2026\/01\/1768432148_965_4b378b17a1255f83bb1fae8f6f8f312a479e23b190335acf73dfc99152a19bc1.jpg\" alt=\"\"\/><\/p>\n<p>T\u00e4lt\u00e4 hernekeittovuori n\u00e4ytt\u00e4\u00e4 Kupittaan K-Citymarketissa. Hannu Aaltosen albumi<\/p>\n<p class=\"paragraph\">Turun Kupittaan K-Citymarketin <strong>Hannu Aaltonen<\/strong> osti kaupalleen valtavan lastin Jalostajan hernekeittopurkkeja.<\/p>\n<p class=\"paragraph\">Edes Aaltonen itse ei tied\u00e4, kuinka monta purkkia kasassa on.<\/p>\n<p class=\"paragraph\">\u2013 J\u00e4m\u00e4kk\u00e4 m\u00e4\u00e4r\u00e4. Sellainen 25 lavallista, h\u00e4n toteaa.<\/p>\n<p class=\"paragraph\">Kauppa myy tarjouksessa kuuden hernekeittopurkin paketin 30 prosentin alennuksella, yhteishintaan 6 euroa.<\/p>\n<p class=\"paragraph\">Jalostaja juhlistaa 90-vuotista historiaansa t\u00e4n\u00e4 vuonna. Yritys on turkulainen.<\/p>\n<p class=\"paragraph\">\u2013 Yritet\u00e4\u00e4n markkinoinnissamme ottaa aina v\u00e4h\u00e4n turkulaista n\u00e4k\u00f6kulmaa. T\u00e4m\u00e4 on nyt t\u00e4mm\u00f6inen projekti.<\/p>\n<p>33 000 sipsipurkkia<\/p>\n<p class=\"paragraph\">Aaltonen kertoo, ettei h\u00e4n ole koskaan tilannut kaupalleen vastaavan suuruista hernekeittoer\u00e4\u00e4. H\u00e4n toivoo, ett\u00e4 koko lasti menee kaupaksi.<\/p>\n<p class=\"paragraph\">\u2013 Siin\u00e4 voi muutama viikko menn\u00e4. Kaupanteko on hauskaa siit\u00e4, ettei koskaan tied\u00e4, miten t\u00e4llaiset onnistuvat.<\/p>\n<p class=\"paragraph\">Kauppias teki vastaavan tempauksen joulukuussa, kun h\u00e4n tilasi kaupalleen 33\u00a0000 Pringles-sipsipurkin er\u00e4n.<\/p>\n<p class=\"paragraph\">\u2013 Niist\u00e4 on jo kaksi kolmasosaa myyty, h\u00e4n kertoo.<\/p>\n<p class=\"paragraph\">Vuoden 2024 verotietojen mukaan Aaltonen on <a href=\"https:\/\/www.iltalehti.fi\/kotimaa\/475557e2-a2ce-4e77-a968-e889a0f8098d\" rel=\"nofollow noopener\" target=\"_blank\">Suomen kovatuloisin kauppias<\/a>. H\u00e4nen p\u00e4\u00e4osin p\u00e4\u00e4omatuloista koostuvat tulot olivat yhteens\u00e4 yli 2,5 miljoonaa euroa.<\/p>\n<p>Hannu Aaltonen on kauppiaiden tulokuningas. Vesa-Matti V\u00e4\u00e4r\u00e4<\/p>\n","protected":false},"excerpt":{"rendered":"Laskiainen l\u00e4hestyy, ja hernekeittosesonki on k\u00e4ynniss\u00e4. T\u00e4lt\u00e4 hernekeittovuori n\u00e4ytt\u00e4\u00e4 Kupittaan K-Citymarketissa. Hannu Aaltosen albumi Turun Kupittaan K-Citymarketin Hannu&hellip;\n","protected":false},"author":2,"featured_media":142483,"comment_status":"","ping_status":"","sticky":false,"template":"","format":"standard","meta":{"footnotes":""},"categories":[12],"tags":[35,22,23,26,27,33,31,30,17,898,24,25,28,29,15,18,21,2198,900,2331,32,19,20,16,2200],"class_list":{"0":"post-142482","1":"post","2":"type-post","3":"status-publish","4":"format-standard","5":"has-post-thumbnail","7":"category-suomi","8":"tag-24h","9":"tag-breaking-news","10":"tag-breakingnews","11":"tag-featured-news","12":"tag-featurednews","13":"tag-fi","14":"tag-finland","15":"tag-finnish","16":"tag-headlines","17":"tag-kulutustavarat","18":"tag-latest-news","19":"tag-latestnews","20":"tag-main-news","21":"tag-mainnews","22":"tag-news","23":"tag-otsikot","24":"tag-paauutiset","25":"tag-paivittaistavarat-sektori","26":"tag-ruoka","27":"tag-ruoka-ja-juoma","28":"tag-suomi","29":"tag-top-stories","30":"tag-topstories","31":"tag-uutiset","32":"tag-vahittaiskauppa-pl-moottoriajoneuvot-kotitaloustavaroiden-korjaus"},"share_on_mastodon":{"url":"https:\/\/pubeurope.com\/@fi\/115895976970690080","error":""},"_links":{"self":[{"href":"https:\/\/www.europesays.com\/fi\/wp-json\/wp\/v2\/posts\/142482","targetHints":{"allow":["GET"]}}],"collection":[{"href":"https:\/\/www.europesays.com\/fi\/wp-json\/wp\/v2\/posts"}],"about":[{"href":"https:\/\/www.europesays.com\/fi\/wp-json\/wp\/v2\/types\/post"}],"author":[{"embeddable":true,"href":"https:\/\/www.europesays.com\/fi\/wp-json\/wp\/v2\/users\/2"}],"replies":[{"embeddable":true,"href":"https:\/\/www.europesays.com\/fi\/wp-json\/wp\/v2\/comments?post=142482"}],"version-history":[{"count":0,"href":"https:\/\/www.europesays.com\/fi\/wp-json\/wp\/v2\/posts\/142482\/revisions"}],"wp:featuredmedia":[{"embeddable":true,"href":"https:\/\/www.europesays.com\/fi\/wp-json\/wp\/v2\/media\/142483"}],"wp:attachment":[{"href":"https:\/\/www.europesays.com\/fi\/wp-json\/wp\/v2\/media?parent=142482"}],"wp:term":[{"taxonomy":"category","embeddable":true,"href":"https:\/\/www.europesays.com\/fi\/wp-json\/wp\/v2\/categories?post=142482"},{"taxonomy":"post_tag","embeddable":true,"href":"https:\/\/www.europesays.com\/fi\/wp-json\/wp\/v2\/tags?post=142482"}],"curies":[{"name":"wp","href":"https:\/\/api.w.org\/{rel}","templated":true}]}}