{"id":142484,"date":"2026-01-14T23:10:07","date_gmt":"2026-01-14T23:10:07","guid":{"rendered":"https:\/\/www.europesays.com\/fi\/142484\/"},"modified":"2026-01-14T23:10:07","modified_gmt":"2026-01-14T23:10:07","slug":"diplomatia-ajetaanko-stubbia-uuteen-painavaan-tehtavaan-tama-asiasta-tiedetaan-hs-fi","status":"publish","type":"post","link":"https:\/\/www.europesays.com\/fi\/142484\/","title":{"rendered":"Diplomatia | Ajetaanko Stubbia uuteen, painavaan teht\u00e4v\u00e4\u00e4n? T\u00e4m\u00e4 asiasta tiedet\u00e4\u00e4n &#8211; HS.fi"},"content":{"rendered":"<ol>\n<li><a href=\"https:\/\/news.google.com\/rss\/articles\/CBMiYEFVX3lxTE1XM2F0N1h2RHYxS0NpaThzeVV4UFRVaGJqWkZDR0FOT3VKaFZiUFczXzRIaTJoS0ZiYUlVc2R1SkVoaW84NjQ5UE9Tek0tbnUxUW9rTHFmRHEzZVBBUnEzUw?oc=5\" target=\"_blank\" rel=\"nofollow noopener\">Diplomatia | Ajetaanko Stubbia uuteen, painavaan teht\u00e4v\u00e4\u00e4n? T\u00e4m\u00e4 asiasta tiedet\u00e4\u00e4n<\/a>&nbsp;&nbsp;HS.fi<\/li>\n<li><a href=\"https:\/\/news.google.com\/rss\/articles\/CBMifEFVX3lxTE94Q0lEZzNjRTVUWHRzSEFqQ1NhbUlWUXZSaU9pNTFZeWhWQ0VMbWdUeHlBQkRSTkFralMxWXd2LS1adTQ1VnFZZkFWWEQwMnpvR1h6ZXFHNFZkc2JUU2tQNVdINkQ1Snc0NjZZajV1NVNraUVrMFVlYmE0dmI?oc=5\" target=\"_blank\" rel=\"nofollow noopener\">L\u00e4hteet: Stubbille kaavaillaan uutta j\u00e4ttipesti\u00e4<\/a>&nbsp;&nbsp;Iltalehti<\/li>\n<li><a href=\"https:\/\/news.google.com\/rss\/articles\/CBMiYEFVX3lxTFBrS3cxVFlRUlRYVFBRc0pjMFVaaC1GTXZMQk00ZHlDeXhHdXhfVTdhbVdPNEVra2N6bnFhT3VUOTJVXzNyc2JxN2hBam4tZnNuT1h1RHpGSDN1Z2x2cUNoSQ?oc=5\" target=\"_blank\" rel=\"nofollow noopener\">Laatulehti rankkasi Stubbin ehdolle kovaan pestiin \u2013 n\u00e4in Suomessa suhtaudutaan<\/a>&nbsp;&nbsp;Ilta-Sanomat<\/li>\n<li><a href=\"https:\/\/news.google.com\/rss\/articles\/CBMiQkFVX3lxTE1PbGxBR0xJdUstaFBLNm1UelJTcHkyXzh4MTF4RC1EU0hreDJraUs5bmkwVDdjRjF3NV9yWUZ2cGhBZw?oc=5\" target=\"_blank\" rel=\"nofollow noopener\">Politico: EU harkitsee erityisl\u00e4hettil\u00e4st\u00e4 Ukraina-neuvotteluihin \u2013 Stubbin nimi esill\u00e4<\/a>&nbsp;&nbsp;Yle<\/li>\n<li><a href=\"https:\/\/news.google.com\/rss\/articles\/CBMiVkFVX3lxTE05WDA0b0duRXQwN2VWbEVjMmM0cUZGd2REU1JzNVVhZnJVaU1jLU54RWdzdGNrNi1YLTQ4aUdJRmpVVkQ3M2FoYlZOd1ZJeldGY3U4VUZ3?oc=5\" target=\"_blank\" rel=\"nofollow noopener\">Alexander Stubb ehdokkaana EU:n edustajaksi Ukrainan rauhanneuvotteluissa<\/a>&nbsp;&nbsp;Etel\u00e4-Suomen Sanomat<\/li>\n<\/ol>\n","protected":false},"excerpt":{"rendered":"Diplomatia | Ajetaanko Stubbia uuteen, painavaan teht\u00e4v\u00e4\u00e4n? T\u00e4m\u00e4 asiasta tiedet\u00e4\u00e4n&nbsp;&nbsp;HS.fi L\u00e4hteet: Stubbille kaavaillaan uutta j\u00e4ttipesti\u00e4&nbsp;&nbsp;Iltalehti Laatulehti rankkasi Stubbin&hellip;\n","protected":false},"author":2,"featured_media":142485,"comment_status":"","ping_status":"","sticky":false,"template":"","format":"standard","meta":{"footnotes":""},"categories":[5],"tags":[22,23,26,27,33,31,30,17,46,24,25,28,29,15,18,21,32,19,20,16],"class_list":{"0":"post-142484","1":"post","2":"type-post","3":"status-publish","4":"format-standard","5":"has-post-thumbnail","7":"category-otsikot","8":"tag-breaking-news","9":"tag-breakingnews","10":"tag-featured-news","11":"tag-featurednews","12":"tag-fi","13":"tag-finland","14":"tag-finnish","15":"tag-headlines","16":"tag-helsingin-sanomat","17":"tag-latest-news","18":"tag-latestnews","19":"tag-main-news","20":"tag-mainnews","21":"tag-news","22":"tag-otsikot","23":"tag-paauutiset","24":"tag-suomi","25":"tag-top-stories","26":"tag-topstories","27":"tag-uutiset"},"share_on_mastodon":{"url":"https:\/\/pubeurope.com\/@fi\/115895980658821439","error":""},"_links":{"self":[{"href":"https:\/\/www.europesays.com\/fi\/wp-json\/wp\/v2\/posts\/142484","targetHints":{"allow":["GET"]}}],"collection":[{"href":"https:\/\/www.europesays.com\/fi\/wp-json\/wp\/v2\/posts"}],"about":[{"href":"https:\/\/www.europesays.com\/fi\/wp-json\/wp\/v2\/types\/post"}],"author":[{"embeddable":true,"href":"https:\/\/www.europesays.com\/fi\/wp-json\/wp\/v2\/users\/2"}],"replies":[{"embeddable":true,"href":"https:\/\/www.europesays.com\/fi\/wp-json\/wp\/v2\/comments?post=142484"}],"version-history":[{"count":0,"href":"https:\/\/www.europesays.com\/fi\/wp-json\/wp\/v2\/posts\/142484\/revisions"}],"wp:featuredmedia":[{"embeddable":true,"href":"https:\/\/www.europesays.com\/fi\/wp-json\/wp\/v2\/media\/142485"}],"wp:attachment":[{"href":"https:\/\/www.europesays.com\/fi\/wp-json\/wp\/v2\/media?parent=142484"}],"wp:term":[{"taxonomy":"category","embeddable":true,"href":"https:\/\/www.europesays.com\/fi\/wp-json\/wp\/v2\/categories?post=142484"},{"taxonomy":"post_tag","embeddable":true,"href":"https:\/\/www.europesays.com\/fi\/wp-json\/wp\/v2\/tags?post=142484"}],"curies":[{"name":"wp","href":"https:\/\/api.w.org\/{rel}","templated":true}]}}