{"id":142488,"date":"2026-01-14T23:25:09","date_gmt":"2026-01-14T23:25:09","guid":{"rendered":"https:\/\/www.europesays.com\/fi\/142488\/"},"modified":"2026-01-14T23:25:09","modified_gmt":"2026-01-14T23:25:09","slug":"lapsuuden-varjoista-valokeilaan-etan-umk-biisi-on-selviytymistarina-ja-rakkaudenosoitus-aidille-umk","status":"publish","type":"post","link":"https:\/\/www.europesays.com\/fi\/142488\/","title":{"rendered":"Lapsuuden varjoista valokeilaan \u2013 Etan UMK-biisi on selviytymistarina ja rakkaudenosoitus \u00e4idille | UMK"},"content":{"rendered":"<p class=\"aw-1gybjub aw-1p7kakr kEtdKx cEmitX yle__article__paragraph\"><strong class=\"aw-ak79eh KyCXm yle__article__strong\">Etta<\/strong>, oikealta nimelt\u00e4\u00e4n <strong class=\"aw-ak79eh KyCXm yle__article__strong\">Emmalotta Kanth<\/strong>, kuvailee itse\u00e4\u00e4n laulajaksi, r\u00e4pp\u00e4riksi ja suorapuheiseksi tunteiden k\u00e4sittelij\u00e4ksi, jonka tarina on kulkenut Vantaan l\u00e4hi\u00f6ist\u00e4 Suomen isoimmille lavoille. H\u00e4n varttui yksinhuoltaja\u00e4idin kasvattamana yhdess\u00e4 nelj\u00e4n vanhemman sisaruksensa kanssa.<\/p>\n<p class=\"aw-1gybjub aw-1p7kakr kEtdKx cEmitX yle__article__paragraph\">Lapsuus oli t\u00e4ynn\u00e4 musiikkia: kotona soi aina musa, vanhemmat veljet olivat todella musikaalisia ja suvun juhlissa pienin sisarus laitettiin aina laulamaan. Koulussa h\u00e4n vietti p\u00e4iv\u00e4ns\u00e4 musaluokassa laulaen ja poikkihuilua soittaen.<\/p>\n<p class=\"aw-1gybjub aw-1p7kakr kEtdKx cEmitX yle__article__paragraph\">\u2013 M\u00e4 en valinnut musaa, musa valitsi mut, Etta kuvailee.<\/p>\n<p><img decoding=\"async\" alt=\"Artisti Etta poseeraa UMK-artistikuvassa.\" src=\"https:\/\/www.europesays.com\/fi\/wp-content\/uploads\/2026\/01\/39-158133969679ac0257ba.png\" loading=\"lazy\" class=\"aw-1l9m598 hKVVvP\"\/><\/p>\n<p>Avaa kuvien katselu<\/p>\n<p>Etta kilpailee UMK:ssa kappaleellaan \u201dMillion Dollar Smile\u201d. Kuva: Miska Voinoff \/ Yle10-vuotiaasta ujosta pikkutyt\u00f6st\u00e4 listaykk\u00f6seksi<\/p>\n<p class=\"aw-1gybjub aw-1p7kakr kEtdKx cEmitX yle__article__paragraph\">10-vuotiaana Etta osallistui <strong class=\"aw-ak79eh KyCXm yle__article__strong\">Aretha Franklinin<\/strong> Respect-kappaleella Talent-ohjelmaan ja lauloi itsens\u00e4 semifinaaliin asti. Eroperheess\u00e4 kasvanut Etta l\u00f6ysi Franklinin tuotannon is\u00e4ns\u00e4 luona olleen singstarin kautta. Talentin lavalla ujosta pikkutyt\u00f6st\u00e4 kuoriutui suuria tunteita tulkitseva esiintyj\u00e4, jota oma \u00e4iti ylpe\u00e4n\u00e4 katsoi yleis\u00f6st\u00e4.<\/p>\n<p class=\"aw-1gybjub aw-1p7kakr kEtdKx cEmitX yle__article__paragraph\">Yl\u00e4asteen vaikea teiniaika vei huomion hetkeksi pois musiikista, mutta lukiossa musiikki palasi t\u00e4ysill\u00e4 kuvioihin ex-poikayst\u00e4v\u00e4 <strong class=\"aw-ak79eh KyCXm yle__article__strong\">Lukas Leonin<\/strong> my\u00f6t\u00e4. H\u00e4nen ansiostaan Etta innostui my\u00f6s r\u00e4pist\u00e4.<\/p>\n<p class=\"aw-1gybjub aw-1p7kakr kEtdKx cEmitX yle__article__paragraph\">Ensimm\u00e4inen viraalivideo syntyi veli <strong class=\"aw-ak79eh KyCXm yle__article__strong\">Vilikasperin<\/strong> yksi\u00f6ss\u00e4 Viikiss\u00e4. Vilikasper teki biitin, Etta itse kirjoitti sanat ja sisarukset latasivat sen Facebookiin. Video l\u00e4hti lentoon, jonka my\u00f6t\u00e4 kaikki isot levy-yhti\u00f6t ottivat yhteytt\u00e4.<\/p>\n<p class=\"aw-1gybjub aw-1p7kakr kEtdKx cEmitX yle__article__paragraph\">\u2013 Se oli ihan sekop\u00e4ist\u00e4. Yht\u00e4kki\u00e4 kaikki natsas. Mutta samaan aikaan kommenttikent\u00e4t oli t\u00e4ytt\u00e4 myrkky\u00e4. Se oli kylm\u00e4 suihku.<\/p>\n<p class=\"aw-1gybjub aw-1p7kakr kEtdKx cEmitX yle__article__paragraph\">Debyyttisingle Ballerina (2018) teki Etasta nopeasti yhden Suomen kiinnostavimmista uusista artisteista. H\u00e4n sanoo joutuneensa tekem\u00e4\u00e4n kolminkertaisen m\u00e4\u00e4r\u00e4n t\u00f6it\u00e4 saadakseen saman arvostuksen kuin miespuoliset kollegat.<\/p>\n<p class=\"aw-1gybjub aw-1p7kakr kEtdKx cEmitX yle__article__paragraph\">\u2013 Mut on lokeroitu v\u00e4lill\u00e4 naisr\u00e4pp\u00e4riksi, v\u00e4lill\u00e4 poppariksi. Mutta oikeesti m\u00e4 oon artisti. Se ett\u00e4 pystyn sek\u00e4 r\u00e4pp\u00e4\u00e4m\u00e4\u00e4n ett\u00e4 laulamaan, se on mun supervoima.<\/p>\n<p><img decoding=\"async\" alt=\"Kuvassa Etta UMK musavideokuvauksissa.\" src=\"https:\/\/www.europesays.com\/fi\/wp-content\/uploads\/2026\/01\/39-15815316968050ca78e1.jpeg\" loading=\"lazy\" class=\"aw-1l9m598 hKVVvP\"\/><\/p>\n<p>Avaa kuvien katselu<\/p>\n<p>UMK tuntuu Etan mukaan t\u00e4ydelliselt\u00e4 hetkelt\u00e4 k\u00e4\u00e4nt\u00e4\u00e4 uusi sivu: \u201d Mulla ei oo en\u00e4\u00e4 pelkoa j\u00e4ljell\u00e4. On vaan palo.\u201d Kuva: Nelli Kentt\u00e4 \/ Yle<\/p>\n<p class=\"aw-1gybjub aw-1p7kakr kEtdKx cEmitX yle__article__paragraph\">Etta alkoi keikkailla tiiviisti ja julkaisi seuraavana vuonna 10 ja 10+ nimiset EP:t.<\/p>\n<p class=\"aw-1gybjub aw-1p7kakr kEtdKx cEmitX yle__article__paragraph\">Debyyttialbumi Tytt\u00f6 (2021) sis\u00e4lsi hitiksi nousseen \u00c4mm\u00e4-kappaleen, joka l\u00f6ysi tiens\u00e4 erityisesti nuorten syd\u00e4miin. Seuraavalla albumillaan Tykk\u00e4\u00e4t kummiski (2022) Etta teki suomir\u00e4pin historiaa olemalla ensimm\u00e4inen nainen, jonka albumi nousi Suomen virallisen albumilistan ykk\u00f6seksi.<\/p>\n<p class=\"aw-1gybjub aw-1p7kakr kEtdKx cEmitX yle__article__paragraph\">Isoimmat haavat Etta purki vasta vuonna 2023 julkaistussa Demoneista yst\u00e4vii -kappaleessa ja seuraavana vuonna T\u00e4htisumua-albumillaan.<\/p>\n<p class=\"aw-1gybjub aw-1p7kakr kEtdKx cEmitX yle__article__paragraph\">\u2013 Demoneista yst\u00e4vii oli eka biisi, jossa uskalsin olla ihan paljaana. Sen j\u00e4lkeen tajusin, ett\u00e4 mit\u00e4 henkil\u00f6kohtaisemman kappaleen kirjoitan, sit\u00e4 universaalimpi siit\u00e4 tulee.<\/p>\n<p class=\"aw-1gybjub aw-1p7kakr kEtdKx cEmitX yle__article__paragraph\">Vuonna 2024 Etta p\u00e4\u00e4tyi l\u00e4mmittelij\u00e4ksi PMMP:n areenakiertueelle \u2013 b\u00e4ndin kanssa, jota h\u00e4n oli kuunnellut jo lapsena.<\/p>\n<p class=\"aw-1gybjub aw-1p7kakr kEtdKx cEmitX yle__article__paragraph\">\u2013 Kun kuulin, ett\u00e4 Paula ja Mira haluaa juuri minut mukaan kiertueelle, oli se niin iso kunnia, et meinas syd\u00e4n haljeta.<\/p>\n<p><img decoding=\"async\" alt=\"Etta UMK26-musavideokuvauksissa.\" src=\"https:\/\/www.europesays.com\/fi\/wp-content\/uploads\/2026\/01\/39-15815326968063a89e19.jpeg\" loading=\"lazy\" class=\"aw-1l9m598 hKVVvP\"\/><\/p>\n<p>Avaa kuvien katselu<\/p>\n<p>Kappaleen musiikkivideossa noustaan lapsuuden varjoista j\u00e4ttistadionin valokeilaan. Kuva: Nelli Kentt\u00e4 \/ YleSaamelaisuus kulkee mukana<\/p>\n<p class=\"aw-1gybjub aw-1p7kakr kEtdKx cEmitX yle__article__paragraph\">Etan \u00e4idin puolen juuret ovat Utsjoella. H\u00e4n kertoo, ett\u00e4 \u00e4idin is\u00e4n \u00e4iti oli kotoisin Utsjoelta, ja vaikka saamelaisuus ei n\u00e4y h\u00e4nen arjessaan kielen tai tapojen kautta, se on suvulle suuri ylpeyden aihe.<\/p>\n<p class=\"aw-1gybjub aw-1p7kakr kEtdKx cEmitX yle__article__paragraph\">\u2013 Se n\u00e4kyy meid\u00e4n tarinoissa, estetiikassa ja jopa ulkon\u00e4\u00f6ss\u00e4. Meill\u00e4 on kuvissa mummini saamelaispuvuissa, ja \u00e4idill\u00e4 on yh\u00e4 pieni maapl\u00e4ntti tunturien keskell\u00e4. Kalastusluvatkin l\u00f6ytyy, Etta nauraa.<\/p>\n<p class=\"aw-1gybjub aw-1p7kakr kEtdKx cEmitX yle__article__paragraph\">Saamelaiset juuret ovat h\u00e4nelle voiman l\u00e4hde etenkin heikkoina hetkin\u00e4.<\/p>\n<p class=\"aw-1gybjub aw-1p7kakr kEtdKx cEmitX yle__article__paragraph\">\u2013 Mun suonissa virtaa se Lapin taika. Kun tarvitsen rohkeutta, m\u00e4 muistan mist\u00e4 me tullaan.<\/p>\n<p class=\"aw-1gybjub aw-1p7kakr kEtdKx cEmitX yle__article__paragraph\">Joikuperinne on yh\u00e4 l\u00e4sn\u00e4 Etan suvussa. Daniels Joik -kappale on h\u00e4nelle erityisen merkityksellinen.<\/p>\n<p class=\"aw-1gybjub aw-1p7kakr kEtdKx cEmitX yle__article__paragraph\">\u2013 Kuunneltiin sit\u00e4 veljen kanssa lavan takana ennen kuin menin esiintym\u00e4\u00e4n Blockfestin p\u00e4\u00e4lavalle. Siit\u00e4 sai hirve\u00e4sti voimaa ja se on osa meit\u00e4, vaikka kieli ei olekaan suoraan periytynyt meille.<\/p>\n<p>Sairaus vei hiukset ja pakotti kasvamaan aikuiseksi<\/p>\n<p class=\"aw-1gybjub aw-1p7kakr kEtdKx cEmitX yle__article__paragraph\">Kymmenvuotiaana Etta sairastui Alopecia universalikseen. Kyseess\u00e4 on autoimmuunisairaus, jonka johdosta muun muassa hiukset, kulmakarvat ja ripset l\u00e4htev\u00e4t.<\/p>\n<p class=\"aw-1gybjub aw-1p7kakr kEtdKx cEmitX yle__article__paragraph\">Muutos tapahtui nopeasti, ja lapsen identiteetti repesi kertaheitolla.<\/p>\n<p class=\"aw-1gybjub aw-1p7kakr kEtdKx cEmitX yle__article__paragraph\">\u2013 Joka aamu peilist\u00e4 katsoi takaisin joku vieras. Se oli pelottavaa. Mun lapsuus loppui siin\u00e4 hetkess\u00e4 aikuiseksi olemisen pakosta, Etta toteaa.<\/p>\n<p class=\"aw-1gybjub aw-1p7kakr kEtdKx cEmitX yle__article__paragraph\">Sairauden n\u00e4kyvyys teki koulusta taistelukent\u00e4n. Katseet, kuiskailut ja suorat kommentit olivat arkip\u00e4iv\u00e4\u00e4.<\/p>\n<p class=\"aw-1gybjub aw-1p7kakr kEtdKx cEmitX yle__article__paragraph\">\u2013 Lapset voivat olla tosi julmia. Joskus tuntui silt\u00e4, ettei kukaan n\u00e4hnyt mua ihmisen\u00e4, vaan ainoastaan mun ulkon\u00e4\u00f6n kautta.<\/p>\n<p class=\"aw-1gybjub aw-1p7kakr kEtdKx cEmitX yle__article__paragraph\">Kun hiukset l\u00e4htiv\u00e4t, Etta menetti lapsen silmiss\u00e4 paljon enemm\u00e4n kuin osasi pukea sanoiksi. Hiusten mukana katosi suojakuori sek\u00e4 mahdollisuus olla osa ryhm\u00e4\u00e4 ja sulautua joukkoon.<\/p>\n<p class=\"aw-1gybjub aw-1p7kakr kEtdKx cEmitX yle__article__paragraph\">H\u00e4n oppi nopeasti selvi\u00e4m\u00e4\u00e4n yksin.<\/p>\n<p class=\"aw-1gybjub aw-1p7kakr kEtdKx cEmitX yle__article__paragraph\">\u2013 Mun toinen kruunu vietiin, mutta se loi sen sisun, joka on kantanut mut t\u00e4h\u00e4n p\u00e4iv\u00e4\u00e4n asti. Se on se mun oikea kruunu. Se on mun \u201cMillion dollar smile\u201d.<\/p>\n<p>Katso Etan haastattelu artistijulkistustilaisuudesta\u00c4idilt\u00e4 peritty \u201cMillion dollar smile\u201d<\/p>\n<p class=\"aw-1gybjub aw-1p7kakr kEtdKx cEmitX yle__article__paragraph\">Etta kertoo, ettei ole koskaan halunnut hakea UMK:hon \u201cv\u00e4kisin\u201d. Biisin piti olla juuri sopiva.<\/p>\n<p class=\"aw-1gybjub aw-1p7kakr kEtdKx cEmitX yle__article__paragraph\">Kes\u00e4ll\u00e4 2025 se hetki koitti, kun Etta oli tekem\u00e4ss\u00e4 biisi\u00e4 <strong class=\"aw-ak79eh KyCXm yle__article__strong\">Kaisa Korhosen<\/strong>, <strong class=\"aw-ak79eh KyCXm yle__article__strong\">Iiro Paakkarin<\/strong> ja <strong class=\"aw-ak79eh KyCXm yle__article__strong\">Arttu Istalan<\/strong> kanssa. Teemaksi nousivat lapsuuden kipu ja haasteet, sis\u00e4inen lapsi sek\u00e4 \u00e4idin rohkaisevat lauseet.<\/p>\n<p class=\"aw-1gybjub aw-1p7kakr kEtdKx cEmitX yle__article__paragraph\">\u2013 Million dollar smile. Se on se hymy, jonka \u00e4iti opetti. Se voima, joka ei kaadu vaikka el\u00e4m\u00e4 koittaa kuinka kaataa.<\/p>\n<p class=\"aw-1gybjub aw-1p7kakr kEtdKx cEmitX yle__article__paragraph\">Kappaleen musiikkivideossa noustaan lapsuuden varjoista j\u00e4ttistadionin valokeilaan.<\/p>\n<p class=\"aw-1gybjub aw-1p7kakr kEtdKx cEmitX yle__article__paragraph\">\u2013 T\u00e4\u00e4 on ollut pitk\u00e4 prosessi. M\u00e4 haluun antaa mun 10-vuotiaalle itselle sen hetken, jonka h\u00e4n ansaitsee.<\/p>\n<p class=\"aw-1gybjub aw-1p7kakr kEtdKx cEmitX yle__article__paragraph\">UMK tuntuu Etan mukaan t\u00e4ydelliselt\u00e4 hetkelt\u00e4 k\u00e4\u00e4nt\u00e4\u00e4 uusi sivu.<\/p>\n<p class=\"aw-1gybjub aw-1p7kakr kEtdKx cEmitX yle__article__paragraph\">\u2013 Mulla ei oo en\u00e4\u00e4 pelkoa j\u00e4ljell\u00e4. On vaan palo. Ja haluun n\u00e4ytt\u00e4\u00e4 suomalaisille kuka m\u00e4 oon oikeesti.<\/p>\n<p class=\"aw-1gybjub aw-1p7kakr kEtdKx cEmitX yle__article__paragraph\">Etta toivoo, ett\u00e4 Million dollar smile osuu ihmisten syd\u00e4meen juuri siksi, mit\u00e4 se h\u00e4nelle itselleen merkitsee.<\/p>\n<p class=\"aw-1gybjub aw-1p7kakr kEtdKx cEmitX yle__article__paragraph\">\u2013 M\u00e4 haluun olla legenda. Mut t\u00e4rkeint\u00e4 on se, ett\u00e4 voin vanhana kiikkustuolissa sanoa: \u201cVittu m\u00e4 elin\u201d.<\/p>\n","protected":false},"excerpt":{"rendered":"Etta, oikealta nimelt\u00e4\u00e4n Emmalotta Kanth, kuvailee itse\u00e4\u00e4n laulajaksi, r\u00e4pp\u00e4riksi ja suorapuheiseksi tunteiden k\u00e4sittelij\u00e4ksi, jonka tarina on kulkenut Vantaan&hellip;\n","protected":false},"author":2,"featured_media":142489,"comment_status":"","ping_status":"","sticky":false,"template":"","format":"standard","meta":{"footnotes":""},"categories":[133],"tags":[137,24480,33,31,30,32,206,156,906,12646,109],"class_list":{"0":"post-142488","1":"post","2":"type-post","3":"status-publish","4":"format-standard","5":"has-post-thumbnail","7":"category-televisiot","8":"tag-entertainment","9":"tag-etta","10":"tag-fi","11":"tag-finland","12":"tag-finnish","13":"tag-suomi","14":"tag-televisiot","15":"tag-tv","16":"tag-umk","17":"tag-umk26","18":"tag-viihde"},"share_on_mastodon":{"url":"https:\/\/pubeurope.com\/@fi\/115896039732908066","error":""},"_links":{"self":[{"href":"https:\/\/www.europesays.com\/fi\/wp-json\/wp\/v2\/posts\/142488","targetHints":{"allow":["GET"]}}],"collection":[{"href":"https:\/\/www.europesays.com\/fi\/wp-json\/wp\/v2\/posts"}],"about":[{"href":"https:\/\/www.europesays.com\/fi\/wp-json\/wp\/v2\/types\/post"}],"author":[{"embeddable":true,"href":"https:\/\/www.europesays.com\/fi\/wp-json\/wp\/v2\/users\/2"}],"replies":[{"embeddable":true,"href":"https:\/\/www.europesays.com\/fi\/wp-json\/wp\/v2\/comments?post=142488"}],"version-history":[{"count":0,"href":"https:\/\/www.europesays.com\/fi\/wp-json\/wp\/v2\/posts\/142488\/revisions"}],"wp:featuredmedia":[{"embeddable":true,"href":"https:\/\/www.europesays.com\/fi\/wp-json\/wp\/v2\/media\/142489"}],"wp:attachment":[{"href":"https:\/\/www.europesays.com\/fi\/wp-json\/wp\/v2\/media?parent=142488"}],"wp:term":[{"taxonomy":"category","embeddable":true,"href":"https:\/\/www.europesays.com\/fi\/wp-json\/wp\/v2\/categories?post=142488"},{"taxonomy":"post_tag","embeddable":true,"href":"https:\/\/www.europesays.com\/fi\/wp-json\/wp\/v2\/tags?post=142488"}],"curies":[{"name":"wp","href":"https:\/\/api.w.org\/{rel}","templated":true}]}}