{"id":142490,"date":"2026-01-14T23:29:09","date_gmt":"2026-01-14T23:29:09","guid":{"rendered":"https:\/\/www.europesays.com\/fi\/142490\/"},"modified":"2026-01-14T23:29:09","modified_gmt":"2026-01-14T23:29:09","slug":"taitoluistelu-iida-karhunen-pettyi-em-kisoissa-harjoituksissa-kaikki-meni-hyvin","status":"publish","type":"post","link":"https:\/\/www.europesays.com\/fi\/142490\/","title":{"rendered":"Taitoluistelu: Iida Karhunen pettyi EM-kisoissa: \u201dHarjoituksissa kaikki meni hyvin\u201d"},"content":{"rendered":"<p>Taitoluistelu|Iida Karhunen luisteli ensimm\u00e4isen\u00e4 suomalaisena taitoluistelun EM-kisoissa.<\/p>\n<p class=\"article-body mb-nof-24 px-nof-16\">Suomen <a class=\"font-bold underline-offset-[0.12em] [text-decoration:var(--person-link-text-decoration)] ![text-decoration-color:var(--person-link-text-decoration-color)]\" href=\"https:\/\/www.hs.fi\/haku\/?query=Iida%20Karhunen\" rel=\"nofollow noopener\" target=\"_blank\">Iida Karhunen<\/a>, 17, avasi taitoluistelun EM-kisat suomalaisten osalta keskiviikkona. H\u00e4n on lyhytohjelman j\u00e4lkeen kilpailussa sijalla 16. pistein 53,73.<\/p>\n<p class=\"article-body mb-nof-24 px-nof-16\">Aikuisten arvokisoissa debytoiva Karhunen varmisti paikan perjantain vapaaohjelmaan, mutta oli pettynyt esityksens\u00e4 j\u00e4lkeen. H\u00e4n kaatui kerran ohjelmansa aikana.<\/p>\n<p class=\"article-body mb-nof-24 px-nof-16\">\u201dSuoritukseen olen tosi pettynyt. En kyll\u00e4 odottanut, ett\u00e4 tapahtuisi mit\u00e4\u00e4n tuollaista. Harjoituksissa ja l\u00e4mmittelyss\u00e4 kaikki meni hyvin\u201d, Karhunen sanoi kilpailun j\u00e4lkeen.<\/p>\n<p class=\"article-body mb-nof-24 px-nof-16\">\u201dEn oikein osaa sanoa, ett\u00e4 mit\u00e4 siin\u00e4 tapahtui. Se meni ihan sekaisin\u201d; h\u00e4n kuvaili my\u00f6hemmin Ylen haastattelussa.<\/p>\n<p class=\"article-body mb-nof-24 px-nof-16\">Kylm\u00e4hermoisuudestaan tunnettu lupaus totesi, ettei pieni ep\u00e4onnistuminen mennyt j\u00e4nnityksen piikkiin.<\/p>\n<p class=\"article-body mb-nof-24 px-nof-16\">\u201dKyll\u00e4 mua v\u00e4h\u00e4n j\u00e4nnitti, mutta ei mitenk\u00e4\u00e4n erityisesti. T\u00e4n\u00e4\u00e4n ei vain ollut mun p\u00e4iv\u00e4\u201d, Karhunen sanoi.<\/p>\n<p><img decoding=\"async\" src=\"https:\/\/www.europesays.com\/fi\/wp-content\/uploads\/2026\/01\/1768433349_849_468.jpg\" alt=\"Iida Karhunen luistelee ensimm\u00e4ist\u00e4 kauttaan aikuisten sarjassa.\" class=\"_Img_1rerz_1\" style=\"aspect-ratio:1.5\" loading=\"eager\"\/><\/p>\n<p class=\"article-picture-caption\">Iida Karhunen luistelee ensimm\u00e4ist\u00e4 kauttaan aikuisten sarjassa. Kuva:\u00a0Eeva Valtokari<\/p>\n<p class=\"article-body mb-nof-24 px-nof-16\">Naisten yksinluistelun hallitseva EM-kultamitalisti, Viron <a class=\"font-bold underline-offset-[0.12em] [text-decoration:var(--person-link-text-decoration)] ![text-decoration-color:var(--person-link-text-decoration-color)]\" href=\"https:\/\/www.hs.fi\/haku\/?query=Niina%20Petrokina\" rel=\"nofollow noopener\" target=\"_blank\">Niina Petrokina<\/a> johtaa kilpailua lyhytohjelman j\u00e4lkeen. Viime vuonna kotikisoissaan Tallinnassa onnistunut Petrokina saavutti huippupisteet 70,61.<\/p>\n<p class=\"article-body mb-nof-24 px-nof-16\">Belgian <a class=\"font-bold underline-offset-[0.12em] [text-decoration:var(--person-link-text-decoration)] ![text-decoration-color:var(--person-link-text-decoration-color)]\" href=\"https:\/\/www.hs.fi\/haku\/?query=Nina%20Pinzarrone\" rel=\"nofollow noopener\" target=\"_blank\">Nina Pinzarrone<\/a> ja Italian <a class=\"font-bold underline-offset-[0.12em] [text-decoration:var(--person-link-text-decoration)] ![text-decoration-color:var(--person-link-text-decoration-color)]\" href=\"https:\/\/www.hs.fi\/haku\/?query=Anna%20Pezzetta\" rel=\"nofollow noopener\" target=\"_blank\">Anna Pezzetta<\/a> ovat toisena ja kolmantena pistein 64,97 ja 64,85.<\/p>\n<p class=\"article-body mb-nof-24 px-nof-16\">Ylen selostajat ja asiantuntijat <a class=\"font-bold underline-offset-[0.12em] [text-decoration:var(--person-link-text-decoration)] ![text-decoration-color:var(--person-link-text-decoration-color)]\" href=\"https:\/\/www.hs.fi\/haku\/?query=Sara%20Honkavaara\" rel=\"nofollow noopener\" target=\"_blank\">Sara Honkavaara<\/a> ja <a class=\"font-bold underline-offset-[0.12em] [text-decoration:var(--person-link-text-decoration)] ![text-decoration-color:var(--person-link-text-decoration-color)]\" href=\"https:\/\/www.hs.fi\/haku\/?query=Mika%20Saarelainen\" rel=\"nofollow noopener\" target=\"_blank\">Mika Saarelainen<\/a> eiv\u00e4t tylytt\u00e4neet Karhusen suoritusta, vaan kehuivat 17-vuotiasta.<\/p>\n<p class=\"article-body mb-nof-24 px-nof-16\">\u201dT\u00e4m\u00e4 ei ollut mill\u00e4\u00e4n muotoa huono, haluan korostaa sit\u00e4. Vaikka sinne tulee tuo yksi virhe, niin t\u00e4m\u00e4 oli kyll\u00e4 kokonaisuus. H\u00e4nell\u00e4 on todella taidokkaat elementit\u201d, Saarelainen arvioi.<\/p>\n<p class=\"article-body mb-nof-24 px-nof-16\">\u201dT\u00e4m\u00e4 oli eritt\u00e4in hyv\u00e4 debyytti\u201d, h\u00e4n kehui.<\/p>\n<p class=\"article-body mb-nof-24 px-nof-16\">\u201dPisteet ovat vaatimattomat sen takia, ett\u00e4 Iida on luistellut yli 60 pistett\u00e4. Mutta vapaaohjelmassa p\u00e4\u00e4see paikkaamaan\u201d, Honkavaara muistutti.<\/p>\n<p><img decoding=\"async\" src=\"https:\/\/www.europesays.com\/fi\/wp-content\/uploads\/2026\/01\/1768433349_236_468.jpg\" alt=\"Iida Karhunen on 2,48 pisteen p\u00e4\u00e4ss\u00e4 kymmenennest\u00e4 sijasta. Sijoituis k\u00e4rkikymmenikk\u00f6\u00f6n varmistaisi Suomelle toisen maapaikan ensi vuoden EM-kisoihin.\" class=\"_Img_1rerz_1\" style=\"aspect-ratio:1.5011727912431587\" loading=\"eager\"\/><\/p>\n<p class=\"article-picture-caption\">Iida Karhunen on 2,48 pisteen p\u00e4\u00e4ss\u00e4 kymmenennest\u00e4 sijasta. Sijoituis k\u00e4rkikymmenikk\u00f6\u00f6n varmistaisi Suomelle toisen maapaikan ensi vuoden EM-kisoihin. Kuva:\u00a0Juha Salminen \/ HS<\/p>\n<p class=\"article-body mb-nof-24 px-nof-16\">Naisten vapaaohjelma luistellaan Sheffieldiss\u00e4 perjantaina.<\/p>\n<p class=\"article-body mb-nof-24 px-nof-16\">\u201dHaluan antaa vapaaohjelmassa kaikkeni ja n\u00e4ytt\u00e4\u00e4, mihin oikeasti pystyn\u201d, Karhunen totesi.<\/p>\n<p class=\"article-body mb-nof-24 px-nof-16\">Torstaina suomalaisista j\u00e4\u00e4ll\u00e4 n\u00e4hd\u00e4\u00e4n <a class=\"font-bold underline-offset-[0.12em] [text-decoration:var(--person-link-text-decoration)] ![text-decoration-color:var(--person-link-text-decoration-color)]\" href=\"https:\/\/www.hs.fi\/haku\/?query=Matias%20Lindfors\" rel=\"nofollow noopener\" target=\"_blank\">Matias Lindfors<\/a>. H\u00e4n luistelee ensimm\u00e4isen\u00e4 kello 15.00 alkavassa miesten lyhytohjelmassa.<\/p>\n<p class=\"article-body mb-nof-24 px-nof-16\">Ensimm\u00e4iset mitalit ratkotaan torstai-iltana parien vapaaohjelmassa, jossa ei ole mukana suomalaisia.<\/p>\n","protected":false},"excerpt":{"rendered":"Taitoluistelu|Iida Karhunen luisteli ensimm\u00e4isen\u00e4 suomalaisena taitoluistelun EM-kisoissa. Suomen Iida Karhunen, 17, avasi taitoluistelun EM-kisat suomalaisten osalta keskiviikkona. H\u00e4n&hellip;\n","protected":false},"author":2,"featured_media":142491,"comment_status":"","ping_status":"","sticky":false,"template":"","format":"standard","meta":{"footnotes":""},"categories":[158],"tags":[33,31,30,46,159,32,160],"class_list":{"0":"post-142490","1":"post","2":"type-post","3":"status-publish","4":"format-standard","5":"has-post-thumbnail","7":"category-urheilu","8":"tag-fi","9":"tag-finland","10":"tag-finnish","11":"tag-helsingin-sanomat","12":"tag-sports","13":"tag-suomi","14":"tag-urheilu"},"share_on_mastodon":{"url":"https:\/\/pubeurope.com\/@fi\/115896055569273710","error":""},"_links":{"self":[{"href":"https:\/\/www.europesays.com\/fi\/wp-json\/wp\/v2\/posts\/142490","targetHints":{"allow":["GET"]}}],"collection":[{"href":"https:\/\/www.europesays.com\/fi\/wp-json\/wp\/v2\/posts"}],"about":[{"href":"https:\/\/www.europesays.com\/fi\/wp-json\/wp\/v2\/types\/post"}],"author":[{"embeddable":true,"href":"https:\/\/www.europesays.com\/fi\/wp-json\/wp\/v2\/users\/2"}],"replies":[{"embeddable":true,"href":"https:\/\/www.europesays.com\/fi\/wp-json\/wp\/v2\/comments?post=142490"}],"version-history":[{"count":0,"href":"https:\/\/www.europesays.com\/fi\/wp-json\/wp\/v2\/posts\/142490\/revisions"}],"wp:featuredmedia":[{"embeddable":true,"href":"https:\/\/www.europesays.com\/fi\/wp-json\/wp\/v2\/media\/142491"}],"wp:attachment":[{"href":"https:\/\/www.europesays.com\/fi\/wp-json\/wp\/v2\/media?parent=142490"}],"wp:term":[{"taxonomy":"category","embeddable":true,"href":"https:\/\/www.europesays.com\/fi\/wp-json\/wp\/v2\/categories?post=142490"},{"taxonomy":"post_tag","embeddable":true,"href":"https:\/\/www.europesays.com\/fi\/wp-json\/wp\/v2\/tags?post=142490"}],"curies":[{"name":"wp","href":"https:\/\/api.w.org\/{rel}","templated":true}]}}