{"id":142492,"date":"2026-01-14T23:30:07","date_gmt":"2026-01-14T23:30:07","guid":{"rendered":"https:\/\/www.europesays.com\/fi\/142492\/"},"modified":"2026-01-14T23:30:07","modified_gmt":"2026-01-14T23:30:07","slug":"shirly-karvinen-tervehtyi-lomallaan-nyt-tuli-toinen-vaiva","status":"publish","type":"post","link":"https:\/\/www.europesays.com\/fi\/142492\/","title":{"rendered":"Shirly Karvinen tervehtyi lomallaan \u2013 nyt tuli toinen vaiva"},"content":{"rendered":"<p>Juontaja <strong>Shirly Karvinen<\/strong> lomailee parhaillaan Balilla. H\u00e4n on tehnyt lomaltaan ahkerasti p\u00e4ivityksi\u00e4. Niist\u00e4 on selvinnyt, kuinka h\u00e4n hyv\u00e4st\u00e4 k\u00e4sihygieniasta huolimatta sai mahaoireita. Ne veiv\u00e4t h\u00e4net v\u00e4lill\u00e4 sairaalaan. Mahaoireet kestiv\u00e4t usean p\u00e4iv\u00e4n ajan, mutta ne ovat vihdoin poissa.<\/p>\n<p>Nyt kun Shirlyn maha toimii taas kunnolla, h\u00e4n on saanut toisen vaivan. H\u00e4n kertoo siit\u00e4 sometarinoissaan.<\/p>\n<p>Lue my\u00f6s: <a href=\"https:\/\/www.voice.fi\/viihde\/halus-esitella-taas-pyllynsa-erika-vikmanin-sensuellit-lomakuvat-saivat-somen-pyorryksiin\" title=\"\u201dHalus esitell\u00e4 taas pyllyns\u00e4\u201d \u2013 Erika Vikmanin sensuellit lomakuvat saivat somen py\u00f6rryksiin\" class=\"underline-custom !font-montserrat !font-bold !underline-offset-4 !decoration-4 !decoration-tilt-light !text-md\" rel=\"nofollow noopener\" target=\"_blank\">\u201dHalus esitell\u00e4 taas pyllyns\u00e4\u201d \u2013 Erika Vikmanin sensuellit lomakuvat saivat somen py\u00f6rryksiin<\/a><\/p>\n<p>\u2013 Saa itsens\u00e4 terveeksi niin sitten teloo nilkan, kun k\u00e4velee vaan ravintolasta ulos, kertoo Karvinen k\u00e4yneen.<\/p>\n<p>Shirly on kehunut Balia siit\u00e4 huolimatta, ett\u00e4 h\u00e4n on joutunut k\u00e4rsim\u00e4\u00e4n siell\u00e4. H\u00e4n kertoi rakastavansa paikkaa. Ruokaa h\u00e4n kehuu tuoreeksi ja hyv\u00e4ksi joka puolella Balia, vaikka mahaoireet saattoivat johtua ruokamyrkytyksest\u00e4. Nyt h\u00e4n on alkanut miettim\u00e4\u00e4n, olisiko jo aika palata kotiin.<\/p>\n<p>\u2013 Olisiko aika palata arkeen, kun t\u00e4ss\u00e4 lomaillessa sattuu jotain koko ajan, mietiskelee Karvinen.<\/p>\n<p>Shirly tuntuu nauttineen lomastaan vaivoistaan huolimatta.<\/p>\n<p>\u2013 On ollu hitto sitkee p\u00f6p\u00f6, mut t\u00e4n j\u00e4lkeen uskallan sanoo, et se on nujerrettu, totesi Karvinen eilen.<\/p>\n<p><a href=\"https:\/\/www.instagram.com\/p\/DTdS4w9iXPF\/?utm_source=ig_web_copy_link&amp;igsh=MzRlODBiNWFlZA==\" target=\"_blank\" rel=\"noreferrer noopener nofollow\">Shirlyn julkaisu n\u00e4kyy t\u00e4\u00e4ll\u00e4<\/a> ja t\u00e4st\u00e4 alta.<\/p>\n<p>\t\t\t\t\t\t<script async src=\"\/\/www.instagram.com\/embed.js\"><\/script><\/p>\n","protected":false},"excerpt":{"rendered":"Juontaja Shirly Karvinen lomailee parhaillaan Balilla. H\u00e4n on tehnyt lomaltaan ahkerasti p\u00e4ivityksi\u00e4. Niist\u00e4 on selvinnyt, kuinka h\u00e4n hyv\u00e4st\u00e4&hellip;\n","protected":false},"author":2,"featured_media":142493,"comment_status":"","ping_status":"","sticky":false,"template":"","format":"standard","meta":{"footnotes":""},"categories":[130],"tags":[137,33,31,30,5457,32,109],"class_list":{"0":"post-142492","1":"post","2":"type-post","3":"status-publish","4":"format-standard","5":"has-post-thumbnail","7":"category-viihde","8":"tag-entertainment","9":"tag-fi","10":"tag-finland","11":"tag-finnish","12":"tag-shirly-karvinen","13":"tag-suomi","14":"tag-viihde"},"share_on_mastodon":{"url":"https:\/\/pubeurope.com\/@fi\/115896059312285771","error":""},"_links":{"self":[{"href":"https:\/\/www.europesays.com\/fi\/wp-json\/wp\/v2\/posts\/142492","targetHints":{"allow":["GET"]}}],"collection":[{"href":"https:\/\/www.europesays.com\/fi\/wp-json\/wp\/v2\/posts"}],"about":[{"href":"https:\/\/www.europesays.com\/fi\/wp-json\/wp\/v2\/types\/post"}],"author":[{"embeddable":true,"href":"https:\/\/www.europesays.com\/fi\/wp-json\/wp\/v2\/users\/2"}],"replies":[{"embeddable":true,"href":"https:\/\/www.europesays.com\/fi\/wp-json\/wp\/v2\/comments?post=142492"}],"version-history":[{"count":0,"href":"https:\/\/www.europesays.com\/fi\/wp-json\/wp\/v2\/posts\/142492\/revisions"}],"wp:featuredmedia":[{"embeddable":true,"href":"https:\/\/www.europesays.com\/fi\/wp-json\/wp\/v2\/media\/142493"}],"wp:attachment":[{"href":"https:\/\/www.europesays.com\/fi\/wp-json\/wp\/v2\/media?parent=142492"}],"wp:term":[{"taxonomy":"category","embeddable":true,"href":"https:\/\/www.europesays.com\/fi\/wp-json\/wp\/v2\/categories?post=142492"},{"taxonomy":"post_tag","embeddable":true,"href":"https:\/\/www.europesays.com\/fi\/wp-json\/wp\/v2\/tags?post=142492"}],"curies":[{"name":"wp","href":"https:\/\/api.w.org\/{rel}","templated":true}]}}