{"id":142504,"date":"2026-01-14T23:51:13","date_gmt":"2026-01-14T23:51:13","guid":{"rendered":"https:\/\/www.europesays.com\/fi\/142504\/"},"modified":"2026-01-14T23:51:13","modified_gmt":"2026-01-14T23:51:13","slug":"ylen-suosikkikasvo-palasi-hetkeksi-vanhaan-tyohonsa-urheilu-lyhyesti-yle-urheilu-yle","status":"publish","type":"post","link":"https:\/\/www.europesays.com\/fi\/142504\/","title":{"rendered":"Ylen suosikkikasvo palasi hetkeksi vanhaan ty\u00f6h\u00f6ns\u00e4 | Urheilu lyhyesti | Yle Urheilu &#8211; Yle"},"content":{"rendered":"<ol>\n<li><a href=\"https:\/\/news.google.com\/rss\/articles\/CBMiVkFVX3lxTE1WeGZkcTlzZ0Q2RU9YMHZFdWxPV24yZkRCRXRMQmZoNG5wcnlHd0FBcFZaZXZoXzZDa3F3cXQwdF8zbXhnUk1ZOHBEN1MxdzNwVkFWSjhB?oc=5\" target=\"_blank\" rel=\"nofollow noopener\">Ylen suosikkikasvo palasi hetkeksi vanhaan ty\u00f6h\u00f6ns\u00e4 | Urheilu lyhyesti | Yle Urheilu<\/a>&nbsp;&nbsp;Yle<\/li>\n<li><a href=\"https:\/\/news.google.com\/rss\/articles\/CBMiQkFVX3lxTE1lM3lnUEJ2cjNhUzBySHU3Y28yaHN1QV90OU15WUthbGx6NzhDLThCTHRsQU84Qkhpbks1M1NlaERMQQ?oc=5\" target=\"_blank\" rel=\"nofollow noopener\">Janne Ahoselta t\u00e4ysin uusi aluevaltaus \u2013 ryhtyy hurjaan urakkaan mahdollisessa olympialajissa<\/a>&nbsp;&nbsp;Yle<\/li>\n<li><a href=\"https:\/\/news.google.com\/rss\/articles\/CBMiX0FVX3lxTE5vSWpXQXZBM09CUXJMcFZ5cFBwX3MteGhFOXQ4eGhrTi05b3VFWmt4TWd0WDB5MXREVVFhT2NMSDJFQXhGajEza3k4NXF2UmRUcHl1dEN5MXk1YlpGZ3h3?oc=5\" target=\"_blank\" rel=\"nofollow noopener\">Veera Kauppi valittiin taas maailman parhaaksi<\/a>&nbsp;&nbsp;Ilta-Sanomat<\/li>\n<li><a href=\"https:\/\/news.google.com\/rss\/articles\/CBMibkFVX3lxTFB1clV5cDVzR0k5QmJfODgtTFZyNnVDS1JrbzVnZVhzaERUdU51ZERXand3MTJucnZiTFlHbWtscjFZUlYyQ0NwNmFrRE1rd2xTeFJpcHh0bUgyNmNKdUtWTGJZbkxZUUYxb1ZQTk1B?oc=5\" target=\"_blank\" rel=\"nofollow noopener\">Palkinnot | Porilaisesta ei tullut maailman parasta<\/a>&nbsp;&nbsp;Satakunnan Kansa<\/li>\n<li><a href=\"https:\/\/news.google.com\/rss\/articles\/CBMinwFBVV95cUxPNnJ0WjRwOTAxU08xXzg3ZDRBbkt0V1U1azgwcVZQbll2MXIwUkVYdC1xUW14R3I5eGFpQ01YYWR6bjZKM2l0RWduSW5MMnB0OV9iQ0VvX1NNZkJzNHg1N0N3RnhKVzJ3Q1l2NUxRcXNxUUpjTC1KU1N1dzBFTHc3TkZNZkRZVWRFVGNpMzJVeGpWaV9RUk1qRFVTTlhZQzA?oc=5\" target=\"_blank\" rel=\"nofollow noopener\">Veera Kauppi on j\u00e4lleen maailman paras \u2013 miehiss\u00e4 paras tulee Ruotsista<\/a>&nbsp;&nbsp;P\u00e4\u00e4kallo.fi<\/li>\n<\/ol>\n","protected":false},"excerpt":{"rendered":"Ylen suosikkikasvo palasi hetkeksi vanhaan ty\u00f6h\u00f6ns\u00e4 | Urheilu lyhyesti | Yle Urheilu&nbsp;&nbsp;Yle Janne Ahoselta t\u00e4ysin uusi aluevaltaus \u2013&hellip;\n","protected":false},"author":2,"featured_media":139428,"comment_status":"","ping_status":"","sticky":false,"template":"","format":"standard","meta":{"footnotes":""},"categories":[133],"tags":[20478,137,33,31,30,24175,2095,32,206,156,160,161,109],"class_list":{"0":"post-142504","1":"post","2":"type-post","3":"status-publish","4":"format-standard","5":"has-post-thumbnail","7":"category-televisiot","8":"tag-anna-liisa-tilus","9":"tag-entertainment","10":"tag-fi","11":"tag-finland","12":"tag-finnish","13":"tag-hiihdon-sm","14":"tag-hiihto","15":"tag-suomi","16":"tag-televisiot","17":"tag-tv","18":"tag-urheilu","19":"tag-urheilutapahtumat","20":"tag-viihde"},"share_on_mastodon":{"url":"https:\/\/pubeurope.com\/@fi\/115896141997114289","error":""},"_links":{"self":[{"href":"https:\/\/www.europesays.com\/fi\/wp-json\/wp\/v2\/posts\/142504","targetHints":{"allow":["GET"]}}],"collection":[{"href":"https:\/\/www.europesays.com\/fi\/wp-json\/wp\/v2\/posts"}],"about":[{"href":"https:\/\/www.europesays.com\/fi\/wp-json\/wp\/v2\/types\/post"}],"author":[{"embeddable":true,"href":"https:\/\/www.europesays.com\/fi\/wp-json\/wp\/v2\/users\/2"}],"replies":[{"embeddable":true,"href":"https:\/\/www.europesays.com\/fi\/wp-json\/wp\/v2\/comments?post=142504"}],"version-history":[{"count":0,"href":"https:\/\/www.europesays.com\/fi\/wp-json\/wp\/v2\/posts\/142504\/revisions"}],"wp:featuredmedia":[{"embeddable":true,"href":"https:\/\/www.europesays.com\/fi\/wp-json\/wp\/v2\/media\/139428"}],"wp:attachment":[{"href":"https:\/\/www.europesays.com\/fi\/wp-json\/wp\/v2\/media?parent=142504"}],"wp:term":[{"taxonomy":"category","embeddable":true,"href":"https:\/\/www.europesays.com\/fi\/wp-json\/wp\/v2\/categories?post=142504"},{"taxonomy":"post_tag","embeddable":true,"href":"https:\/\/www.europesays.com\/fi\/wp-json\/wp\/v2\/tags?post=142504"}],"curies":[{"name":"wp","href":"https:\/\/api.w.org\/{rel}","templated":true}]}}