{"id":142505,"date":"2026-01-14T23:52:11","date_gmt":"2026-01-14T23:52:11","guid":{"rendered":"https:\/\/www.europesays.com\/fi\/142505\/"},"modified":"2026-01-14T23:52:11","modified_gmt":"2026-01-14T23:52:11","slug":"analyysi-umk-artistit-valttelevat-israel-kantoja-yle","status":"publish","type":"post","link":"https:\/\/www.europesays.com\/fi\/142505\/","title":{"rendered":"Analyysi: UMK-artistit v\u00e4lttelev\u00e4t Israel-kantoja &#8211; Yle"},"content":{"rendered":"<ol>\n<li><a href=\"https:\/\/news.google.com\/rss\/articles\/CBMiVkFVX3lxTE82ZEdTdlgyVUtuVjM2YzhHNXJxOHVSYTJKR1NmNGJkVVJkOGFqSWcwVlNuQ2d2NEJzTm5Cd3l0Smk5LV9LUGNNaDdHVU1mSjNTX0swT1Nn?oc=5\" target=\"_blank\" rel=\"nofollow noopener\">Analyysi: UMK-artistit v\u00e4lttelev\u00e4t Israel-kantoja<\/a>&nbsp;&nbsp;Yle<\/li>\n<li><a href=\"https:\/\/news.google.com\/rss\/articles\/CBMi5wFBVV95cUxQakJmRWdLZGxYOHNNNERBTkJnN0JnSVhsellrTGJkRzRISmoxd1hyYUZDc3VGV1VRaXlxajA5V1MtX1JSV2czUTdBTUVSSFdIT3lDT2NVblA2SDM4YndiVEEyZGMtWnoyYnY3WFdtYUJvVFdkWkl1QnU0REhBWmNYVnkwTkdiX0VaSm9NdkJucGJBUldBN1g5SjFWd2pQaVJ1eTFpMHd5RkxVczZzOTRTQUItRnBmWWNhWnQtV2lBVkF6NmFCeG5QMUZWX3piRXlVVEZsMlN4eVlvZ3ZBRFVBQjBJYXpGeVU?oc=5\" target=\"_blank\" rel=\"nofollow noopener\">Presidentti Niinist\u00f6 MTV:lle: Gr\u00f6nlanti ei saa olla Naton loppu \u2013 n\u00e4in pattitilanteesta voitaisiin yritt\u00e4\u00e4 ulos<\/a>&nbsp;&nbsp;mtvuutiset.fi<\/li>\n<li><a href=\"https:\/\/news.google.com\/rss\/articles\/CBMiVkFVX3lxTE5oSGZWNW9LM3I3b2JNbFRyZHRpeGVHdGM3alo3T3EySl9FLVZnLVNLMXZMRFZNdHA4VW9Jc1ZjNFExc3dzNEZkdGpjb2FJcGphWXNxOVlB?oc=5\" target=\"_blank\" rel=\"nofollow noopener\">L\u00e4nsiliittouma on murentunut, sanoo ajatushautomo<\/a>&nbsp;&nbsp;Yle<\/li>\n<li><a href=\"https:\/\/news.google.com\/rss\/articles\/CBMi8gFBVV95cUxQenU2MENvVjZNQTVaLXBwdGZaVFRIVW1uU1BaNUpuMDFrNnhHWk5UQ0d5LVJkLWxocF9VVnRxbnhydUI4YnE5ZlVyQ0RMcExLVzgtUm1WZnlzUzdBa2gxUHV5UXB3aFhfNXhFM3BlSDg4Q0NKbXd5ZEdpMTRUOVFuZFUzSS0wX0xaUEtudEZLU0hiMDFrZEI3RnpvVnV0Nm1qZHNaVkF1QjFtTkExYXR6VG9hUkcyRmNtVlVNODFEajh4dzE4dkJZeXVNUVNFNWhqcmVmelVjVkY4QW5QdDc5MXJNcGtMSXNOeWhKTjJkYk1YQQ?oc=5\" target=\"_blank\" rel=\"nofollow noopener\">Presidentti Sauli Niinist\u00f6 on t\u00e4n\u00e4\u00e4n keskiviikkona vieraana MTV Uutisten Asian ytimess\u00e4 -ohjelman suorassa l\u00e4hetyksess\u00e4 kello 19.30.<\/a>&nbsp;&nbsp;Facebook<\/li>\n<li><a href=\"https:\/\/news.google.com\/rss\/articles\/CBMiQkFVX3lxTE0zdGl5Vy1Rci1hdEY0dWJkTVpBRXYwTm4tbzZSX3doNHVxRzdQV2d5SXkxS2hCMmhPWVpTeEM3ZUs4Zw?oc=5\" target=\"_blank\" rel=\"nofollow noopener\">IL: Niinist\u00f6 johtaa Euroopan puolustuksesta laadittavaa raporttia \u2013 ilman Yhdysvaltoja<\/a>&nbsp;&nbsp;Yle<\/li>\n<\/ol>\n","protected":false},"excerpt":{"rendered":"Analyysi: UMK-artistit v\u00e4lttelev\u00e4t Israel-kantoja&nbsp;&nbsp;Yle Presidentti Niinist\u00f6 MTV:lle: Gr\u00f6nlanti ei saa olla Naton loppu \u2013 n\u00e4in pattitilanteesta voitaisiin yritt\u00e4\u00e4&hellip;\n","protected":false},"author":2,"featured_media":142506,"comment_status":"","ping_status":"","sticky":false,"template":"","format":"standard","meta":{"footnotes":""},"categories":[132],"tags":[137,909,33,31,30,108,195,47,11821,32,906,109,1149],"class_list":{"0":"post-142505","1":"post","2":"type-post","3":"status-publish","4":"format-standard","5":"has-post-thumbnail","7":"category-musiikki","8":"tag-entertainment","9":"tag-euroviisut","10":"tag-fi","11":"tag-finland","12":"tag-finnish","13":"tag-kulttuuri","14":"tag-music","15":"tag-musiikki","16":"tag-musiikkikilpailut","17":"tag-suomi","18":"tag-umk","19":"tag-viihde","20":"tag-yle"},"share_on_mastodon":{"url":"https:\/\/pubeurope.com\/@fi\/115896145833383116","error":""},"_links":{"self":[{"href":"https:\/\/www.europesays.com\/fi\/wp-json\/wp\/v2\/posts\/142505","targetHints":{"allow":["GET"]}}],"collection":[{"href":"https:\/\/www.europesays.com\/fi\/wp-json\/wp\/v2\/posts"}],"about":[{"href":"https:\/\/www.europesays.com\/fi\/wp-json\/wp\/v2\/types\/post"}],"author":[{"embeddable":true,"href":"https:\/\/www.europesays.com\/fi\/wp-json\/wp\/v2\/users\/2"}],"replies":[{"embeddable":true,"href":"https:\/\/www.europesays.com\/fi\/wp-json\/wp\/v2\/comments?post=142505"}],"version-history":[{"count":0,"href":"https:\/\/www.europesays.com\/fi\/wp-json\/wp\/v2\/posts\/142505\/revisions"}],"wp:featuredmedia":[{"embeddable":true,"href":"https:\/\/www.europesays.com\/fi\/wp-json\/wp\/v2\/media\/142506"}],"wp:attachment":[{"href":"https:\/\/www.europesays.com\/fi\/wp-json\/wp\/v2\/media?parent=142505"}],"wp:term":[{"taxonomy":"category","embeddable":true,"href":"https:\/\/www.europesays.com\/fi\/wp-json\/wp\/v2\/categories?post=142505"},{"taxonomy":"post_tag","embeddable":true,"href":"https:\/\/www.europesays.com\/fi\/wp-json\/wp\/v2\/tags?post=142505"}],"curies":[{"name":"wp","href":"https:\/\/api.w.org\/{rel}","templated":true}]}}