{"id":142513,"date":"2026-01-15T00:00:16","date_gmt":"2026-01-15T00:00:16","guid":{"rendered":"https:\/\/www.europesays.com\/fi\/142513\/"},"modified":"2026-01-15T00:00:16","modified_gmt":"2026-01-15T00:00:16","slug":"presidentti-niinisto-mtvlla-gronlannin-tilanteesta-ei-sellaista-osannut-kukaan-kuvitella-uutissuomalainen","status":"publish","type":"post","link":"https:\/\/www.europesays.com\/fi\/142513\/","title":{"rendered":"Presidentti Niinist\u00f6 MTV:ll\u00e4 Gr\u00f6nlannin tilanteesta: Ei sellaista osannut kukaan kuvitella | Uutissuomalainen"},"content":{"rendered":"<p>Presidentti Sauli Niinist\u00f6 kommentoi Gr\u00f6nlannin tilannetta <a href=\"https:\/\/www.mtvuutiset.fi\/artikkeli\/presidentti-niinisto-arvioi-turvallisuustilannetta-mtv-lle-suora-lahetys-kello-19-30\/9281736\" rel=\"nofollow noopener\" target=\"_blank\">MTV:n uutisille<\/a> sanomalla, ettei kukaan osannut arvioida, ett\u00e4 sotilasliitto Naton p\u00e4\u00e4j\u00e4sen Yhdysvallat k\u00e4visi toisen Nato-maan kimppuun.<\/p>\n<p>\u2013\u2009Ei sellaista osannut kukaan kuvitella, Niinist\u00f6 sanoi MTV:n haastattelussa keskiviikkona.<\/p>\n<p>Vaikka Yhdysvallat p\u00e4\u00e4tt\u00e4isi edet\u00e4 Gr\u00f6nlannin osalta rajulla politiikalla, se ei Niinist\u00f6n mukaan saa tarkoittaa Naton p\u00e4\u00e4ttymist\u00e4.<\/p>\n<p>\u2013\u2009Otetaan sitten Nato eurooppalaisiin k\u00e4siin, tai pyrit\u00e4\u00e4n jollakin tavalla, mik\u00e4 voi olla kyll\u00e4 v\u00e4h\u00e4n keinotekoinen ratkaisu, kuluttamaan aikaa siin\u00e4 toivossa, ett\u00e4 Yhdysvalloissa tapahtuu muutos, Niinist\u00f6 sanoi.<\/p>\n<p>Jos Yhdysvallat hy\u00f6kk\u00e4isi Gr\u00f6nlantiin, my\u00f6s EU:n keskin\u00e4isen avunannon lauseke eli Lissabonin sopimuksen artikla 42.7 voisi Niinist\u00f6n mukaan joutua koetukselle. Gr\u00f6nlanti on Tanskalle eli EU:n j\u00e4senmaalle kuuluva itsehallintoalue.<\/p>\n<p>\u2013\u2009Silloinhan meid\u00e4n EU-j\u00e4senten pit\u00e4isi auttaa Tanskaa, ja min\u00e4 v\u00e4h\u00e4n luulen, ett\u00e4 tahtoa ei kovin paljoa kuitenkaan olisi.<\/p>\n<p>Niinist\u00f6n mukaan Euroopalla on nyt joka tapauksessa turvallisuusongelma k\u00e4siss\u00e4\u00e4n, riippumatta siit\u00e4, mit\u00e4 Gr\u00f6nlannissa tapahtuu.<\/p>\n<p>\u2013\u2009Sen verran meill\u00e4 on nyt mallia siit\u00e4, mit\u00e4 Trump ja Yhdysvallat ajattelevat.<\/p>\n","protected":false},"excerpt":{"rendered":"Presidentti Sauli Niinist\u00f6 kommentoi Gr\u00f6nlannin tilannetta MTV:n uutisille sanomalla, ettei kukaan osannut arvioida, ett\u00e4 sotilasliitto Naton p\u00e4\u00e4j\u00e4sen Yhdysvallat&hellip;\n","protected":false},"author":2,"featured_media":142514,"comment_status":"","ping_status":"","sticky":false,"template":"","format":"standard","meta":{"footnotes":""},"categories":[14],"tags":[22,23,1617,26,27,33,31,30,17,24,25,28,29,2579,15,18,21,142,637,144,32,19,20,56,4385,16,59,60,61,619],"class_list":{"0":"post-142513","1":"post","2":"type-post","3":"status-publish","4":"format-standard","5":"has-post-thumbnail","7":"category-ulkomaat","8":"tag-breaking-news","9":"tag-breakingnews","10":"tag-euroopan-unioni","11":"tag-featured-news","12":"tag-featurednews","13":"tag-fi","14":"tag-finland","15":"tag-finnish","16":"tag-headlines","17":"tag-latest-news","18":"tag-latestnews","19":"tag-main-news","20":"tag-mainnews","21":"tag-nato","22":"tag-news","23":"tag-otsikot","24":"tag-paauutiset","25":"tag-poliitikot","26":"tag-politiikka","27":"tag-presidentti","28":"tag-suomi","29":"tag-top-stories","30":"tag-topstories","31":"tag-ulkomaat","32":"tag-ulkopolitiikka-ja-kansainvalinen-politiikka","33":"tag-uutiset","34":"tag-world","35":"tag-world-news","36":"tag-worldnews","37":"tag-yhdysvallat"},"share_on_mastodon":{"url":"https:\/\/pubeurope.com\/@fi\/115896177366865259","error":""},"_links":{"self":[{"href":"https:\/\/www.europesays.com\/fi\/wp-json\/wp\/v2\/posts\/142513","targetHints":{"allow":["GET"]}}],"collection":[{"href":"https:\/\/www.europesays.com\/fi\/wp-json\/wp\/v2\/posts"}],"about":[{"href":"https:\/\/www.europesays.com\/fi\/wp-json\/wp\/v2\/types\/post"}],"author":[{"embeddable":true,"href":"https:\/\/www.europesays.com\/fi\/wp-json\/wp\/v2\/users\/2"}],"replies":[{"embeddable":true,"href":"https:\/\/www.europesays.com\/fi\/wp-json\/wp\/v2\/comments?post=142513"}],"version-history":[{"count":0,"href":"https:\/\/www.europesays.com\/fi\/wp-json\/wp\/v2\/posts\/142513\/revisions"}],"wp:featuredmedia":[{"embeddable":true,"href":"https:\/\/www.europesays.com\/fi\/wp-json\/wp\/v2\/media\/142514"}],"wp:attachment":[{"href":"https:\/\/www.europesays.com\/fi\/wp-json\/wp\/v2\/media?parent=142513"}],"wp:term":[{"taxonomy":"category","embeddable":true,"href":"https:\/\/www.europesays.com\/fi\/wp-json\/wp\/v2\/categories?post=142513"},{"taxonomy":"post_tag","embeddable":true,"href":"https:\/\/www.europesays.com\/fi\/wp-json\/wp\/v2\/tags?post=142513"}],"curies":[{"name":"wp","href":"https:\/\/api.w.org\/{rel}","templated":true}]}}