{"id":142515,"date":"2026-01-15T00:01:15","date_gmt":"2026-01-15T00:01:15","guid":{"rendered":"https:\/\/www.europesays.com\/fi\/142515\/"},"modified":"2026-01-15T00:01:15","modified_gmt":"2026-01-15T00:01:15","slug":"voimalaitoksella-tulipalon-alku-raumalla-ilta-sanomat","status":"publish","type":"post","link":"https:\/\/www.europesays.com\/fi\/142515\/","title":{"rendered":"Voimalaitoksella tulipalon alku Raumalla &#8211; Ilta-Sanomat"},"content":{"rendered":"<p>Kohdetta on tarkastettu.<\/p>\n<p>14.1. 20:59 | P\u00e4ivitetty 14.1. 21:38<\/p>\n<p class=\"article-body mb-nof-24 px-nof-16\">Pelastuslaitos sai h\u00e4lytyksen suuresta tulipalosta Rauman Tikkalantiell\u00e4 sijaitsevassa voimalaitoksessa. Pelastuslaitoksen mukana kyseess\u00e4 oli tulipalon alku.<\/p>\n<p class=\"article-body mb-nof-24 px-nof-16\">Paikalle l\u00e4hti 18 pelastuslaitoksen yksikk\u00f6\u00e4 ennen iltakahdeksaa. Kukaan ei loukkaantunut tilanteessa.<\/p>\n<p class=\"article-body mb-nof-24 px-nof-16\">Tulipalo syttyi Rauman Biovoiman biovoimalaitoksessa, joka on l\u00e4mm\u00f6n ja s\u00e4hk\u00f6n yhteistuotantolaitos.<\/p>\n<p class=\"article-body mb-nof-24 px-nof-16\">\u2013 Metalli- tai j\u00e4telavalla on ollut tulipalon alku. Ei ole selke\u00e4\u00e4 varmuutta, mist\u00e4 se on alkanut. Siell\u00e4 on saattanut olla esimerkiksi akku tai spraypullo polttoon menev\u00e4n j\u00e4tteen seassa, ja se on voinut saada alkunsa siit\u00e4, kertoo p\u00e4ivyst\u00e4v\u00e4 palomestari <a class=\"font-bold underline-offset-[0.12em] [text-decoration:var(--person-link-text-decoration)] ![text-decoration-color:var(--person-link-text-decoration-color)]\" href=\"https:\/\/www.is.fi\/haku\/?query=Mats%20Paloranta\" rel=\"nofollow noopener\" target=\"_blank\">Mats Paloranta<\/a>.<\/p>\n<p class=\"article-body mb-nof-24 px-nof-16\">H\u00e4nen mukaansa palo on saatu sammumaan, ja palava j\u00e4teaines erotellaan muusta ja siirret\u00e4\u00e4n ulos.<\/p>\n<p class=\"article-body mb-nof-24 px-nof-16\">\u2013 Se saa siell\u00e4 j\u00e4\u00e4hty\u00e4, ja muu toiminta voi jatkua voimalassa normaalisti. Savu on saatu tuuletettua, Paloranta kertoo.<\/p>\n","protected":false},"excerpt":{"rendered":"Kohdetta on tarkastettu. 14.1. 20:59 | P\u00e4ivitetty 14.1. 21:38 Pelastuslaitos sai h\u00e4lytyksen suuresta tulipalosta Rauman Tikkalantiell\u00e4 sijaitsevassa voimalaitoksessa.&hellip;\n","protected":false},"author":2,"featured_media":142516,"comment_status":"","ping_status":"","sticky":false,"template":"","format":"standard","meta":{"footnotes":""},"categories":[12],"tags":[22,23,26,27,33,31,30,17,34,24,25,28,29,15,18,21,32,19,20,16],"class_list":{"0":"post-142515","1":"post","2":"type-post","3":"status-publish","4":"format-standard","5":"has-post-thumbnail","7":"category-suomi","8":"tag-breaking-news","9":"tag-breakingnews","10":"tag-featured-news","11":"tag-featurednews","12":"tag-fi","13":"tag-finland","14":"tag-finnish","15":"tag-headlines","16":"tag-ilta-sanomat","17":"tag-latest-news","18":"tag-latestnews","19":"tag-main-news","20":"tag-mainnews","21":"tag-news","22":"tag-otsikot","23":"tag-paauutiset","24":"tag-suomi","25":"tag-top-stories","26":"tag-topstories","27":"tag-uutiset"},"share_on_mastodon":{"url":"https:\/\/pubeurope.com\/@fi\/115896181287014840","error":""},"_links":{"self":[{"href":"https:\/\/www.europesays.com\/fi\/wp-json\/wp\/v2\/posts\/142515","targetHints":{"allow":["GET"]}}],"collection":[{"href":"https:\/\/www.europesays.com\/fi\/wp-json\/wp\/v2\/posts"}],"about":[{"href":"https:\/\/www.europesays.com\/fi\/wp-json\/wp\/v2\/types\/post"}],"author":[{"embeddable":true,"href":"https:\/\/www.europesays.com\/fi\/wp-json\/wp\/v2\/users\/2"}],"replies":[{"embeddable":true,"href":"https:\/\/www.europesays.com\/fi\/wp-json\/wp\/v2\/comments?post=142515"}],"version-history":[{"count":0,"href":"https:\/\/www.europesays.com\/fi\/wp-json\/wp\/v2\/posts\/142515\/revisions"}],"wp:featuredmedia":[{"embeddable":true,"href":"https:\/\/www.europesays.com\/fi\/wp-json\/wp\/v2\/media\/142516"}],"wp:attachment":[{"href":"https:\/\/www.europesays.com\/fi\/wp-json\/wp\/v2\/media?parent=142515"}],"wp:term":[{"taxonomy":"category","embeddable":true,"href":"https:\/\/www.europesays.com\/fi\/wp-json\/wp\/v2\/categories?post=142515"},{"taxonomy":"post_tag","embeddable":true,"href":"https:\/\/www.europesays.com\/fi\/wp-json\/wp\/v2\/tags?post=142515"}],"curies":[{"name":"wp","href":"https:\/\/api.w.org\/{rel}","templated":true}]}}